{"id":8299,"date":"2017-01-04T19:13:18","date_gmt":"2017-01-04T23:13:18","guid":{"rendered":"http:\/\/delamanodemaria.com\/?p=8299"},"modified":"2017-01-05T16:20:01","modified_gmt":"2017-01-05T20:20:01","slug":"reflexion-para-el-jueves-del-tiempo-de-navidad-05-01-16","status":"publish","type":"post","link":"http:\/\/delamanodemaria.com\/?p=8299","title":{"rendered":"REFLEXI\u00d3N PARA EL JUEVES DEL TIEMPO DE NAVIDAD 05-01-17"},"content":{"rendered":"<p><img decoding=\"async\" loading=\"lazy\" class=\"alignnone size-full wp-image-6498\" src=\"http:\/\/delamanodemaria.com\/wp-content\/uploads\/2016\/01\/Felipe-y-Natanael.jpg\" alt=\"\" width=\"600\" height=\"433\" srcset=\"http:\/\/delamanodemaria.com\/wp-content\/uploads\/2016\/01\/Felipe-y-Natanael.jpg 600w, http:\/\/delamanodemaria.com\/wp-content\/uploads\/2016\/01\/Felipe-y-Natanael-300x217.jpg 300w, http:\/\/delamanodemaria.com\/wp-content\/uploads\/2016\/01\/Felipe-y-Natanael-416x300.jpg 416w\" sizes=\"(max-width: 600px) 100vw, 600px\" \/><\/p>\n<p>La liturgia contin\u00faa brind\u00e1ndonos el primer cap\u00edtulo del Evangelio seg\u00fan san Juan. Recordemos que Juan es quien \u00fanico nos narra con detalle esta vocaci\u00f3n de los primeros disc\u00edpulos, pues fue el que la vivi\u00f3. De hecho, Juan es el \u00fanico evangelista que nos presenta los tres a\u00f1os de la vida p\u00fablica de Jes\u00fas. Los sin\u00f3pticos (Mateo, Marcos y Lucas) centran su narraci\u00f3n en el \u00faltimo a\u00f1o. El pasaje de hoy (Jn 1,43-51) nos narra la vocaci\u00f3n (como hab\u00edamos dicho en reflexiones anteriores, vocaci\u00f3n quiere decir \u201cllamado\u201d) de Felipe y Natanael (a quien se llama Bartolom\u00e9 en los sin\u00f3pticos).<\/p>\n<p>La narraci\u00f3n comienza con un gesto de Jes\u00fas que reafirma su humanidad; nos dice que Jes\u00fas \u201cdetermin\u00f3\u201d (otras traducciones usan el verbo \u201cdecidi\u00f3\u201d) salir para Galilea. Un acto de voluntad muy humano, producto de escoger, decidir entre dos o m\u00e1s alternativas. Juan contin\u00faa present\u00e1ndonos el misterio de la Encarnaci\u00f3n.<\/p>\n<p>Inmediatamente se nos dice que Jes\u00fas \u201cencuentra a Felipe y le dice \u2018S\u00edgueme\u2019\u201d. Una sola palabra\u2026 La misma palabra que nos dice a nosotros d\u00eda tras d\u00eda: \u201cS\u00edgueme\u201d. Una sola palabra acompa\u00f1ada de esa mirada penetrante. De nuevo esa mirada\u2026 Cierro los ojos y trato de imagin\u00e1rmela. Imposible de resistir; no porque tenga autoridad, sino porque el Amor que transmite nos hace querer permanecer en ella por toda la eternidad. Es la mirada de Dios que nos invita a compartir ese amor con nuestros hermanos, como nos dice San Juan en la primera lectura de hoy (1 Jn 3,11-21): \u201c\u00c9ste es el mensaje que hab\u00e9is o\u00eddo desde el principio: que nos amemos unos a otros\u201d, y no \u201cde palabra y de boca, sino de verdad y con obras\u201d.<\/p>\n<p>Felipe se ha sumergido en la mirada de Dios y se ha sumergido en el Amor que transmite. Y ya no conoce otro camino que el que marcan sus pasos. Y al igual que en el pasaje inmediatamente anterior a este, en el que ve\u00edamos c\u00f3mo Andr\u00e9s, al encontrar a Jes\u00fas se lo dijo a su hermano Sim\u00f3n y lo llev\u00f3 inmediatamente ante \u00c9l, hoy se desata el mismo \u201cefecto domin\u00f3\u201d. Felipe no puede contener la alegr\u00eda de haber encontrado al Mes\u00edas, y se lo comunica a Natanael: \u201cAquel de quien escribieron Mois\u00e9s en la Ley y los profetas, lo hemos encontrado: Jes\u00fas, hijo de Jos\u00e9, de Nazaret\u201d. Trato de imaginar la alegr\u00eda reflejada en su rostro y me pregunto: Cuando yo hablo de Jes\u00fas, \u00bfse nota esa misma alegr\u00eda en mi rostro? Natanael se mostr\u00f3 esquivo, le cuestion\u00f3 si de Nazaret podr\u00eda salir algo bueno. Pero Felipe no se dio por vencido, le invit\u00f3 a seguirle para que viera por s\u00ed mismo: \u201cVen y ver\u00e1s\u201d. La certeza que proyecta el que est\u00e1 seguro de lo que dice, convencido de lo que cree. Y me pregunto una vez m\u00e1s, \u00bfmuestro yo ese mismo empe\u00f1o y celo apost\u00f3lico cuando me cuestionan si lo que yo digo de Jes\u00fas es cierto? Para ello tengo que preguntarme: \u00bfEstoy convencido de haber encontrado a mi Se\u00f1or y Salvador?<\/p>\n<p>Hace unos d\u00edas celebr\u00e1bamos el nacimiento de aqu\u00e9l Ni\u00f1o, que en la lectura de hoy vemos convertido en ese hombre que provoca estas reacciones en aquellos a quienes llama. Ese mismo nos hace una promesa si creemos en \u00c9l: \u201cYo os aseguro: ver\u00e9is el cielo abierto y a los \u00e1ngeles de Dios subir y bajar sobre el Hijo del hombre\u201d.<\/p>\n<p>Ma\u00f1ana celebraremos la Epifan\u00eda, la manifestaci\u00f3n de Dios al mundo entero. Pidamos al Se\u00f1or que nos permita convertirnos en una manifestaci\u00f3n de su poder y gloria, pero sobre todo de su Amor a todo el que se cruce en nuestro camino.<\/p>\n<div style=\"padding-bottom:20px; padding-top:10px;\" class=\"hupso-share-buttons\"><!-- Hupso Share Buttons - https:\/\/www.hupso.com\/share\/ --><a class=\"hupso_toolbar\" href=\"https:\/\/www.hupso.com\/share\/\"><img src=\"http:\/\/static.hupso.com\/share\/buttons\/lang\/es\/share-medium.png\" style=\"border:0px; padding-top: 5px; float:left;\" alt=\"Share Button\"\/><\/a><script type=\"text\/javascript\">var hupso_services_t=new Array(\"Twitter\",\"Facebook\",\"Google Plus\",\"Pinterest\",\"Linkedin\",\"Email\",\"Print\");var hupso_background_t=\"#EAF4FF\";var hupso_border_t=\"#66CCFF\";var hupso_toolbar_size_t=\"medium\";var hupso_image_folder_url = \"\";var hupso_twitter_via=\"hectorops\";var hupso_url_t=\"\";var hupso_title_t=\"REFLEXI%C3%93N%20PARA%20EL%20JUEVES%20DEL%20TIEMPO%20DE%20NAVIDAD%2005-01-17\";<\/script><script type=\"text\/javascript\" src=\"http:\/\/static.hupso.com\/share\/js\/share_toolbar.js\"><\/script><!-- Hupso Share Buttons --><\/div>","protected":false},"excerpt":{"rendered":"<p>La liturgia contin\u00faa brind\u00e1ndonos el primer cap\u00edtulo del Evangelio seg\u00fan san Juan. Recordemos que Juan es quien \u00fanico nos narra con detalle esta vocaci\u00f3n de los primeros disc\u00edpulos, pues fue el que la vivi\u00f3. De hecho, Juan es el \u00fanico &hellip; <a href=\"http:\/\/delamanodemaria.com\/?p=8299\">Continue reading <span class=\"meta-nav\">&rarr;<\/span><\/a><\/p>\n<div style=\"padding-bottom:20px; padding-top:10px;\" class=\"hupso-share-buttons\"><!-- Hupso Share Buttons - https:\/\/www.hupso.com\/share\/ --><a class=\"hupso_toolbar\" href=\"https:\/\/www.hupso.com\/share\/\"><img src=\"http:\/\/static.hupso.com\/share\/buttons\/lang\/es\/share-medium.png\" style=\"border:0px; padding-top: 5px; float:left;\" alt=\"Share Button\"\/><\/a><script type=\"text\/javascript\">var hupso_services_t=new Array(\"Twitter\",\"Facebook\",\"Google Plus\",\"Pinterest\",\"Linkedin\",\"Email\",\"Print\");var hupso_background_t=\"#EAF4FF\";var hupso_border_t=\"#66CCFF\";var hupso_toolbar_size_t=\"medium\";var hupso_image_folder_url = \"\";var hupso_twitter_via=\"hectorops\";var hupso_url_t=\"\";var hupso_title_t=\"REFLEXI%C3%93N%20PARA%20EL%20JUEVES%20DEL%20TIEMPO%20DE%20NAVIDAD%2005-01-17\";<\/script><script type=\"text\/javascript\" src=\"http:\/\/static.hupso.com\/share\/js\/share_toolbar.js\"><\/script><!-- Hupso Share Buttons --><\/div>","protected":false},"author":1,"featured_media":0,"comment_status":"open","ping_status":"open","sticky":false,"template":"","format":"standard","meta":{"jetpack_post_was_ever_published":false,"_jetpack_newsletter_access":"","_jetpack_newsletter_tier_id":0,"jetpack_publicize_message":"","jetpack_is_tweetstorm":false,"jetpack_publicize_feature_enabled":true,"jetpack_social_post_already_shared":true,"jetpack_social_options":{"image_generator_settings":{"template":"highway","enabled":false}}},"categories":[1],"tags":[30,266,44,1763,200,1648,13,1762,428,1081,2,394,1694,916,754,1750],"jetpack_publicize_connections":[],"jetpack_featured_media_url":"","jetpack_shortlink":"https:\/\/wp.me\/p3bBgS-29R","jetpack_sharing_enabled":true,"jetpack_likes_enabled":true,"_links":{"self":[{"href":"http:\/\/delamanodemaria.com\/index.php?rest_route=\/wp\/v2\/posts\/8299"}],"collection":[{"href":"http:\/\/delamanodemaria.com\/index.php?rest_route=\/wp\/v2\/posts"}],"about":[{"href":"http:\/\/delamanodemaria.com\/index.php?rest_route=\/wp\/v2\/types\/post"}],"author":[{"embeddable":true,"href":"http:\/\/delamanodemaria.com\/index.php?rest_route=\/wp\/v2\/users\/1"}],"replies":[{"embeddable":true,"href":"http:\/\/delamanodemaria.com\/index.php?rest_route=%2Fwp%2Fv2%2Fcomments&post=8299"}],"version-history":[{"count":5,"href":"http:\/\/delamanodemaria.com\/index.php?rest_route=\/wp\/v2\/posts\/8299\/revisions"}],"predecessor-version":[{"id":8311,"href":"http:\/\/delamanodemaria.com\/index.php?rest_route=\/wp\/v2\/posts\/8299\/revisions\/8311"}],"wp:attachment":[{"href":"http:\/\/delamanodemaria.com\/index.php?rest_route=%2Fwp%2Fv2%2Fmedia&parent=8299"}],"wp:term":[{"taxonomy":"category","embeddable":true,"href":"http:\/\/delamanodemaria.com\/index.php?rest_route=%2Fwp%2Fv2%2Fcategories&post=8299"},{"taxonomy":"post_tag","embeddable":true,"href":"http:\/\/delamanodemaria.com\/index.php?rest_route=%2Fwp%2Fv2%2Ftags&post=8299"}],"curies":[{"name":"wp","href":"https:\/\/api.w.org\/{rel}","templated":true}]}}