{"id":8353,"date":"2017-01-12T14:00:16","date_gmt":"2017-01-12T18:00:16","guid":{"rendered":"http:\/\/delamanodemaria.com\/?p=8353"},"modified":"2017-01-12T14:00:56","modified_gmt":"2017-01-12T18:00:56","slug":"cuando-comienza-la-cuaresma-en-el-2017","status":"publish","type":"post","link":"http:\/\/delamanodemaria.com\/?p=8353","title":{"rendered":"\u00bfCU\u00c1NDO COMIENZA LA CUARESMA EN EL 2017?"},"content":{"rendered":"<p><img decoding=\"async\" loading=\"lazy\" class=\"alignnone size-full wp-image-8354\" src=\"http:\/\/delamanodemaria.com\/wp-content\/uploads\/2017\/01\/cuaresma.jpg\" alt=\"\" width=\"598\" height=\"450\" srcset=\"http:\/\/delamanodemaria.com\/wp-content\/uploads\/2017\/01\/cuaresma.jpg 598w, http:\/\/delamanodemaria.com\/wp-content\/uploads\/2017\/01\/cuaresma-300x226.jpg 300w, http:\/\/delamanodemaria.com\/wp-content\/uploads\/2017\/01\/cuaresma-399x300.jpg 399w\" sizes=\"(max-width: 598px) 100vw, 598px\" \/><\/p>\n<p>Como este a\u00f1o el tiempo entre la Epifan\u00eda y el comienzo del Tiempo Ordinario fue tan corto, varios hermanos me han preguntado cu\u00e1ndo comienza la Cuaresma. Aqu\u00ed la contestaci\u00f3n, tomada de\u00a0<a href=\"http:\/\/www.cuandopasa.com\/index.php?v=v23574d\" target=\"_blank\">http:\/\/www.cuandopasa.com\/index.php?v=v23574d<\/a>, y corroborada en el calendario lit\u00fargico-pastoral de mi Arquidi\u00f3cesis (recuerden que no todo lo que dice la <em>internet<\/em> necesariamente es cierto):<\/p>\n<p>La Cuaresma del a\u00f1o 2017 tiene lugar del 1 de Marzo al 13 de Abril. El <b>tiempo de Cuaresma<\/b> es un periodo del calendario lit\u00fargico que comienza el <a class=\"t15x\" href=\"http:\/\/www.cuandopasa.com\/index.php?v=v6342h\">Mi\u00e9rcoles de Ceniza<\/a> a las 12:00 y finaliza el <a class=\"t15x\" href=\"http:\/\/www.cuandopasa.com\/index.php?v=v14102a\">Jueves Santo<\/a> sobre las 15:00 (la hora nona) con la <em>misa vespertina<\/em>. Son unos d\u00edas de \u201cayuno\u201d y penitencia donde se excluyen los domingos, por ser d\u00edas de fiesta.<\/p>\n<p>La Cuaresma tiene cinco domingos m\u00e1s el <a class=\"t15x\" href=\"http:\/\/www.cuandopasa.com\/index.php?v=v6309a\">Domingo de Ramos<\/a>, en cuyas lecturas los temas de la conversi\u00f3n, el pecado, la penitencia y el perd\u00f3n, son dominantes. No es un tiempo triste, sino m\u00e1s bien meditativo y recogido. Es, por excelencia, el tiempo de conversi\u00f3n y penitencia del a\u00f1o lit\u00fargico.<\/p>\n<p>\u2022 Primer Domingo de Cuaresma: 5 de Marzo de 2017<\/p>\n<p>\u2022 Segundo Domingo de Cuaresma: 12 de Marzo de 2017<\/p>\n<p>\u2022 Tercer Domingo de Cuaresma: 19 de Marzo de 2017<\/p>\n<p>\u2022 Cuarto Domingo de Cuaresma: 26 de Marzo de 2017<\/p>\n<p>\u2022 Quinto Domingo de Cuaresma: 2 de Abril de 2017<\/p>\n<p>\u2022 Domingo de Ramos: 9 de Abril de 2017<\/p>\n<p>La cuaresma del lat\u00edn \u201cquadrag\u00e9sima\u201d es el \u201ccuadrag\u00e9simo d\u00eda antes de la pascua\u201d. Son 40 d\u00edas de preparaci\u00f3n para la gran fiesta de la Pascua. Es tiempo para arrepentirnos de nuestros pecados, y de cambiar algo de nosotros para ser mejores y poder vivir m\u00e1s cerca de Cristo. La duraci\u00f3n de cuarenta d\u00edas simboliza la prueba de Jes\u00fas al permanecer justo 40 d\u00edas en el desierto, antes de su misi\u00f3n p\u00fablica. Hoy en d\u00eda la pr\u00e1ctica del \u201cayuno\u201d consiste m\u00e1s que en la privaci\u00f3n de comer carne en un esp\u00edritu penitencial, de conversi\u00f3n y de oraci\u00f3n. Aun as\u00ed la abstinencia en la ingesta de carne es una tradici\u00f3n muy seguida entre los cristianos, sobre todo en las iglesias de Oriente.<\/p>\n<div style=\"padding-bottom:20px; padding-top:10px;\" class=\"hupso-share-buttons\"><!-- Hupso Share Buttons - https:\/\/www.hupso.com\/share\/ --><a class=\"hupso_toolbar\" href=\"https:\/\/www.hupso.com\/share\/\"><img src=\"http:\/\/static.hupso.com\/share\/buttons\/lang\/es\/share-medium.png\" style=\"border:0px; padding-top: 5px; float:left;\" alt=\"Share Button\"\/><\/a><script type=\"text\/javascript\">var hupso_services_t=new Array(\"Twitter\",\"Facebook\",\"Google Plus\",\"Pinterest\",\"Linkedin\",\"Email\",\"Print\");var hupso_background_t=\"#EAF4FF\";var hupso_border_t=\"#66CCFF\";var hupso_toolbar_size_t=\"medium\";var hupso_image_folder_url = \"\";var hupso_twitter_via=\"hectorops\";var hupso_url_t=\"\";var hupso_title_t=\"%C2%BFCU%C3%81NDO%20COMIENZA%20LA%20CUARESMA%20EN%20EL%202017%3F\";<\/script><script type=\"text\/javascript\" src=\"http:\/\/static.hupso.com\/share\/js\/share_toolbar.js\"><\/script><!-- Hupso Share Buttons --><\/div>","protected":false},"excerpt":{"rendered":"<p>Como este a\u00f1o el tiempo entre la Epifan\u00eda y el comienzo del Tiempo Ordinario fue tan corto, varios hermanos me han preguntado cu\u00e1ndo comienza la Cuaresma. Aqu\u00ed la contestaci\u00f3n, tomada de\u00a0http:\/\/www.cuandopasa.com\/index.php?v=v23574d, y corroborada en el calendario lit\u00fargico-pastoral de mi Arquidi\u00f3cesis &hellip; <a href=\"http:\/\/delamanodemaria.com\/?p=8353\">Continue reading <span class=\"meta-nav\">&rarr;<\/span><\/a><\/p>\n<div style=\"padding-bottom:20px; padding-top:10px;\" class=\"hupso-share-buttons\"><!-- Hupso Share Buttons - https:\/\/www.hupso.com\/share\/ --><a class=\"hupso_toolbar\" href=\"https:\/\/www.hupso.com\/share\/\"><img src=\"http:\/\/static.hupso.com\/share\/buttons\/lang\/es\/share-medium.png\" style=\"border:0px; padding-top: 5px; float:left;\" alt=\"Share Button\"\/><\/a><script type=\"text\/javascript\">var hupso_services_t=new Array(\"Twitter\",\"Facebook\",\"Google Plus\",\"Pinterest\",\"Linkedin\",\"Email\",\"Print\");var hupso_background_t=\"#EAF4FF\";var hupso_border_t=\"#66CCFF\";var hupso_toolbar_size_t=\"medium\";var hupso_image_folder_url = \"\";var hupso_twitter_via=\"hectorops\";var hupso_url_t=\"\";var hupso_title_t=\"%C2%BFCU%C3%81NDO%20COMIENZA%20LA%20CUARESMA%20EN%20EL%202017%3F\";<\/script><script type=\"text\/javascript\" src=\"http:\/\/static.hupso.com\/share\/js\/share_toolbar.js\"><\/script><!-- Hupso Share Buttons --><\/div>","protected":false},"author":1,"featured_media":0,"comment_status":"open","ping_status":"open","sticky":false,"template":"","format":"standard","meta":{"jetpack_post_was_ever_published":false,"_jetpack_newsletter_access":"","_jetpack_newsletter_tier_id":0,"jetpack_publicize_message":"","jetpack_is_tweetstorm":false,"jetpack_publicize_feature_enabled":true,"jetpack_social_post_already_shared":true,"jetpack_social_options":{"image_generator_settings":{"template":"highway","enabled":false}}},"categories":[1],"tags":[1689,1778,96,1779],"jetpack_publicize_connections":[],"jetpack_featured_media_url":"","jetpack_shortlink":"https:\/\/wp.me\/p3bBgS-2aJ","jetpack_sharing_enabled":true,"jetpack_likes_enabled":true,"_links":{"self":[{"href":"http:\/\/delamanodemaria.com\/index.php?rest_route=\/wp\/v2\/posts\/8353"}],"collection":[{"href":"http:\/\/delamanodemaria.com\/index.php?rest_route=\/wp\/v2\/posts"}],"about":[{"href":"http:\/\/delamanodemaria.com\/index.php?rest_route=\/wp\/v2\/types\/post"}],"author":[{"embeddable":true,"href":"http:\/\/delamanodemaria.com\/index.php?rest_route=\/wp\/v2\/users\/1"}],"replies":[{"embeddable":true,"href":"http:\/\/delamanodemaria.com\/index.php?rest_route=%2Fwp%2Fv2%2Fcomments&post=8353"}],"version-history":[{"count":1,"href":"http:\/\/delamanodemaria.com\/index.php?rest_route=\/wp\/v2\/posts\/8353\/revisions"}],"predecessor-version":[{"id":8355,"href":"http:\/\/delamanodemaria.com\/index.php?rest_route=\/wp\/v2\/posts\/8353\/revisions\/8355"}],"wp:attachment":[{"href":"http:\/\/delamanodemaria.com\/index.php?rest_route=%2Fwp%2Fv2%2Fmedia&parent=8353"}],"wp:term":[{"taxonomy":"category","embeddable":true,"href":"http:\/\/delamanodemaria.com\/index.php?rest_route=%2Fwp%2Fv2%2Fcategories&post=8353"},{"taxonomy":"post_tag","embeddable":true,"href":"http:\/\/delamanodemaria.com\/index.php?rest_route=%2Fwp%2Fv2%2Ftags&post=8353"}],"curies":[{"name":"wp","href":"https:\/\/api.w.org\/{rel}","templated":true}]}}