{"id":8407,"date":"2017-01-31T21:36:24","date_gmt":"2017-02-01T01:36:24","guid":{"rendered":"http:\/\/delamanodemaria.com\/?p=8407"},"modified":"2017-01-31T21:36:24","modified_gmt":"2017-02-01T01:36:24","slug":"reflexion-para-el-miercoles-de-la-cuarta-semana-del-t-o-1-01-02-17","status":"publish","type":"post","link":"http:\/\/delamanodemaria.com\/?p=8407","title":{"rendered":"REFLEXI\u00d3N PARA EL MI\u00c9RCOLES DE LA CUARTA SEMANA DEL T.O. (1) 01-02-17"},"content":{"rendered":"<p><img decoding=\"async\" loading=\"lazy\" class=\"size-full wp-image-2935 aligncenter\" src=\"http:\/\/delamanodemaria.com\/wp-content\/uploads\/2014\/02\/Mc-61-6.jpg\" alt=\"\" width=\"585\" height=\"476\" srcset=\"http:\/\/delamanodemaria.com\/wp-content\/uploads\/2014\/02\/Mc-61-6.jpg 585w, http:\/\/delamanodemaria.com\/wp-content\/uploads\/2014\/02\/Mc-61-6-300x244.jpg 300w, http:\/\/delamanodemaria.com\/wp-content\/uploads\/2014\/02\/Mc-61-6-368x300.jpg 368w\" sizes=\"(max-width: 585px) 100vw, 585px\" \/><\/p>\n<p>\u201cVino a los suyos, y los suyos no le recibieron\u201d (Jn 1,11). Este vers\u00edculo, tomado del pr\u00f3logo del Evangelio seg\u00fan san Juan, resume lo ocurrido en el pasaje evang\u00e9lico que nos brinda la liturgia para hoy (Mc 6,1-6).<\/p>\n<p>Jes\u00fas regresa a su pueblo de Nazaret y, cuando lleg\u00f3 el s\u00e1bado, empez\u00f3 a ense\u00f1ar en la sinagoga. Era costumbre que se asignara la responsabilidad de pronunciar la homil\u00eda a un var\u00f3n de la comunidad. Jes\u00fas, que se hab\u00eda marchado de Nazaret regresa de visita, y las noticias de su fama, y sobre todo sus milagros, han llegado a o\u00eddos de sus antiguos vecinos. El pasaje no nos dice qu\u00e9 les dijo Jes\u00fas en su ense\u00f1anza, pero lo que fuera les dej\u00f3 asombrados: \u201c\u00bfDe d\u00f3nde saca todo eso? \u00bfQu\u00e9 sabidur\u00eda es \u00e9sa que le han ense\u00f1ado? \u00bfY esos milagros de sus manos? \u00bfNo es \u00e9ste el carpintero, el hijo de Mar\u00eda, hermano de Santiago y Jos\u00e9 y Judas y Sim\u00f3n? Y sus hermanas \u00bfno viven con nosotros aqu\u00ed?\u201d<\/p>\n<p>Ignoraron el mensaje y fijaron su atenci\u00f3n en el mensajero. Para los jud\u00edos Dios era un ser distante, terrible, inalcanzable. Y el Mes\u00edas esperado hab\u00eda de ser una persona rodeada de esplendor, de majestad. No pod\u00edan concebir que aqu\u00e9l que hab\u00eda sido su vecino, que hab\u00eda compartido su vida cotidiana con ellos durante treinta a\u00f1os, fuera el Mes\u00edas esperado, y mucho menos que fuera el Hijo de Dios, Dios encarnado. \u201cY esto les resultaba escandaloso\u201d.<\/p>\n<p>Una vez m\u00e1s vemos a Marcos enfatizando la importancia de la fe: \u201cNo pudo hacer all\u00ed ning\u00fan milagro, s\u00f3lo cur\u00f3 algunos enfermos imponi\u00e9ndoles las manos. Y se extra\u00f1\u00f3 de su falta de fe\u201d. No es que Jes\u00fas \u201cnecesite\u201d de nuestra fe para obrar milagros, no se trata de una \u201ccondici\u00f3n\u201d; \u00c9l es omnipotente, no necesita de nadie. Pero la fe es necesaria para para recibir el milagro en nuestras vidas.<\/p>\n<p>Jes\u00fas \u201cse extra\u00f1\u00f3 de su falta de fe\u201d. Muchas veces, en nuestra labor apost\u00f3lica nos frustramos, nos extra\u00f1amos, y hasta nos escandalizamos ante la falta de fe que encontramos en aquellos a quienes llevamos la Buena Noticia del Reino. Este pasaje nos debe servir de consuelo y, a la vez, de est\u00edmulo para seguir adelante. Vemos a Jes\u00fas, la segunda persona de la Sant\u00edsima Trinidad, Dios encarnado, predicando Su Palabra, \u00a1y no le hicieron caso!, ignoraron su mensaje. Cuando nos enfrentemos a una situaci\u00f3n similar, hagamos como Jes\u00fas, que continu\u00f3 \u201crecorriendo los pueblos de alrededor ense\u00f1ando\u201d. Como \u00c9l dir\u00e1 a sus disc\u00edpulos en el Evangelio de ma\u00f1ana: \u201cSi no los reciben en un lugar y la gente no los escucha, al salir de all\u00ed, sacudan hasta el polvo de sus pies, en testimonio contra ellos\u201d (Mc 6,11).<\/p>\n<p>Estamos llamados a sembrar la semilla del Reino, pero tenemos que estar conscientes que esta no siempre caer\u00e1 en terreno f\u00e9rtil (Mc 4,3-9; Lc 8,4-8; Mt 13,1-9). Jes\u00fas nos invita a no desanimarnos, porque muchos de los que escuchan nuestro mensaje \u201cmiran y no ven, oyen y no escuchan ni entienden\u201d (Mt 13,13; <em>cfr<\/em>. Is 6,9).<\/p>\n<p>Jes\u00fas nos est\u00e1 invitando a seguirle. Muchas veces preferimos la recepci\u00f3n c\u00e1lida de nuestra predicaci\u00f3n por parte de un grupo de \u201clos nuestros\u201d antes que enfrentar el rechazo o la burla de los no creyentes. El papa Francisco nos invita a salir a la calle, a la periferia, a misionar en nuestra propia tierra. Nadie dijo que era f\u00e1cil. \u00a1Atr\u00e9vete!<\/p>\n<div style=\"padding-bottom:20px; padding-top:10px;\" class=\"hupso-share-buttons\"><!-- Hupso Share Buttons - https:\/\/www.hupso.com\/share\/ --><a class=\"hupso_toolbar\" href=\"https:\/\/www.hupso.com\/share\/\"><img src=\"http:\/\/static.hupso.com\/share\/buttons\/lang\/es\/share-medium.png\" style=\"border:0px; padding-top: 5px; float:left;\" alt=\"Share Button\"\/><\/a><script type=\"text\/javascript\">var hupso_services_t=new Array(\"Twitter\",\"Facebook\",\"Google Plus\",\"Pinterest\",\"Linkedin\",\"Email\",\"Print\");var hupso_background_t=\"#EAF4FF\";var hupso_border_t=\"#66CCFF\";var hupso_toolbar_size_t=\"medium\";var hupso_image_folder_url = \"\";var hupso_twitter_via=\"hectorops\";var hupso_url_t=\"\";var hupso_title_t=\"REFLEXI%C3%93N%20PARA%20EL%20MI%C3%89RCOLES%20DE%20LA%20CUARTA%20SEMANA%20DEL%20T.O.%20%281%29%2001-02-17\";<\/script><script type=\"text\/javascript\" src=\"http:\/\/static.hupso.com\/share\/js\/share_toolbar.js\"><\/script><!-- Hupso Share Buttons --><\/div>","protected":false},"excerpt":{"rendered":"<p>\u201cVino a los suyos, y los suyos no le recibieron\u201d (Jn 1,11). Este vers\u00edculo, tomado del pr\u00f3logo del Evangelio seg\u00fan san Juan, resume lo ocurrido en el pasaje evang\u00e9lico que nos brinda la liturgia para hoy (Mc 6,1-6). Jes\u00fas regresa &hellip; <a href=\"http:\/\/delamanodemaria.com\/?p=8407\">Continue reading <span class=\"meta-nav\">&rarr;<\/span><\/a><\/p>\n<div style=\"padding-bottom:20px; padding-top:10px;\" class=\"hupso-share-buttons\"><!-- Hupso Share Buttons - https:\/\/www.hupso.com\/share\/ --><a class=\"hupso_toolbar\" href=\"https:\/\/www.hupso.com\/share\/\"><img src=\"http:\/\/static.hupso.com\/share\/buttons\/lang\/es\/share-medium.png\" style=\"border:0px; padding-top: 5px; float:left;\" alt=\"Share Button\"\/><\/a><script type=\"text\/javascript\">var hupso_services_t=new Array(\"Twitter\",\"Facebook\",\"Google Plus\",\"Pinterest\",\"Linkedin\",\"Email\",\"Print\");var hupso_background_t=\"#EAF4FF\";var hupso_border_t=\"#66CCFF\";var hupso_toolbar_size_t=\"medium\";var hupso_image_folder_url = \"\";var hupso_twitter_via=\"hectorops\";var hupso_url_t=\"\";var hupso_title_t=\"REFLEXI%C3%93N%20PARA%20EL%20MI%C3%89RCOLES%20DE%20LA%20CUARTA%20SEMANA%20DEL%20T.O.%20%281%29%2001-02-17\";<\/script><script type=\"text\/javascript\" src=\"http:\/\/static.hupso.com\/share\/js\/share_toolbar.js\"><\/script><!-- Hupso Share Buttons --><\/div>","protected":false},"author":1,"featured_media":0,"comment_status":"open","ping_status":"open","sticky":false,"template":"","format":"standard","meta":{"jetpack_post_was_ever_published":false,"_jetpack_newsletter_access":"","_jetpack_newsletter_tier_id":0,"jetpack_publicize_message":"","jetpack_is_tweetstorm":false,"jetpack_publicize_feature_enabled":true,"jetpack_social_post_already_shared":true,"jetpack_social_options":{"image_generator_settings":{"template":"highway","enabled":false}}},"categories":[1],"tags":[105,1170,767,1793,96,22,1509,49,238,781,760,2,97,270,722],"jetpack_publicize_connections":[],"jetpack_featured_media_url":"","jetpack_shortlink":"https:\/\/wp.me\/p3bBgS-2bB","jetpack_sharing_enabled":true,"jetpack_likes_enabled":true,"_links":{"self":[{"href":"http:\/\/delamanodemaria.com\/index.php?rest_route=\/wp\/v2\/posts\/8407"}],"collection":[{"href":"http:\/\/delamanodemaria.com\/index.php?rest_route=\/wp\/v2\/posts"}],"about":[{"href":"http:\/\/delamanodemaria.com\/index.php?rest_route=\/wp\/v2\/types\/post"}],"author":[{"embeddable":true,"href":"http:\/\/delamanodemaria.com\/index.php?rest_route=\/wp\/v2\/users\/1"}],"replies":[{"embeddable":true,"href":"http:\/\/delamanodemaria.com\/index.php?rest_route=%2Fwp%2Fv2%2Fcomments&post=8407"}],"version-history":[{"count":3,"href":"http:\/\/delamanodemaria.com\/index.php?rest_route=\/wp\/v2\/posts\/8407\/revisions"}],"predecessor-version":[{"id":8411,"href":"http:\/\/delamanodemaria.com\/index.php?rest_route=\/wp\/v2\/posts\/8407\/revisions\/8411"}],"wp:attachment":[{"href":"http:\/\/delamanodemaria.com\/index.php?rest_route=%2Fwp%2Fv2%2Fmedia&parent=8407"}],"wp:term":[{"taxonomy":"category","embeddable":true,"href":"http:\/\/delamanodemaria.com\/index.php?rest_route=%2Fwp%2Fv2%2Fcategories&post=8407"},{"taxonomy":"post_tag","embeddable":true,"href":"http:\/\/delamanodemaria.com\/index.php?rest_route=%2Fwp%2Fv2%2Ftags&post=8407"}],"curies":[{"name":"wp","href":"https:\/\/api.w.org\/{rel}","templated":true}]}}