{"id":8461,"date":"2017-02-12T21:42:01","date_gmt":"2017-02-13T01:42:01","guid":{"rendered":"http:\/\/delamanodemaria.com\/?p=8461"},"modified":"2017-02-12T21:42:01","modified_gmt":"2017-02-13T01:42:01","slug":"por-que-es-importante-ir-a-misa-los-domingos-el-papa-francisco-te-explica","status":"publish","type":"post","link":"http:\/\/delamanodemaria.com\/?p=8461","title":{"rendered":"\u00bfPor qu\u00e9 es importante ir a Misa los domingos? El Papa Francisco te explica"},"content":{"rendered":"<p><img decoding=\"async\" loading=\"lazy\" class=\"alignnone size-full wp-image-4601\" src=\"http:\/\/delamanodemaria.com\/wp-content\/uploads\/2014\/12\/papa-francisco-consagracion.jpg\" alt=\"\" width=\"584\" height=\"329\" srcset=\"http:\/\/delamanodemaria.com\/wp-content\/uploads\/2014\/12\/papa-francisco-consagracion.jpg 584w, http:\/\/delamanodemaria.com\/wp-content\/uploads\/2014\/12\/papa-francisco-consagracion-300x169.jpg 300w, http:\/\/delamanodemaria.com\/wp-content\/uploads\/2014\/12\/papa-francisco-consagracion-500x281.jpg 500w\" sizes=\"(max-width: 584px) 100vw, 584px\" \/><\/p>\n<p>Muchos de nosotros asistimos a la Santa Misa, sin realmente tener un conocimiento pleno de las gracias que all\u00ed estamos recibiendo. A continuaci\u00f3n la catequesis completa del Papa Francisco, que nos puede ayudar y orientar sobre este tema:<\/p>\n<p>Queridos hermanos y hermanas buenos d\u00edas\u2026 Buen d\u00eda, pero no buena jornada, \u00bfeh? Est\u00e1 un poco fea.<\/p>\n<p><strong>Les hablar\u00e9 de la Eucarist\u00eda.<\/strong><\/p>\n<p>La Eucarist\u00eda se coloca en el coraz\u00f3n de la \u201ciniciaci\u00f3n cristiana\u201d, junto al Bautismo y a la Confirmaci\u00f3n, y constituye la fuente de la vida misma de la Iglesia. De este Sacramento del amor, de hecho, nace todo aut\u00e9ntico camino de fe, de comuni\u00f3n y de testimonio.<\/p>\n<p>Lo que vemos cuando nos reunimos para celebrar la Eucarist\u00eda, la Misa, nos hace ya intuir qu\u00e9 cosa estamos por vivir. En el centro del espacio destinado a la celebraci\u00f3n se encuentra el altar, que es una mesa cubierta por un mantel y esto nos hace pensar en un banquete.<\/p>\n<p>Sobre la mesa hay una cruz, que indica que sobre aquel altar se ofrece el sacrificio de Cristo: es \u00c9l el alimento espiritual que all\u00ed se recibe, bajo el signo del pan y del vino. Junto a la mesa est\u00e1 el amb\u00f3n, es decir, el lugar desde el cual se proclama la Palabra de Dios: y esto indica que all\u00ed nos reunimos para escuchar al Se\u00f1or que habla mediante las Sagradas Escrituras y, por lo tanto, el alimento que se recibe es tambi\u00e9n su Palabra.<\/p>\n<p><strong>Palabra y Pan en la Misa se hacen una misma cosa,<\/strong> como en la \u00faltima Cena, cuando todas las palabras de Jes\u00fas, todos los signos que hab\u00eda hecho, se condensaron en el gesto de partir el pan y ofrecer el c\u00e1liz, anticipaci\u00f3n del sacrificio de la cruz, y en aquellas palabras: \u201cTomen, coman, este es mi cuerpo\u2026tomen, beban, esta es mi sangre\u201d.<\/p>\n<p>El gesto de Jes\u00fas cumplido en la \u00daltima Cena es el extremo agradecimiento al Padre por su amor, por su misericordia. \u201cAgradecimiento\u201d en griego se dice \u201ceucarist\u00eda\u201d. Y por esto el sacramento se llama Eucarist\u00eda: es el supremo agradecimiento al Padre que nos ha amado tanto hasta darnos a su Hijo por amor. He aqu\u00ed por qu\u00e9 el t\u00e9rmino Eucarist\u00eda resume todo aquel gesto, que es gesto de Dios y del hombre juntos, gesto de Jesucristo, verdadero Dios y verdadero hombre.<\/p>\n<p><strong>La celebraci\u00f3n eucar\u00edstica es mucho m\u00e1s de un simple banquete<\/strong><\/p>\n<p>Es propiamente el memorial de la Pascua de Jes\u00fas, el misterio central de la salvaci\u00f3n. \u201cMemorial\u201d no significa s\u00f3lo un recuerdo, un simple recuerdo, sino que quiere decir que cada vez que celebramos este Sacramento participamos en el misterio de la pasi\u00f3n, muerte y resurrecci\u00f3n de Cristo.<\/p>\n<p><strong>La Eucarist\u00eda constituye el v\u00e9rtice de la acci\u00f3n de salvaci\u00f3n de Dios:<\/strong> el Se\u00f1or Jes\u00fas, haci\u00e9ndose pan partido para nosotros, vierte, en efecto, sobre nosotros toda su misericordia y su amor, tanto que renueva nuestro coraz\u00f3n, nuestra existencia y nuestro modo de relacionarnos con \u00c9l y con los hermanos.<\/p>\n<p>Es por esto que normalmente, cuando nos acercamos a este Sacramento, se dice que se \u201crecibe la Comuni\u00f3n\u201d, que se \u201chace la Comuni\u00f3n\u201d: esto significa que en la potencia del Esp\u00edritu Santo, la participaci\u00f3n en la mesa eucar\u00edstica nos conforma en modo \u00fanico y profundo a Cristo, haci\u00e9ndonos pregustar ahora ya la plena comuni\u00f3n con el Padre que caracterizar\u00e1 el banquete celeste, donde, con todos los Santos, tendremos la gloria de contemplar a Dios cara a cara.<\/p>\n<p><strong>\u00bfPor qu\u00e9 vamos a Misa los domingos?<\/strong><\/p>\n<p>Queridos amigos, \u00a1no agradeceremos nunca suficientemente al Se\u00f1or por el don que nos ha hecho con la Eucarist\u00eda! Es un don muy grande. Y por esto es tan importante ir a misa el domingo, ir a misa no s\u00f3lo para rezar, sino para recibir la comuni\u00f3n, este Pan que es el Cuerpo de Jesucristo y que <strong>nos salva, nos perdona, nos une al Padre<\/strong>. \u00a1Es hermoso hacer esto! Y todos los domingos<strong> vamos a misa porque es el d\u00eda de la resurrecci\u00f3n del Se\u00f1or<\/strong>, por eso el domingo es tan importante para nosotros.<\/p>\n<p>Y con la Eucarist\u00eda sentimos esta pertenencia a la Iglesia, al Pueblo de Dios, al Cuerpo de Dios, a Jesucristo. Y no terminaremos nunca de captar todo el valor y la riqueza. Pid\u00e1mosle, entonces, que este Sacramento pueda continuar a mantener viva en la Iglesia su presencia y a plasmar nuestras comunidades en la caridad y en la comuni\u00f3n, seg\u00fan el coraz\u00f3n del Padre.<\/p>\n<p>Y esto se hace durante toda la vida. Y se empieza a hacer el d\u00eda de la primera comuni\u00f3n. Es importante, que los ni\u00f1os se preparen bien a la primera comuni\u00f3n y que ning\u00fan ni\u00f1o deje de hacerla porque es el primer paso de esta pertenencia a Jesucristo, fuerte, fuerte despu\u00e9s del Bautismo y de la Confirmaci\u00f3n. Gracias.<\/p>\n<p>&#8211;<br \/>\nRedacci\u00f3n: <a href=\"http:\/\/www.pildorasdefe.net\/\" target=\"_blank\">PildorasdeFe.net<\/a> | Catequesis del Papa Francisco del 05 de Febrero de 2014<\/p>\n<p>Tomado de: <a href=\"https:\/\/www.pildorasdefe.net\/aprender\/fe\/Por-que-es-importante-ir-a-Misa-los-domingos-El-Papa-Francisco-nos-explica\" target=\"_blank\">https:\/\/www.pildorasdefe.net\/aprender\/fe\/Por-que-es-importante-ir-a-Misa-los-domingos-El-Papa-Francisco-nos-explica<\/a><\/p>\n<div style=\"padding-bottom:20px; padding-top:10px;\" class=\"hupso-share-buttons\"><!-- Hupso Share Buttons - https:\/\/www.hupso.com\/share\/ --><a class=\"hupso_toolbar\" href=\"https:\/\/www.hupso.com\/share\/\"><img src=\"http:\/\/static.hupso.com\/share\/buttons\/lang\/es\/share-medium.png\" style=\"border:0px; padding-top: 5px; float:left;\" alt=\"Share Button\"\/><\/a><script type=\"text\/javascript\">var hupso_services_t=new Array(\"Twitter\",\"Facebook\",\"Google Plus\",\"Pinterest\",\"Linkedin\",\"Email\",\"Print\");var hupso_background_t=\"#EAF4FF\";var hupso_border_t=\"#66CCFF\";var hupso_toolbar_size_t=\"medium\";var hupso_image_folder_url = \"\";var hupso_twitter_via=\"hectorops\";var hupso_url_t=\"\";var hupso_title_t=\"%C2%BFPor%20qu%C3%A9%20es%20importante%20ir%20a%20Misa%20los%20domingos%3F%20El%20Papa%20Francisco%20te%20explica\";<\/script><script type=\"text\/javascript\" src=\"http:\/\/static.hupso.com\/share\/js\/share_toolbar.js\"><\/script><!-- Hupso Share Buttons --><\/div>","protected":false},"excerpt":{"rendered":"<p>Muchos de nosotros asistimos a la Santa Misa, sin realmente tener un conocimiento pleno de las gracias que all\u00ed estamos recibiendo. A continuaci\u00f3n la catequesis completa del Papa Francisco, que nos puede ayudar y orientar sobre este tema: Queridos hermanos &hellip; <a href=\"http:\/\/delamanodemaria.com\/?p=8461\">Continue reading <span class=\"meta-nav\">&rarr;<\/span><\/a><\/p>\n<div style=\"padding-bottom:20px; padding-top:10px;\" class=\"hupso-share-buttons\"><!-- Hupso Share Buttons - https:\/\/www.hupso.com\/share\/ --><a class=\"hupso_toolbar\" href=\"https:\/\/www.hupso.com\/share\/\"><img src=\"http:\/\/static.hupso.com\/share\/buttons\/lang\/es\/share-medium.png\" style=\"border:0px; padding-top: 5px; float:left;\" alt=\"Share Button\"\/><\/a><script type=\"text\/javascript\">var hupso_services_t=new Array(\"Twitter\",\"Facebook\",\"Google Plus\",\"Pinterest\",\"Linkedin\",\"Email\",\"Print\");var hupso_background_t=\"#EAF4FF\";var hupso_border_t=\"#66CCFF\";var hupso_toolbar_size_t=\"medium\";var hupso_image_folder_url = \"\";var hupso_twitter_via=\"hectorops\";var hupso_url_t=\"\";var hupso_title_t=\"%C2%BFPor%20qu%C3%A9%20es%20importante%20ir%20a%20Misa%20los%20domingos%3F%20El%20Papa%20Francisco%20te%20explica\";<\/script><script type=\"text\/javascript\" src=\"http:\/\/static.hupso.com\/share\/js\/share_toolbar.js\"><\/script><!-- Hupso Share Buttons --><\/div>","protected":false},"author":1,"featured_media":0,"comment_status":"open","ping_status":"open","sticky":false,"template":"","format":"standard","meta":{"jetpack_post_was_ever_published":false,"_jetpack_newsletter_access":"","_jetpack_newsletter_tier_id":0,"jetpack_publicize_message":"","jetpack_is_tweetstorm":false,"jetpack_publicize_feature_enabled":true,"jetpack_social_post_already_shared":true,"jetpack_social_options":{"image_generator_settings":{"template":"highway","enabled":false}}},"categories":[1],"tags":[366,770,92,554,45,139,48,760,291,1813,151,87,735,463],"jetpack_publicize_connections":[],"jetpack_featured_media_url":"","jetpack_shortlink":"https:\/\/wp.me\/p3bBgS-2ct","jetpack_sharing_enabled":true,"jetpack_likes_enabled":true,"_links":{"self":[{"href":"http:\/\/delamanodemaria.com\/index.php?rest_route=\/wp\/v2\/posts\/8461"}],"collection":[{"href":"http:\/\/delamanodemaria.com\/index.php?rest_route=\/wp\/v2\/posts"}],"about":[{"href":"http:\/\/delamanodemaria.com\/index.php?rest_route=\/wp\/v2\/types\/post"}],"author":[{"embeddable":true,"href":"http:\/\/delamanodemaria.com\/index.php?rest_route=\/wp\/v2\/users\/1"}],"replies":[{"embeddable":true,"href":"http:\/\/delamanodemaria.com\/index.php?rest_route=%2Fwp%2Fv2%2Fcomments&post=8461"}],"version-history":[{"count":1,"href":"http:\/\/delamanodemaria.com\/index.php?rest_route=\/wp\/v2\/posts\/8461\/revisions"}],"predecessor-version":[{"id":8462,"href":"http:\/\/delamanodemaria.com\/index.php?rest_route=\/wp\/v2\/posts\/8461\/revisions\/8462"}],"wp:attachment":[{"href":"http:\/\/delamanodemaria.com\/index.php?rest_route=%2Fwp%2Fv2%2Fmedia&parent=8461"}],"wp:term":[{"taxonomy":"category","embeddable":true,"href":"http:\/\/delamanodemaria.com\/index.php?rest_route=%2Fwp%2Fv2%2Fcategories&post=8461"},{"taxonomy":"post_tag","embeddable":true,"href":"http:\/\/delamanodemaria.com\/index.php?rest_route=%2Fwp%2Fv2%2Ftags&post=8461"}],"curies":[{"name":"wp","href":"https:\/\/api.w.org\/{rel}","templated":true}]}}