{"id":8466,"date":"2017-02-13T20:57:40","date_gmt":"2017-02-14T00:57:40","guid":{"rendered":"http:\/\/delamanodemaria.com\/?p=8466"},"modified":"2017-02-13T21:01:25","modified_gmt":"2017-02-14T01:01:25","slug":"reflexion-para-el-martes-de-la-sexta-semana-del-t-o-1-14-02-17","status":"publish","type":"post","link":"http:\/\/delamanodemaria.com\/?p=8466","title":{"rendered":"REFLEXI\u00d3N PARA EL MARTES DE LA SEXTA SEMANA DEL T.O. (1) 14-02-17"},"content":{"rendered":"<p><img decoding=\"async\" loading=\"lazy\" class=\"alignnone size-full wp-image-3020\" src=\"http:\/\/delamanodemaria.com\/wp-content\/uploads\/2014\/02\/pan-azimo.jpg\" alt=\"\" width=\"614\" height=\"461\" srcset=\"http:\/\/delamanodemaria.com\/wp-content\/uploads\/2014\/02\/pan-azimo.jpg 614w, http:\/\/delamanodemaria.com\/wp-content\/uploads\/2014\/02\/pan-azimo-300x225.jpg 300w, http:\/\/delamanodemaria.com\/wp-content\/uploads\/2014\/02\/pan-azimo-399x300.jpg 399w\" sizes=\"(max-width: 614px) 100vw, 614px\" \/><\/p>\n<p>En el relato evang\u00e9lico que contempl\u00e1bamos ayer, hab\u00edamos dejado a Jes\u00fas embarc\u00e1ndose y zarpando \u201ca la otra orilla\u201d, luego de haber reprendido la falta de fe de los fariseos, quienes le hab\u00edan pedido \u201cun signo del cielo\u201d. El pasaje de hoy (Mc 8,14-21) retoma la narraci\u00f3n cuando ya est\u00e1n en la barca y nos presenta una conversaci\u00f3n aparentemente trivial y cotidiana entre los ap\u00f3stoles, en la que se quejaban porque se les hab\u00eda olvidado traer suficiente pan para la traves\u00eda (\u201cno ten\u00edan m\u00e1s que un pan en la barca\u201d).<\/p>\n<p>Jes\u00fas, todav\u00eda pensando en el encuentro que acababa de tener con los fariseos, escucha la queja de los disc\u00edpulos y les dice: \u201cTened cuidado con la levadura de los fariseos y con la de Herodes\u201d. Una vez m\u00e1s encontramos a Jes\u00fas criticando al poder ideol\u00f3gico-religioso y pol\u00edtico de su tiempo (eso le costar\u00e1 la vida). En esos tiempos la \u201clevadura\u201d era considerada generalmente (excepto cuando se utiliza en las par\u00e1bolas del Reino) como fuente de impureza y de corrupci\u00f3n (1 Co 5,6.8, Ga 5,9). Al utilizar este t\u00e9rmino dentro del contexto del pan (los jud\u00edos consum\u00edan panes \u00e1zimos especialmente en la fiesta de la Pascua y \u00c1zimos), Jes\u00fas alude a la corrupci\u00f3n del pan-doctrina, por un lado con la \u201clevadura\u201d de los fariseos quienes esperaban y predicaban para el pueblo de Israel un Mes\u00edas poderoso, un l\u00edder militar, y por otro lado de Herodes, un rey que hab\u00eda llegado al poder de forma ileg\u00edtima.<\/p>\n<p>Tras enfrentar a los fariseos, Jes\u00fas tiene que enfrentar tambi\u00e9n la incomprensi\u00f3n de los suyos, quienes no entendieron lo que quer\u00eda decirles, y comentaron entre s\u00ed: \u201cLo dice porque no tenemos pan\u201d. Estaba claro que los disc\u00edpulos no acababan de entender a Jes\u00fas. Y una vez m\u00e1s les reprende: \u201c\u00bfPor qu\u00e9 coment\u00e1is que no ten\u00e9is pan? \u00bfNo acab\u00e1is de entender? \u00bfTan torpes sois? \u00bfPara qu\u00e9 os sirven los ojos si no veis, y los o\u00eddos si no o\u00eds?\u201d.<\/p>\n<p>Jes\u00fas ten\u00eda raz\u00f3n para estar molesto. Los disc\u00edpulos hab\u00edan escuchado su Palabra y hab\u00edan dejado todo para seguirle, hab\u00edan sido testigos de su poder para echar demonios, curar toda clase de dolencias y enfermedades, lo hab\u00edan visto caminar sobre las aguas y, adem\u00e1s, hab\u00edan sido testigos de dos multiplicaciones de panes. Es decir, hab\u00edan sido testigos de la misericordia y providencia divinas en la persona de Jes\u00fas, \u00a1y se quejaban porque solo ten\u00edan un pedazo de pan para la traves\u00eda! Ellos mismos hab\u00edan tenido la experiencia de salir a predicar tan solo con lo que llevaban puesto, y el Se\u00f1or siempre les hab\u00eda provisto lo necesario (Mc 6,6b-13). Trato de imaginar la frustraci\u00f3n de Jes\u00fas: \u201c\u00bfY no acab\u00e1is de entender?\u201d.<\/p>\n<p>\u00bfCu\u00e1ntas veces nosotros nos \u201cahogamos en un vaso de agua\u201d, preocupados y contrariados por las dificultades y carest\u00edas peri\u00f3dicas que enfrentamos, y permitimos que nuestras almas se corrompan con la \u201clevadura\u201d de la falta de confianza en la palabra de Dios y su Providencia Divina? Se nos olvida que al igual que las aves del cielo, que no siembran, ni cosechan, ni recogen en graneros, nuestro Padre que est\u00e1 en los cielos siempre nos provee (<em>Cfr<\/em>. Mt 6,26).<\/p>\n<div style=\"padding-bottom:20px; padding-top:10px;\" class=\"hupso-share-buttons\"><!-- Hupso Share Buttons - https:\/\/www.hupso.com\/share\/ --><a class=\"hupso_toolbar\" href=\"https:\/\/www.hupso.com\/share\/\"><img src=\"http:\/\/static.hupso.com\/share\/buttons\/lang\/es\/share-medium.png\" style=\"border:0px; padding-top: 5px; float:left;\" alt=\"Share Button\"\/><\/a><script type=\"text\/javascript\">var hupso_services_t=new Array(\"Twitter\",\"Facebook\",\"Google Plus\",\"Pinterest\",\"Linkedin\",\"Email\",\"Print\");var hupso_background_t=\"#EAF4FF\";var hupso_border_t=\"#66CCFF\";var hupso_toolbar_size_t=\"medium\";var hupso_image_folder_url = \"\";var hupso_twitter_via=\"hectorops\";var hupso_url_t=\"\";var hupso_title_t=\"REFLEXI%C3%93N%20PARA%20EL%20MARTES%20DE%20LA%20SEXTA%20SEMANA%20DEL%20T.O.%20%281%29%2014-02-17\";<\/script><script type=\"text\/javascript\" src=\"http:\/\/static.hupso.com\/share\/js\/share_toolbar.js\"><\/script><!-- Hupso Share Buttons --><\/div>","protected":false},"excerpt":{"rendered":"<p>En el relato evang\u00e9lico que contempl\u00e1bamos ayer, hab\u00edamos dejado a Jes\u00fas embarc\u00e1ndose y zarpando \u201ca la otra orilla\u201d, luego de haber reprendido la falta de fe de los fariseos, quienes le hab\u00edan pedido \u201cun signo del cielo\u201d. El pasaje de &hellip; <a href=\"http:\/\/delamanodemaria.com\/?p=8466\">Continue reading <span class=\"meta-nav\">&rarr;<\/span><\/a><\/p>\n<div style=\"padding-bottom:20px; padding-top:10px;\" class=\"hupso-share-buttons\"><!-- Hupso Share Buttons - https:\/\/www.hupso.com\/share\/ --><a class=\"hupso_toolbar\" href=\"https:\/\/www.hupso.com\/share\/\"><img src=\"http:\/\/static.hupso.com\/share\/buttons\/lang\/es\/share-medium.png\" style=\"border:0px; padding-top: 5px; float:left;\" alt=\"Share Button\"\/><\/a><script type=\"text\/javascript\">var hupso_services_t=new Array(\"Twitter\",\"Facebook\",\"Google Plus\",\"Pinterest\",\"Linkedin\",\"Email\",\"Print\");var hupso_background_t=\"#EAF4FF\";var hupso_border_t=\"#66CCFF\";var hupso_toolbar_size_t=\"medium\";var hupso_image_folder_url = \"\";var hupso_twitter_via=\"hectorops\";var hupso_url_t=\"\";var hupso_title_t=\"REFLEXI%C3%93N%20PARA%20EL%20MARTES%20DE%20LA%20SEXTA%20SEMANA%20DEL%20T.O.%20%281%29%2014-02-17\";<\/script><script type=\"text\/javascript\" src=\"http:\/\/static.hupso.com\/share\/js\/share_toolbar.js\"><\/script><!-- Hupso Share Buttons --><\/div>","protected":false},"author":1,"featured_media":0,"comment_status":"open","ping_status":"open","sticky":false,"template":"","format":"standard","meta":{"jetpack_post_was_ever_published":false,"_jetpack_newsletter_access":"","_jetpack_newsletter_tier_id":0,"jetpack_publicize_message":"","jetpack_is_tweetstorm":false,"jetpack_publicize_feature_enabled":true,"jetpack_social_post_already_shared":true,"jetpack_social_options":{"image_generator_settings":{"template":"highway","enabled":false}}},"categories":[1],"tags":[619,155,502,593,578,115,1815,138,994,459,2,457,722],"jetpack_publicize_connections":[],"jetpack_featured_media_url":"","jetpack_shortlink":"https:\/\/wp.me\/p3bBgS-2cy","jetpack_sharing_enabled":true,"jetpack_likes_enabled":true,"_links":{"self":[{"href":"http:\/\/delamanodemaria.com\/index.php?rest_route=\/wp\/v2\/posts\/8466"}],"collection":[{"href":"http:\/\/delamanodemaria.com\/index.php?rest_route=\/wp\/v2\/posts"}],"about":[{"href":"http:\/\/delamanodemaria.com\/index.php?rest_route=\/wp\/v2\/types\/post"}],"author":[{"embeddable":true,"href":"http:\/\/delamanodemaria.com\/index.php?rest_route=\/wp\/v2\/users\/1"}],"replies":[{"embeddable":true,"href":"http:\/\/delamanodemaria.com\/index.php?rest_route=%2Fwp%2Fv2%2Fcomments&post=8466"}],"version-history":[{"count":2,"href":"http:\/\/delamanodemaria.com\/index.php?rest_route=\/wp\/v2\/posts\/8466\/revisions"}],"predecessor-version":[{"id":8468,"href":"http:\/\/delamanodemaria.com\/index.php?rest_route=\/wp\/v2\/posts\/8466\/revisions\/8468"}],"wp:attachment":[{"href":"http:\/\/delamanodemaria.com\/index.php?rest_route=%2Fwp%2Fv2%2Fmedia&parent=8466"}],"wp:term":[{"taxonomy":"category","embeddable":true,"href":"http:\/\/delamanodemaria.com\/index.php?rest_route=%2Fwp%2Fv2%2Fcategories&post=8466"},{"taxonomy":"post_tag","embeddable":true,"href":"http:\/\/delamanodemaria.com\/index.php?rest_route=%2Fwp%2Fv2%2Ftags&post=8466"}],"curies":[{"name":"wp","href":"https:\/\/api.w.org\/{rel}","templated":true}]}}