{"id":8484,"date":"2017-02-18T21:47:54","date_gmt":"2017-02-19T01:47:54","guid":{"rendered":"http:\/\/delamanodemaria.com\/?p=8484"},"modified":"2017-02-18T21:47:54","modified_gmt":"2017-02-19T01:47:54","slug":"reflexion-para-el-septimo-domingo-del-t-o-a-19-02-17","status":"publish","type":"post","link":"http:\/\/delamanodemaria.com\/?p=8484","title":{"rendered":"REFLEXI\u00d3N PARA EL S\u00c9PTIMO DOMINGO DEL T.O. (A) 19-02-17"},"content":{"rendered":"<p><img decoding=\"async\" loading=\"lazy\" class=\"alignnone size-full wp-image-6711\" src=\"http:\/\/delamanodemaria.com\/wp-content\/uploads\/2016\/02\/amad-a-vuestros-enemigos.jpg\" alt=\"\" width=\"640\" height=\"449\" srcset=\"http:\/\/delamanodemaria.com\/wp-content\/uploads\/2016\/02\/amad-a-vuestros-enemigos.jpg 640w, http:\/\/delamanodemaria.com\/wp-content\/uploads\/2016\/02\/amad-a-vuestros-enemigos-300x210.jpg 300w, http:\/\/delamanodemaria.com\/wp-content\/uploads\/2016\/02\/amad-a-vuestros-enemigos-428x300.jpg 428w\" sizes=\"(max-width: 640px) 100vw, 640px\" \/><\/p>\n<p>\u201cHab\u00e9is o\u00eddo que se dijo: \u2018Amar\u00e1s a tu pr\u00f3jimo\u2019 y aborrecer\u00e1s a tu enemigo. Yo, en cambio, os digo: Amad a vuestros enemigos, y rezad por los que os persiguen. As\u00ed ser\u00e9is hijos de vuestro Padre que est\u00e1 en el cielo, que hace salir su sol sobre malos y buenos, y manda la lluvia a justos e injustos. Porque, si am\u00e1is a los que os aman, \u00bfqu\u00e9 premio tendr\u00e9is? \u00bfNo hacen lo mismo tambi\u00e9n los publicanos? Y, si salud\u00e1is s\u00f3lo a vuestros hermanos, \u00bfqu\u00e9 hac\u00e9is de extraordinario? \u00bfNo hacen lo mismo tambi\u00e9n los gentiles? Por tanto, sed perfectos, como vuestro Padre celestial es perfecto\u201d. Este p\u00e1rrafo, tomado de la lectura evang\u00e9lica de nos brinda la liturgia para este s\u00e9ptimo domingo del tiempo ordinario (Mt 5,38-48), resume la ense\u00f1anza de Jes\u00fas.<\/p>\n<p>Es la llamada a la santidad, a ser \u201csantos e irreprochables ante \u00c9l\u201d (Ef 1,4). Llamada que desde tiempos de Mois\u00e9s Yahv\u00e9 hace a su pueblo en la primera lectura (Lv 19,1-2.17-18): \u201cSer\u00e9is santos, porque yo, el Se\u00f1or, vuestro Dios, soy santo\u201d. Esa es la primera vocaci\u00f3n del cristiano, por encima de cualquier otro llamado. Y Jes\u00fas le da contenido a esa santidad en el Amor.<\/p>\n<p>La Ley del Amor. Jes\u00fas la repite sin cansancio. No podemos acercarnos a \u00c9l sin toparnos de frente con ese mensaje. Jes\u00fas nos ofrece la filiaci\u00f3n divina (\u00a1qu\u00e9 regalo!). Hay un solo requisito: amar; amar sin distinci\u00f3n y sin excepciones, especialmente a aquellos que nos hacen la vida imposible, aquellos que nos traicionan, nos odian, aquellos que son \u201cdiferentes\u201d\u2026 Y m\u00e1s a\u00fan, orar por los que nos persiguen, los que nos hacen da\u00f1o, los que nos \u201chacen la vida cuadritos\u201d. T\u00fa nos has mostrado el camino: \u201cPadre, perd\u00f3nalos, porque no saben lo que hacen\u201d (Lc 23,34). \u00a1Se\u00f1or, qu\u00e9 dif\u00edcil se nos hace seguirte!&#8230;<\/p>\n<p>Pero T\u00fa siempre nos hablas claro, sin dobleces: \u201cLes doy un mandamiento nuevo: \u00e1mense los unos a los otros. As\u00ed como yo los he amado, \u00e1mense tambi\u00e9n ustedes los unos a los otros\u201d (Jn 13,34). \u00bfNo ser\u00e1 eso una utop\u00eda, un sue\u00f1o, un ideal, una ilusi\u00f3n, una ingenuidad de Tu parte, Se\u00f1or?<\/p>\n<p>Pero T\u00fa nunca nos pides nada que no podamos lograr; y mientras m\u00e1s dif\u00edcil la encomienda, m\u00e1s cerca de nosotros est\u00e1s para ayudarnos. En este caso nos dejaste el Esp\u00edritu de Verdad que iba a venir y hacer morada en nosotros: \u201cY yo rogar\u00e9 al Padre, y \u00e9l les dar\u00e1 otro Par\u00e1clito para que est\u00e9 siempre con ustedes: el Esp\u00edritu de la Verdad, a quien el mundo no puede recibir, porque no lo ve ni lo conoce. Ustedes, en cambio, lo conocen, porque \u00e9l permanece con ustedes y estar\u00e1 en ustedes\u201d (Jn 14,16-17). En reflexiones anteriores hemos expresado que la \u201cVerdad\u201d, en t\u00e9rminos b\u00edblicos, es el amor incondicional de Dios.<\/p>\n<p>Esa es la clave para alcanzar la santidad a la que somos llamados. Si logramos despojarnos de todo lo que nos ata y abrimos nuestro coraz\u00f3n a ese Amor incondicional, y nos dejamos arropar por \u00c9l, no tenemos m\u00e1s remedio que amar como \u00c9l nos ama, hasta el extremo (Jn 13,1).<\/p>\n<div style=\"padding-bottom:20px; padding-top:10px;\" class=\"hupso-share-buttons\"><!-- Hupso Share Buttons - https:\/\/www.hupso.com\/share\/ --><a class=\"hupso_toolbar\" href=\"https:\/\/www.hupso.com\/share\/\"><img src=\"http:\/\/static.hupso.com\/share\/buttons\/lang\/es\/share-medium.png\" style=\"border:0px; padding-top: 5px; float:left;\" alt=\"Share Button\"\/><\/a><script type=\"text\/javascript\">var hupso_services_t=new Array(\"Twitter\",\"Facebook\",\"Google Plus\",\"Pinterest\",\"Linkedin\",\"Email\",\"Print\");var hupso_background_t=\"#EAF4FF\";var hupso_border_t=\"#66CCFF\";var hupso_toolbar_size_t=\"medium\";var hupso_image_folder_url = \"\";var hupso_twitter_via=\"hectorops\";var hupso_url_t=\"\";var hupso_title_t=\"REFLEXI%C3%93N%20PARA%20EL%20S%C3%89PTIMO%20DOMINGO%20DEL%20T.O.%20%28A%29%2019-02-17\";<\/script><script type=\"text\/javascript\" src=\"http:\/\/static.hupso.com\/share\/js\/share_toolbar.js\"><\/script><!-- Hupso Share Buttons --><\/div>","protected":false},"excerpt":{"rendered":"<p>\u201cHab\u00e9is o\u00eddo que se dijo: \u2018Amar\u00e1s a tu pr\u00f3jimo\u2019 y aborrecer\u00e1s a tu enemigo. Yo, en cambio, os digo: Amad a vuestros enemigos, y rezad por los que os persiguen. As\u00ed ser\u00e9is hijos de vuestro Padre que est\u00e1 en el &hellip; <a href=\"http:\/\/delamanodemaria.com\/?p=8484\">Continue reading <span class=\"meta-nav\">&rarr;<\/span><\/a><\/p>\n<div style=\"padding-bottom:20px; padding-top:10px;\" class=\"hupso-share-buttons\"><!-- Hupso Share Buttons - https:\/\/www.hupso.com\/share\/ --><a class=\"hupso_toolbar\" href=\"https:\/\/www.hupso.com\/share\/\"><img src=\"http:\/\/static.hupso.com\/share\/buttons\/lang\/es\/share-medium.png\" style=\"border:0px; padding-top: 5px; float:left;\" alt=\"Share Button\"\/><\/a><script type=\"text\/javascript\">var hupso_services_t=new Array(\"Twitter\",\"Facebook\",\"Google Plus\",\"Pinterest\",\"Linkedin\",\"Email\",\"Print\");var hupso_background_t=\"#EAF4FF\";var hupso_border_t=\"#66CCFF\";var hupso_toolbar_size_t=\"medium\";var hupso_image_folder_url = \"\";var hupso_twitter_via=\"hectorops\";var hupso_url_t=\"\";var hupso_title_t=\"REFLEXI%C3%93N%20PARA%20EL%20S%C3%89PTIMO%20DOMINGO%20DEL%20T.O.%20%28A%29%2019-02-17\";<\/script><script type=\"text\/javascript\" src=\"http:\/\/static.hupso.com\/share\/js\/share_toolbar.js\"><\/script><!-- Hupso Share Buttons --><\/div>","protected":false},"author":1,"featured_media":0,"comment_status":"open","ping_status":"open","sticky":false,"template":"","format":"standard","meta":{"jetpack_post_was_ever_published":false,"_jetpack_newsletter_access":"","_jetpack_newsletter_tier_id":0,"jetpack_publicize_message":"","jetpack_is_tweetstorm":false,"jetpack_publicize_feature_enabled":true,"jetpack_social_post_already_shared":true,"jetpack_social_options":{"image_generator_settings":{"template":"highway","enabled":false}}},"categories":[1],"tags":[629,547,96,246,428,610,15,816,333,2,191,722,36],"jetpack_publicize_connections":[],"jetpack_featured_media_url":"","jetpack_shortlink":"https:\/\/wp.me\/p3bBgS-2cQ","jetpack_sharing_enabled":true,"jetpack_likes_enabled":true,"_links":{"self":[{"href":"http:\/\/delamanodemaria.com\/index.php?rest_route=\/wp\/v2\/posts\/8484"}],"collection":[{"href":"http:\/\/delamanodemaria.com\/index.php?rest_route=\/wp\/v2\/posts"}],"about":[{"href":"http:\/\/delamanodemaria.com\/index.php?rest_route=\/wp\/v2\/types\/post"}],"author":[{"embeddable":true,"href":"http:\/\/delamanodemaria.com\/index.php?rest_route=\/wp\/v2\/users\/1"}],"replies":[{"embeddable":true,"href":"http:\/\/delamanodemaria.com\/index.php?rest_route=%2Fwp%2Fv2%2Fcomments&post=8484"}],"version-history":[{"count":3,"href":"http:\/\/delamanodemaria.com\/index.php?rest_route=\/wp\/v2\/posts\/8484\/revisions"}],"predecessor-version":[{"id":8487,"href":"http:\/\/delamanodemaria.com\/index.php?rest_route=\/wp\/v2\/posts\/8484\/revisions\/8487"}],"wp:attachment":[{"href":"http:\/\/delamanodemaria.com\/index.php?rest_route=%2Fwp%2Fv2%2Fmedia&parent=8484"}],"wp:term":[{"taxonomy":"category","embeddable":true,"href":"http:\/\/delamanodemaria.com\/index.php?rest_route=%2Fwp%2Fv2%2Fcategories&post=8484"},{"taxonomy":"post_tag","embeddable":true,"href":"http:\/\/delamanodemaria.com\/index.php?rest_route=%2Fwp%2Fv2%2Ftags&post=8484"}],"curies":[{"name":"wp","href":"https:\/\/api.w.org\/{rel}","templated":true}]}}