{"id":8697,"date":"2017-04-10T17:27:06","date_gmt":"2017-04-10T21:27:06","guid":{"rendered":"http:\/\/delamanodemaria.com\/?p=8697"},"modified":"2017-04-10T17:37:46","modified_gmt":"2017-04-10T21:37:46","slug":"reflexion-para-el-martes-santo-11-04-17","status":"publish","type":"post","link":"http:\/\/delamanodemaria.com\/?p=8697","title":{"rendered":"REFLEXI\u00d3N PARA EL MARTES SANTO 11-04-17"},"content":{"rendered":"<p><img decoding=\"async\" loading=\"lazy\" class=\"alignnone size-full wp-image-3553\" src=\"http:\/\/delamanodemaria.com\/wp-content\/uploads\/2014\/05\/Ultima-Cena.jpg\" alt=\"\" width=\"575\" height=\"367\" srcset=\"http:\/\/delamanodemaria.com\/wp-content\/uploads\/2014\/05\/Ultima-Cena.jpg 575w, http:\/\/delamanodemaria.com\/wp-content\/uploads\/2014\/05\/Ultima-Cena-300x191.jpg 300w, http:\/\/delamanodemaria.com\/wp-content\/uploads\/2014\/05\/Ultima-Cena-470x300.jpg 470w\" sizes=\"(max-width: 575px) 100vw, 575px\" \/><\/p>\n<p>Continuando el camino hacia la Pasi\u00f3n, la Liturgia nos presenta hoy una lectura evang\u00e9lica que abarca dos pasajes, el anuncio de la traici\u00f3n de Judas y el comienzo de la despedida de Jes\u00fas de sus ap\u00f3stoles (Jn 13,21-33.36-38).<\/p>\n<p>Comienza la lectura con una menci\u00f3n del estado emocional de Jes\u00fas: \u201cJes\u00fas a la mesa con sus disc\u00edpulos, se turb\u00f3 en su esp\u00edritu y dio testimonio diciendo: \u2018En verdad, en verdad os digo: uno de vosotros me va a entregar\u2019.\u201d Seg\u00fan se va acercando la hora, la naturaleza humana de Jes\u00fas comienza a rebelarse. Nadie quiere morir. Jes\u00fas no es la excepci\u00f3n. Siente temor ante lo que le espera. Y ese miedo natural se ve agravado por la traici\u00f3n de un amigo. Sabe que uno de los suyos lo va a entregar; peor a\u00fan, lo va a vender. En los momentos de crisis, buscamos el apoyo de los amigos, y si esos amigos nos traicionan, \u00bfde d\u00f3nde vendr\u00e1 el consuelo humano? Trato de imaginar c\u00f3mo se sentir\u00eda Jes\u00fas en esos momentos, y se me forma un nudo en el pecho.<\/p>\n<p>A pesar de su temor y el dolor de la traici\u00f3n, Jes\u00fas sabe que est\u00e1 aqu\u00ed para cumplir la voluntad del Padre. \u201cLo que vas hacer, hazlo pronto\u201d. El tiempo apremia, la hora est\u00e1 cerca: \u201cAhora es glorificado el Hijo del hombre, y Dios es glorificado en \u00e9l. Si Dios es glorificado en \u00e9l, tambi\u00e9n Dios lo glorificar\u00e1 en s\u00ed mismo: pronto lo glorificar\u00e1\u201d.<\/p>\n<p>El dolor de la traici\u00f3n se ve agudizado por el conocimiento por parte de Jes\u00fas de la deslealtad y falta de valent\u00eda que mostrar\u00e1 aqu\u00e9l a quien hab\u00eda instituido cabeza de Su Iglesia (Cfr. Mt 16,18). \u201cPedro replic\u00f3: \u2018Se\u00f1or, \u00bfpor qu\u00e9 no puedo seguirte ahora? Dar\u00e9 mi vida por ti\u2019. Jes\u00fas le contest\u00f3: \u2018\u00bfCon que dar\u00e1s tu vida por m\u00ed? En verdad, en verdad te digo: no cantar\u00e1 el gallo antes de que me hayas negado tres veces\u2019.\u201d<\/p>\n<p>Vemos a un Jes\u00fas plenamente humano. Negarlo ser\u00eda negar el car\u00e1cter totalizante de la encarnaci\u00f3n. Vemos c\u00f3mo, especialmente en el Evangelio de Juan, aunque Jes\u00fas a veces parece saber por adelantado lo que va a ocurrir, \u00c9l no controla los eventos. \u00c9l conf\u00eda plenamente en el Padre, en quien pone toda su confianza. Acepta la voluntad del Padre y sigue adelante, con la certeza de que no lo abandonar\u00e1 en la hora del sacrificio. El Padre lo envi\u00f3 a cumplir una misi\u00f3n, anunciar la Buena Noticia del Reino, y \u00c9l la ha cumplido a cabalidad. Por eso con su \u00faltimo suspiro antes de expirar en la cruz podr\u00e1 decir: \u201cTodo est\u00e1 cumplido\u201d (Jn 19,30).<\/p>\n<p>En esta Semana Santa, meditemos esta lectura y pregunt\u00e9monos: \u00bfCu\u00e1ntas veces he traicionado a Jes\u00fas despu\u00e9s que \u00c9l deposit\u00f3 su confianza en m\u00ed? \u00bfCu\u00e1ntas veces le he negado, o me he sentido cohibido o avergonzado de profesar mi amistad con \u00c9l? Tratemos de imaginar por un momento c\u00f3mo se siente \u00c9l cada vez que yo le fallo\u2026<\/p>\n<p>Poni\u00e9ndonos ahora en Su lugar, cuando estoy en medio de la prueba, cuando el dolor de la traici\u00f3n y la incertidumbre me arropan, \u00bfconf\u00edo plenamente en el Padre y me someto a Su voluntad despu\u00e9s de haber hecho todo lo que est\u00e1 a mi alcance, o me rebelo y pretendo buscar soluciones humanas m\u00e1s compatibles con mis deseos?<\/p>\n<p>La voluntad del Padre es solo una: nuestra salvaci\u00f3n. Si nos sometemos a ella, \u00c9l nunca nos va a complacer en algo que pueda convertirse en un obst\u00e1culo para nuestra salvaci\u00f3n.<\/p>\n<div style=\"padding-bottom:20px; padding-top:10px;\" class=\"hupso-share-buttons\"><!-- Hupso Share Buttons - https:\/\/www.hupso.com\/share\/ --><a class=\"hupso_toolbar\" href=\"https:\/\/www.hupso.com\/share\/\"><img src=\"http:\/\/static.hupso.com\/share\/buttons\/lang\/es\/share-medium.png\" style=\"border:0px; padding-top: 5px; float:left;\" alt=\"Share Button\"\/><\/a><script type=\"text\/javascript\">var hupso_services_t=new Array(\"Twitter\",\"Facebook\",\"Google Plus\",\"Pinterest\",\"Linkedin\",\"Email\",\"Print\");var hupso_background_t=\"#EAF4FF\";var hupso_border_t=\"#66CCFF\";var hupso_toolbar_size_t=\"medium\";var hupso_image_folder_url = \"\";var hupso_twitter_via=\"hectorops\";var hupso_url_t=\"\";var hupso_title_t=\"REFLEXI%C3%93N%20PARA%20EL%20MARTES%20SANTO%2011-04-17\";<\/script><script type=\"text\/javascript\" src=\"http:\/\/static.hupso.com\/share\/js\/share_toolbar.js\"><\/script><!-- Hupso Share Buttons --><\/div>","protected":false},"excerpt":{"rendered":"<p>Continuando el camino hacia la Pasi\u00f3n, la Liturgia nos presenta hoy una lectura evang\u00e9lica que abarca dos pasajes, el anuncio de la traici\u00f3n de Judas y el comienzo de la despedida de Jes\u00fas de sus ap\u00f3stoles (Jn 13,21-33.36-38). Comienza la &hellip; <a href=\"http:\/\/delamanodemaria.com\/?p=8697\">Continue reading <span class=\"meta-nav\">&rarr;<\/span><\/a><\/p>\n<div style=\"padding-bottom:20px; padding-top:10px;\" class=\"hupso-share-buttons\"><!-- Hupso Share Buttons - https:\/\/www.hupso.com\/share\/ --><a class=\"hupso_toolbar\" href=\"https:\/\/www.hupso.com\/share\/\"><img src=\"http:\/\/static.hupso.com\/share\/buttons\/lang\/es\/share-medium.png\" style=\"border:0px; padding-top: 5px; float:left;\" alt=\"Share Button\"\/><\/a><script type=\"text\/javascript\">var hupso_services_t=new Array(\"Twitter\",\"Facebook\",\"Google Plus\",\"Pinterest\",\"Linkedin\",\"Email\",\"Print\");var hupso_background_t=\"#EAF4FF\";var hupso_border_t=\"#66CCFF\";var hupso_toolbar_size_t=\"medium\";var hupso_image_folder_url = \"\";var hupso_twitter_via=\"hectorops\";var hupso_url_t=\"\";var hupso_title_t=\"REFLEXI%C3%93N%20PARA%20EL%20MARTES%20SANTO%2011-04-17\";<\/script><script type=\"text\/javascript\" src=\"http:\/\/static.hupso.com\/share\/js\/share_toolbar.js\"><\/script><!-- Hupso Share Buttons --><\/div>","protected":false},"author":1,"featured_media":0,"comment_status":"open","ping_status":"open","sticky":false,"template":"","format":"standard","meta":{"jetpack_post_was_ever_published":false,"_jetpack_newsletter_access":"","_jetpack_newsletter_tier_id":0,"jetpack_publicize_message":"","jetpack_is_tweetstorm":false,"jetpack_publicize_feature_enabled":true,"jetpack_social_post_already_shared":true,"jetpack_social_options":{"image_generator_settings":{"template":"highway","enabled":false}}},"categories":[1],"tags":[1897,721,4,514,1259,1112,140,2,87,39,46,232],"jetpack_publicize_connections":[],"jetpack_featured_media_url":"","jetpack_shortlink":"https:\/\/wp.me\/p3bBgS-2gh","jetpack_sharing_enabled":true,"jetpack_likes_enabled":true,"_links":{"self":[{"href":"http:\/\/delamanodemaria.com\/index.php?rest_route=\/wp\/v2\/posts\/8697"}],"collection":[{"href":"http:\/\/delamanodemaria.com\/index.php?rest_route=\/wp\/v2\/posts"}],"about":[{"href":"http:\/\/delamanodemaria.com\/index.php?rest_route=\/wp\/v2\/types\/post"}],"author":[{"embeddable":true,"href":"http:\/\/delamanodemaria.com\/index.php?rest_route=\/wp\/v2\/users\/1"}],"replies":[{"embeddable":true,"href":"http:\/\/delamanodemaria.com\/index.php?rest_route=%2Fwp%2Fv2%2Fcomments&post=8697"}],"version-history":[{"count":2,"href":"http:\/\/delamanodemaria.com\/index.php?rest_route=\/wp\/v2\/posts\/8697\/revisions"}],"predecessor-version":[{"id":8699,"href":"http:\/\/delamanodemaria.com\/index.php?rest_route=\/wp\/v2\/posts\/8697\/revisions\/8699"}],"wp:attachment":[{"href":"http:\/\/delamanodemaria.com\/index.php?rest_route=%2Fwp%2Fv2%2Fmedia&parent=8697"}],"wp:term":[{"taxonomy":"category","embeddable":true,"href":"http:\/\/delamanodemaria.com\/index.php?rest_route=%2Fwp%2Fv2%2Fcategories&post=8697"},{"taxonomy":"post_tag","embeddable":true,"href":"http:\/\/delamanodemaria.com\/index.php?rest_route=%2Fwp%2Fv2%2Ftags&post=8697"}],"curies":[{"name":"wp","href":"https:\/\/api.w.org\/{rel}","templated":true}]}}