{"id":8709,"date":"2017-04-12T17:54:52","date_gmt":"2017-04-12T21:54:52","guid":{"rendered":"http:\/\/delamanodemaria.com\/?p=8709"},"modified":"2017-04-12T17:54:52","modified_gmt":"2017-04-12T21:54:52","slug":"reflexion-para-el-jueves-santo-13-04-17","status":"publish","type":"post","link":"http:\/\/delamanodemaria.com\/?p=8709","title":{"rendered":"REFLEXI\u00d3N PARA EL JUEVES SANTO 13-04-17"},"content":{"rendered":"<p><img decoding=\"async\" loading=\"lazy\" class=\"alignnone size-full wp-image-8711\" src=\"http:\/\/delamanodemaria.com\/wp-content\/uploads\/2017\/04\/papa-francisco-lavatorio-refugiados.jpg\" alt=\"\" width=\"580\" height=\"400\" srcset=\"http:\/\/delamanodemaria.com\/wp-content\/uploads\/2017\/04\/papa-francisco-lavatorio-refugiados.jpg 580w, http:\/\/delamanodemaria.com\/wp-content\/uploads\/2017\/04\/papa-francisco-lavatorio-refugiados-300x207.jpg 300w, http:\/\/delamanodemaria.com\/wp-content\/uploads\/2017\/04\/papa-francisco-lavatorio-refugiados-435x300.jpg 435w\" sizes=\"(max-width: 580px) 100vw, 580px\" \/><\/p>\n<p>La liturgia para el Jueves Santo es un verdadero fest\u00edn. En la Misa Vespertina de la Cena del Se\u00f1or, celebramos la instituci\u00f3n de la Eucarist\u00eda (que quiere decir \u201cacci\u00f3n de gracias\u201d). Es el comienzo del Triduo Pascual. A pesar de estar tan cercanos a la Pasi\u00f3n, estamos de fiesta; por eso los ornamentos lit\u00fargicos son blancos.<\/p>\n<p>Las primeras lecturas tratan m\u00e1s directamente el tema de la Eucarist\u00eda, mientras el pasaje evang\u00e9lico nos presenta un episodio relacionado: el lavatorio de los pies.<\/p>\n<p>La primera lectura, tomada del libro del \u00c9xodo (12,1-8.11-14), hace memoria del hecho liberador m\u00e1s importante en la historia del pueblo de Israel, su liberaci\u00f3n de la esclavitud en Egipto. La primera Pascua, y la celebraci\u00f3n de la primera cena pascual, signo de la Alianza entre Dios y su pueblo a trav\u00e9s de la persona de Mois\u00e9s. Ese hecho liberador se convirti\u00f3 en \u201cmemorial\u201d (<em>zikkaron<\/em>) para los jud\u00edos. Por eso, al celebrar la Pascua, cada jud\u00edo se considera que \u00e9l mismo (no sus antepasados) fue liberado de la esclavitud en Egipto.<\/p>\n<p>La segunda lectura nos presenta la mejor narraci\u00f3n de la instituci\u00f3n de la Eucarist\u00eda que encontramos en el Nuevo Testamento, curiosamente por alguien que no estuvo all\u00ed, pero que la recibi\u00f3 por la Tradici\u00f3n: el ap\u00f3stol san Pablo (1 Cor 11,23-26). Esa instituci\u00f3n se dio durante la cena de Pascua que Jes\u00fas compart\u00eda con sus disc\u00edpulos. Y en medio de esa celebraci\u00f3n, Jes\u00fas se ofrece a s\u00ed mismo como signo de la Alianza nueva y eterna, y al ofrecer el pan y el vino pronunciando la acci\u00f3n de gracias, instituye la cena como <em>zikkaron<\/em> (memorial) de su Pasi\u00f3n: \u201cHaced esto en memoria m\u00eda\u201d.<\/p>\n<p>La lectura evang\u00e9lica, tomada del evangelio seg\u00fan san Juan (13, 1-15), contiene una de las frases m\u00e1s hermosas y profundas del Nuevo Testamento, y que le da sentido al Triduo Pascual que estamos comenzando: \u201csabiendo Jes\u00fas que hab\u00eda llegado la hora de pasar de este mundo al Padre, habiendo amado a los suyos que estaban en el mundo, los am\u00f3 hasta el extremo\u201d. Tanto nos am\u00f3 que no quiso separarse de nosotros. Por el contrario, quiso quedarse con nosotros en todo su cuerpo, sangre, alma y divinidad, bajo las especies eucar\u00edsticas de pan y vino. Nos am\u00f3 hasta el extremo, nos am\u00f3 con pasi\u00f3n\u2026<\/p>\n<p>Este pasaje nos narra, como dijimos, el lavatorio de pies, que ocurre justo antes de la cena pascual. Todos conocemos el episodio. Lo importante es lo que Jes\u00fas les dice al terminar de lavarles los pies: \u201c\u00bfComprend\u00e9is lo que he hecho con vosotros? Vosotros me llam\u00e1is \u2018el Maestro\u2019 y \u2018el Se\u00f1or\u2019, y dec\u00eds bien, porque lo soy. Pues si yo, el Maestro y el Se\u00f1or, os he lavado los pies, tambi\u00e9n vosotros deb\u00e9is lavaros los pies unos a otros; os he dado ejemplo para que lo que yo he hecho con vosotros, vosotros tambi\u00e9n lo hag\u00e1is\u201d.<\/p>\n<p>\u00c9l estaba a punto de marcharse, pero quer\u00eda \u201csentar la t\u00f3nica\u201d del comportamiento que sus disc\u00edpulos deb\u00edan seguir. Podr\u00edamos desarrollar toda una catequesis sobre el significado de este gesto de Jes\u00fas, pero como he dicho antes el Esp\u00edritu Santo nos ha regalado la persona del papa Francisco, quien encarna ese mensaje de humildad y servicio. Les invito una vez m\u00e1s a mirarlo e imitarlo. Nuestra Iglesia est\u00e1 viviendo una nueva era, y nos ha tocado la gracia de ser testigos.<\/p>\n<div style=\"padding-bottom:20px; padding-top:10px;\" class=\"hupso-share-buttons\"><!-- Hupso Share Buttons - https:\/\/www.hupso.com\/share\/ --><a class=\"hupso_toolbar\" href=\"https:\/\/www.hupso.com\/share\/\"><img src=\"http:\/\/static.hupso.com\/share\/buttons\/lang\/es\/share-medium.png\" style=\"border:0px; padding-top: 5px; float:left;\" alt=\"Share Button\"\/><\/a><script type=\"text\/javascript\">var hupso_services_t=new Array(\"Twitter\",\"Facebook\",\"Google Plus\",\"Pinterest\",\"Linkedin\",\"Email\",\"Print\");var hupso_background_t=\"#EAF4FF\";var hupso_border_t=\"#66CCFF\";var hupso_toolbar_size_t=\"medium\";var hupso_image_folder_url = \"\";var hupso_twitter_via=\"hectorops\";var hupso_url_t=\"\";var hupso_title_t=\"REFLEXI%C3%93N%20PARA%20EL%20JUEVES%20SANTO%2013-04-17\";<\/script><script type=\"text\/javascript\" src=\"http:\/\/static.hupso.com\/share\/js\/share_toolbar.js\"><\/script><!-- Hupso Share Buttons --><\/div>","protected":false},"excerpt":{"rendered":"<p>La liturgia para el Jueves Santo es un verdadero fest\u00edn. En la Misa Vespertina de la Cena del Se\u00f1or, celebramos la instituci\u00f3n de la Eucarist\u00eda (que quiere decir \u201cacci\u00f3n de gracias\u201d). Es el comienzo del Triduo Pascual. A pesar de &hellip; <a href=\"http:\/\/delamanodemaria.com\/?p=8709\">Continue reading <span class=\"meta-nav\">&rarr;<\/span><\/a><\/p>\n<div style=\"padding-bottom:20px; padding-top:10px;\" class=\"hupso-share-buttons\"><!-- Hupso Share Buttons - https:\/\/www.hupso.com\/share\/ --><a class=\"hupso_toolbar\" href=\"https:\/\/www.hupso.com\/share\/\"><img src=\"http:\/\/static.hupso.com\/share\/buttons\/lang\/es\/share-medium.png\" style=\"border:0px; padding-top: 5px; float:left;\" alt=\"Share Button\"\/><\/a><script type=\"text\/javascript\">var hupso_services_t=new Array(\"Twitter\",\"Facebook\",\"Google Plus\",\"Pinterest\",\"Linkedin\",\"Email\",\"Print\");var hupso_background_t=\"#EAF4FF\";var hupso_border_t=\"#66CCFF\";var hupso_toolbar_size_t=\"medium\";var hupso_image_folder_url = \"\";var hupso_twitter_via=\"hectorops\";var hupso_url_t=\"\";var hupso_title_t=\"REFLEXI%C3%93N%20PARA%20EL%20JUEVES%20SANTO%2013-04-17\";<\/script><script type=\"text\/javascript\" src=\"http:\/\/static.hupso.com\/share\/js\/share_toolbar.js\"><\/script><!-- Hupso Share Buttons --><\/div>","protected":false},"author":1,"featured_media":0,"comment_status":"open","ping_status":"open","sticky":false,"template":"","format":"standard","meta":{"jetpack_post_was_ever_published":false,"_jetpack_newsletter_access":"","_jetpack_newsletter_tier_id":0,"jetpack_publicize_message":"","jetpack_is_tweetstorm":false,"jetpack_publicize_feature_enabled":true,"jetpack_social_post_already_shared":true,"jetpack_social_options":{"image_generator_settings":{"template":"highway","enabled":false}}},"categories":[1],"tags":[45,139,922,1263,47,654,48,1904,760,42,40,2,1903,418,1049,50,981],"jetpack_publicize_connections":[],"jetpack_featured_media_url":"","jetpack_shortlink":"https:\/\/wp.me\/p3bBgS-2gt","jetpack_sharing_enabled":true,"jetpack_likes_enabled":true,"_links":{"self":[{"href":"http:\/\/delamanodemaria.com\/index.php?rest_route=\/wp\/v2\/posts\/8709"}],"collection":[{"href":"http:\/\/delamanodemaria.com\/index.php?rest_route=\/wp\/v2\/posts"}],"about":[{"href":"http:\/\/delamanodemaria.com\/index.php?rest_route=\/wp\/v2\/types\/post"}],"author":[{"embeddable":true,"href":"http:\/\/delamanodemaria.com\/index.php?rest_route=\/wp\/v2\/users\/1"}],"replies":[{"embeddable":true,"href":"http:\/\/delamanodemaria.com\/index.php?rest_route=%2Fwp%2Fv2%2Fcomments&post=8709"}],"version-history":[{"count":2,"href":"http:\/\/delamanodemaria.com\/index.php?rest_route=\/wp\/v2\/posts\/8709\/revisions"}],"predecessor-version":[{"id":8712,"href":"http:\/\/delamanodemaria.com\/index.php?rest_route=\/wp\/v2\/posts\/8709\/revisions\/8712"}],"wp:attachment":[{"href":"http:\/\/delamanodemaria.com\/index.php?rest_route=%2Fwp%2Fv2%2Fmedia&parent=8709"}],"wp:term":[{"taxonomy":"category","embeddable":true,"href":"http:\/\/delamanodemaria.com\/index.php?rest_route=%2Fwp%2Fv2%2Fcategories&post=8709"},{"taxonomy":"post_tag","embeddable":true,"href":"http:\/\/delamanodemaria.com\/index.php?rest_route=%2Fwp%2Fv2%2Ftags&post=8709"}],"curies":[{"name":"wp","href":"https:\/\/api.w.org\/{rel}","templated":true}]}}