{"id":8713,"date":"2017-04-12T18:46:10","date_gmt":"2017-04-12T22:46:10","guid":{"rendered":"http:\/\/delamanodemaria.com\/?p=8713"},"modified":"2017-04-12T18:46:10","modified_gmt":"2017-04-12T22:46:10","slug":"grandes-indulgencias-por-los-100-anos-de-fatima","status":"publish","type":"post","link":"http:\/\/delamanodemaria.com\/?p=8713","title":{"rendered":"Grandes Indulgencias por los 100 a\u00f1os de F\u00c1TIMA"},"content":{"rendered":"<h2><img decoding=\"async\" loading=\"lazy\" class=\"alignnone size-full wp-image-7813\" src=\"http:\/\/delamanodemaria.com\/wp-content\/uploads\/2016\/10\/F\u00e1tima.jpg\" alt=\"\" width=\"800\" height=\"587\" srcset=\"http:\/\/delamanodemaria.com\/wp-content\/uploads\/2016\/10\/F\u00e1tima.jpg 800w, http:\/\/delamanodemaria.com\/wp-content\/uploads\/2016\/10\/F\u00e1tima-300x220.jpg 300w, http:\/\/delamanodemaria.com\/wp-content\/uploads\/2016\/10\/F\u00e1tima-768x564.jpg 768w, http:\/\/delamanodemaria.com\/wp-content\/uploads\/2016\/10\/F\u00e1tima-409x300.jpg 409w\" sizes=\"(max-width: 800px) 100vw, 800px\" \/><\/h2>\n<h2>Comunicado &#8211; Parroquia de Nuestra Se\u00f1ora de F\u00e1tima<\/h2>\n<p><strong>Padres Mercedarios, Hato Rey, Puerto Rico<\/strong><\/p>\n<h1><strong><em>Los 100 a\u00f1os de las apariciones de F\u00e1tima son el evento cristiano m\u00e1s importante del 2017.<\/em><\/strong><\/h1>\n<h2><strong><em>Y el Papa Francisco ha decretado la concesi\u00f3n de indulgencias plenarias alrededor de \u00e9l.<\/em><\/strong><em><\/em><\/h2>\n<p>Por los 100 a\u00f1os de las apariciones de la Virgen de F\u00e1tima en Portugal, el Papa Francisco ha decidido conceder la <strong>indulgencia plenaria durante todo el A\u00f1o Jubilar que comenz\u00f3 el 27 de noviembre y terminar\u00e1 \u00a0el 26 de noviembre de 2017<\/strong>.<\/p>\n<p>El Santuario de F\u00e1tima indic\u00f3 que para obtener las indulgencias plenarias los fieles deben \u00a0cumplir primero con condiciones habituales: <strong>confesarse, comulgar y rezar por las intenciones del Santo Padre.<\/strong><\/p>\n<p>El secretario de la rector\u00eda del Santuario de F\u00e1tima en Portugal, Andr\u00e9 Pereira, explic\u00f3 que las indulgencias plenarias podr\u00e1n obtenerse durante todo el A\u00f1o Jubilar y para ello existen <em><strong>tres maneras<\/strong><\/em>:<\/p>\n<p><strong>1.- Peregrinar al Santuario<\/strong>: \u201cque los fieles vengan en peregrinaci\u00f3n al Santuario de F\u00e1tima en Portugal y que all\u00ed participen en una celebraci\u00f3n u oraci\u00f3n dedicada a la Virgen\u201d.<\/p>\n<p><strong>2.- Ante cualquier imagen de la Virgen de F\u00e1tima en todo el mundo<\/strong><\/p>\n<p>La segunda forma se aplica para \u201clos fieles piadosos que visitan con devoci\u00f3n una imagen de Nuestra Se\u00f1ora de F\u00e1tima expuesta solemnemente a la veneraci\u00f3n p\u00fablica en cualquier templo, de cualquier parte del mundo, \u00a0en los d\u00edas de los aniversarios de las apariciones, <strong>el 13 de cada mes desde mayo hasta octubre (de 2017)<\/strong>, y participen all\u00ed devotamente en alguna celebraci\u00f3n u oraci\u00f3n en honor de la Virgen Mar\u00eda\u201d. <strong>Tambi\u00e9n se debe rezar un Padrenuestro, el Credo e invocar a la Virgen de F\u00e1tima.<\/strong><\/p>\n<p><strong>3.- Ancianos y enfermos<\/strong><\/p>\n<p>La tercera forma de obtener una indulgencia se aplica a las personas que por la edad, enfermedad u otra causa grave est\u00e9n impedidos de movilizarse.<\/p>\n<p><em><strong>Gran conmemoraci\u00f3n de los 100 a\u00f1os de la Aparici\u00f3n de la Virgen del Rosario de F\u00e1tima con indulgencia plenaria en\u00a0 la Parroquia de Nuestra Se\u00f1ora de F\u00e1tima en Hato Rey.<\/strong><\/em><\/p>\n<p>Con gran alegr\u00eda anunciamos las siguientes actividades a celebrarse en nuestra parroquia durante el A\u00f1o Jubilar:<\/p>\n<ul>\n<li><strong>S\u00e1bado 6 de mayo 2017<\/strong> : <em><strong>Conferencia magistral &#8211; Hora:7:30 pm<\/strong><\/em><\/li>\n<\/ul>\n<p><strong>100 a\u00f1os \u00a0<\/strong><strong>de Gracia y Misericordia: Centenario de la Virgen de F\u00e1tima.<\/strong><\/p>\n<p><strong>Conferenciante: Profesor\u00a0 Am\u00e9rico L\u00f3pez Ortiz.<\/strong><\/p>\n<p>Presidente Internacional Apostolado Mundial de F\u00e1tima.<\/p>\n<ul>\n<li><strong>S\u00e1bado 13 de mayo y todos los s\u00e1bados cercanos al 13 de mes, <\/strong>meses de <strong>junio, julio, agosto, septiembre y octubre del 2017.<\/strong> Hora: 6:00pm<\/li>\n<\/ul>\n<p>Actividades:<\/p>\n<ul>\n<li>Rezo del Santo Rosario<\/li>\n<li>Santa Eucarist\u00eda<\/li>\n<li>Oraciones para obtener indulgencia plenaria<\/li>\n<li>Oraci\u00f3n de consagraci\u00f3n a la protecci\u00f3n de la Virgen de F\u00e1tima<\/li>\n<\/ul>\n<ul>\n<li><strong>S\u00e1bado 14 de octubre 2017 : <em>Conferencia magistral &#8211; Hora: 7:30 pm<\/em><\/strong><\/li>\n<\/ul>\n<p><strong>Actualidad del mensaje de F\u00e1tima en el 2017<\/strong><\/p>\n<p><strong>Conferenciante: Profesor H\u00e9ctor M\u00e1rquez, OP.<\/strong><\/p>\n<p><em><strong>Para Informaci\u00f3n:<\/strong><\/em> Parroquia de Nuestra Se\u00f1ora de F\u00e1tima,\u00a0Padres Mercedarios<\/p>\n<p>Ave. Mu\u00f1oz Rivera 608, Hato Rey, P.R. (frente al centro Judicial)<\/p>\n<p>Tel\u00e9fono: 787-753-6334\u00a0\u00a0\u00a0 Fax: 787-764-3571<\/p>\n<p><em>30 Marzo 2017<\/em><\/p>\n<div style=\"padding-bottom:20px; padding-top:10px;\" class=\"hupso-share-buttons\"><!-- Hupso Share Buttons - https:\/\/www.hupso.com\/share\/ --><a class=\"hupso_toolbar\" href=\"https:\/\/www.hupso.com\/share\/\"><img src=\"http:\/\/static.hupso.com\/share\/buttons\/lang\/es\/share-medium.png\" style=\"border:0px; padding-top: 5px; float:left;\" alt=\"Share Button\"\/><\/a><script type=\"text\/javascript\">var hupso_services_t=new Array(\"Twitter\",\"Facebook\",\"Google Plus\",\"Pinterest\",\"Linkedin\",\"Email\",\"Print\");var hupso_background_t=\"#EAF4FF\";var hupso_border_t=\"#66CCFF\";var hupso_toolbar_size_t=\"medium\";var hupso_image_folder_url = \"\";var hupso_twitter_via=\"hectorops\";var hupso_url_t=\"\";var hupso_title_t=\"Grandes%20Indulgencias%20por%20los%20100%20a%C3%B1os%20de%20F%C3%81TIMA\";<\/script><script type=\"text\/javascript\" src=\"http:\/\/static.hupso.com\/share\/js\/share_toolbar.js\"><\/script><!-- Hupso Share Buttons --><\/div>","protected":false},"excerpt":{"rendered":"<p>Comunicado &#8211; Parroquia de Nuestra Se\u00f1ora de F\u00e1tima Padres Mercedarios, Hato Rey, Puerto Rico Los 100 a\u00f1os de las apariciones de F\u00e1tima son el evento cristiano m\u00e1s importante del 2017. Y el Papa Francisco ha decretado la concesi\u00f3n de indulgencias &hellip; <a href=\"http:\/\/delamanodemaria.com\/?p=8713\">Continue reading <span class=\"meta-nav\">&rarr;<\/span><\/a><\/p>\n<div style=\"padding-bottom:20px; padding-top:10px;\" class=\"hupso-share-buttons\"><!-- Hupso Share Buttons - https:\/\/www.hupso.com\/share\/ --><a class=\"hupso_toolbar\" href=\"https:\/\/www.hupso.com\/share\/\"><img src=\"http:\/\/static.hupso.com\/share\/buttons\/lang\/es\/share-medium.png\" style=\"border:0px; padding-top: 5px; float:left;\" alt=\"Share Button\"\/><\/a><script type=\"text\/javascript\">var hupso_services_t=new Array(\"Twitter\",\"Facebook\",\"Google Plus\",\"Pinterest\",\"Linkedin\",\"Email\",\"Print\");var hupso_background_t=\"#EAF4FF\";var hupso_border_t=\"#66CCFF\";var hupso_toolbar_size_t=\"medium\";var hupso_image_folder_url = \"\";var hupso_twitter_via=\"hectorops\";var hupso_url_t=\"\";var hupso_title_t=\"Grandes%20Indulgencias%20por%20los%20100%20a%C3%B1os%20de%20F%C3%81TIMA\";<\/script><script type=\"text\/javascript\" src=\"http:\/\/static.hupso.com\/share\/js\/share_toolbar.js\"><\/script><!-- Hupso Share Buttons --><\/div>","protected":false},"author":1,"featured_media":0,"comment_status":"open","ping_status":"open","sticky":false,"template":"","format":"standard","meta":{"jetpack_post_was_ever_published":false,"_jetpack_newsletter_access":"","_jetpack_newsletter_tier_id":0,"jetpack_publicize_message":"","jetpack_is_tweetstorm":false,"jetpack_publicize_feature_enabled":true,"jetpack_social_post_already_shared":true,"jetpack_social_options":{"image_generator_settings":{"template":"highway","enabled":false}}},"categories":[1],"tags":[991,1512,1905,689,1637,1906,1347,1911,1907,1909,1910,125,1908],"jetpack_publicize_connections":[],"jetpack_featured_media_url":"","jetpack_shortlink":"https:\/\/wp.me\/p3bBgS-2gx","jetpack_sharing_enabled":true,"jetpack_likes_enabled":true,"_links":{"self":[{"href":"http:\/\/delamanodemaria.com\/index.php?rest_route=\/wp\/v2\/posts\/8713"}],"collection":[{"href":"http:\/\/delamanodemaria.com\/index.php?rest_route=\/wp\/v2\/posts"}],"about":[{"href":"http:\/\/delamanodemaria.com\/index.php?rest_route=\/wp\/v2\/types\/post"}],"author":[{"embeddable":true,"href":"http:\/\/delamanodemaria.com\/index.php?rest_route=\/wp\/v2\/users\/1"}],"replies":[{"embeddable":true,"href":"http:\/\/delamanodemaria.com\/index.php?rest_route=%2Fwp%2Fv2%2Fcomments&post=8713"}],"version-history":[{"count":2,"href":"http:\/\/delamanodemaria.com\/index.php?rest_route=\/wp\/v2\/posts\/8713\/revisions"}],"predecessor-version":[{"id":8715,"href":"http:\/\/delamanodemaria.com\/index.php?rest_route=\/wp\/v2\/posts\/8713\/revisions\/8715"}],"wp:attachment":[{"href":"http:\/\/delamanodemaria.com\/index.php?rest_route=%2Fwp%2Fv2%2Fmedia&parent=8713"}],"wp:term":[{"taxonomy":"category","embeddable":true,"href":"http:\/\/delamanodemaria.com\/index.php?rest_route=%2Fwp%2Fv2%2Fcategories&post=8713"},{"taxonomy":"post_tag","embeddable":true,"href":"http:\/\/delamanodemaria.com\/index.php?rest_route=%2Fwp%2Fv2%2Ftags&post=8713"}],"curies":[{"name":"wp","href":"https:\/\/api.w.org\/{rel}","templated":true}]}}