{"id":8724,"date":"2017-04-14T19:53:16","date_gmt":"2017-04-14T23:53:16","guid":{"rendered":"http:\/\/delamanodemaria.com\/?p=8724"},"modified":"2017-04-17T11:40:43","modified_gmt":"2017-04-17T15:40:43","slug":"meditacion-sobre-la-pasion-a-traves-de-los-ojos-de-maria","status":"publish","type":"post","link":"http:\/\/delamanodemaria.com\/?p=8724","title":{"rendered":"MEDITACI\u00d3N SOBRE LA PASI\u00d3N A TRAV\u00c9S DE LOS OJOS DE MAR\u00cdA"},"content":{"rendered":"<p><img decoding=\"async\" loading=\"lazy\" class=\"alignnone size-full wp-image-8725\" src=\"http:\/\/delamanodemaria.com\/wp-content\/uploads\/2017\/04\/maria-a-los-pies-de-la-cruz-med.jpg\" alt=\"\" width=\"600\" height=\"391\" srcset=\"http:\/\/delamanodemaria.com\/wp-content\/uploads\/2017\/04\/maria-a-los-pies-de-la-cruz-med.jpg 600w, http:\/\/delamanodemaria.com\/wp-content\/uploads\/2017\/04\/maria-a-los-pies-de-la-cruz-med-300x196.jpg 300w, http:\/\/delamanodemaria.com\/wp-content\/uploads\/2017\/04\/maria-a-los-pies-de-la-cruz-med-460x300.jpg 460w\" sizes=\"(max-width: 600px) 100vw, 600px\" \/><\/p>\n<p><em>Hermanos: Comparto con ustedes una meditaci\u00f3n, salida del alma, que compart\u00ed con los feligreses de mi parroquia El Buen Pastor esta tarde despu\u00e9s de la lectura de la Pasi\u00f3n. He cambiado el formato y, por supuesto, omite aquellos destellos que el Esp\u00edritu intercala en nuestro quehacer cuando nos entregamos a \u00c9l, pero la esencia est\u00e1 ah\u00ed.<\/em><\/p>\n<p>Jes\u00fas ha muerto\u2026 Ha completado la misi\u00f3n que el Padre le encomend\u00f3. Por eso le hemos escuchado decir: \u201c<strong><em>Est\u00e1 cumplido<\/em><\/strong>\u2026\u201d<\/p>\n<p>Eso lo dijo cuando ya sab\u00eda que su hora hab\u00eda llegado; justo antes de exhalar su \u00faltimo aliento, con el que pronunciar\u00eda la\u00a0\u00faltima de las siete palabras.<\/p>\n<p>No s\u00e9 exactamente qu\u00e9 pasar\u00eda por su mente en esos momentos. Prefiero creer que su \u00faltimo pensamiento humano fue para su Madre bendita. Eso le hizo recordar aquellas palabras que hab\u00eda aprendido de ni\u00f1o en el regazo de su Madre, las palabras con que todos los ni\u00f1os jud\u00edos encomendaban su alma a Dios al acostarse, y que se convertir\u00edan en su \u00faltima Palabra: \u201c<strong><em>Padre, a tus manos encomiendo mi esp\u00edritu<\/em><\/strong><em>\u201d<\/em>\u2026<\/p>\n<p>Estoy seguro que al escuchar esas palabras su Madre comparti\u00f3 el mismo recuerdo, y record\u00f3 las muchas veces que vio a su Ni\u00f1o cerrar sus ojitos al concluir el d\u00eda. Excepto que ahora le tocar\u00e1 a ella cerrarlos cuando reciba su cuerpo\u2026<\/p>\n<p>La actividad a su alrededor la hace volver a la realidad.<\/p>\n<p>Hay que darse prisa en sepultarlo. Se acerca el s\u00e1bado. No s\u00e9 cu\u00e1nto tiempo ha transcurrido. Imagino que deben ser alrededor de las 9:30. Recordemos que para los jud\u00edos el d\u00eda concluye a las seis de la tarde nuestra, por eso la Escritura dice que Jes\u00fas muri\u00f3 a la hora nona, es decir, a las 9:00 de la tarde jud\u00eda.<\/p>\n<p>Comienzan a bajar el cuerpo de la cruz\u2026<\/p>\n<p>Y all\u00ed, para recibirlo, erguida, con la frente en alto, est\u00e1 su madre Mar\u00eda. Estoy seguro que en esos momentos resuenan en su mente las palabras del anciano Sime\u00f3n: \u201c\u2026 \u00a1y a ti misma, una espada te atravesar\u00e1 el alma!\u201d<\/p>\n<p>Observa con intensidad mientras los soldados romanos lo bajan. Lo hacen con prisa; y a Mar\u00eda se le escapa un grito: \u201c\u00a1Cuidado!&#8230; no vayan a hacerle da\u00f1o\u201d. \u00a1Pero est\u00e1 muerto! Ya no pueden hacerle m\u00e1s da\u00f1o del que le han hecho. Pero <em>para ella sigue siendo su ni\u00f1o<\/em>; aqu\u00e9l ni\u00f1o que ella arrull\u00f3 en sus brazos mientras lo cubr\u00eda con besos y caricias\u2026<\/p>\n<p>Finalmente aquellas manos, las manos m\u00e1s bellas jam\u00e1s creadas, aquellas destinadas a cuidar del Hijo del Padre, aquellas que lo envolvieron en pa\u00f1ales y lo colocaron en el pesebre que fue su primer trono, ahora reciben su cuerpo inerte al bajar del madero que le sirvi\u00f3 como \u00faltimo trono en la tierra.<\/p>\n<p>Mar\u00eda, sentada sobre la tierra, coloca la cabeza ensangrentada de su Hijo en su regazo y estoy seguro que, al igual que \u00c9l, levanta los ojos al cielo y murmura: \u201c<strong><em>Est\u00e1 cumplido<\/em><\/strong><em>\u201d<\/em>.<\/p>\n<p>Torna nuevamente la mirada hacia el rostro de su Hijo, y en aqu\u00e9l rostro desfigurado, que nos dice la Escritura no ten\u00eda aspecto humano, ella ve el rostro de su ni\u00f1o, aqu\u00e9l cuya sonrisa al despertar opacaba el sol de cada ma\u00f1ana.<\/p>\n<p>Y mientras con sus l\u00e1grimas intenta limpiar el rostro de su Hijo, en su mente recapitula todos los momentos de la vida de este\u2026 cuando aun siendo beb\u00e9 alzaba sus bracitos para que ella lo tomara en los de ella; sus primeros pasos asido de su mano; sus primeras palabras; sus primeras oraciones que ella misma le ense\u00f1\u00f3; su rostro atento trepado en un banquito mientras aprend\u00eda el oficio de Jos\u00e9; sus largas horas en el taller de su padre luego de la muerte de este; y finalmente el d\u00eda que se sent\u00f3 con ella y le dijo: <strong><em>Mam\u00e1, ha llegado la hora; tengo que llevar a cabo la misi\u00f3n que el Padre me encomend\u00f3.<\/em><\/strong><\/p>\n<p>Esta es la culminaci\u00f3n de aqu\u00e9l momento, que para ella comenz\u00f3 el d\u00eda de la Anunciaci\u00f3n con el <strong><em>h\u00e1gase<\/em><\/strong> que lo hizo posible.<\/p>\n<p>Regresa a la realidad cuando siente una voz que le dice: \u201cTenemos que darnos prisa, la hora avanza, y un buen hombre nos ha cedido un sepulcro. Vayamos a sepultarlo\u201d. Dentro de su tristeza ella sonr\u00ede mientras recuerda c\u00f3mo su Hijo siempre confiaba en la Providencia Divina. \u00bfPor qu\u00e9 habr\u00eda de ser diferente ahora?<\/p>\n<p>Mira a su alrededor\u2026 \u00bfD\u00f3nde est\u00e1n sus disc\u00edpulos?; \u00bfd\u00f3nde est\u00e1n los que estaban dispuestos a dar la vida por \u00e9l? Salvo por el \u201cdisc\u00edpulo amado\u201d que Juan coloca a su lado en el G\u00f3lgota, todos se ha ido. Solo las mujeres, siempre valientes, la acompa\u00f1an.<\/p>\n<p>Mar\u00eda est\u00e1 llena de dolor ante la p\u00e9rdida de su hijo, un dolor indescriptible a\u00fan para aquellos que lo han experimentado. <strong><em>\u00a1\u00a1\u00a1PERO TAMBI\u00c9N EST\u00c1 LLENA DE FE!!!<\/em><\/strong><\/p>\n<p>Por eso, dentro de toda la tristeza indescriptible de la pasi\u00f3n y muerte de su Hijo, y la sensaci\u00f3n de soledad ante el abandono de todos, Mar\u00eda mantiene la cabeza en alto con la certeza de que va a verlo nuevamente; <strong><em>\u00a1que su Hijo va a resucitar!<\/em><\/strong><\/p>\n<p>Los disc\u00edpulos creyeron cuando lo vieron, y hoy nosotros lo creemos por nuestra fe en las Escrituras. Ella crey\u00f3 sin haber visto, y de ese modo nos mostr\u00f3 el camino a seguir. <strong><em>\u00a1Dichosa t\u00fa, que cre\u00edste!<\/em><\/strong><\/p>\n<p>Gracias Mam\u00e1, por entregarnos a tu Hijo, porque gracias a \u00c9l, y a su sangre derramada por nosotros, que es tambi\u00e9n la tuya, hemos sido redimidos.<\/p>\n<p>Pero sobre todo gracias a Ti, Jes\u00fas, por entregarnos a tu Madre al pie de la Cruz, para que tomados de la mano, nos conduzca siempre de vuelta hacia Ti cuando nos alejamos, y nos acompa\u00f1e\u00a0en los momentos de angustia y dolor como lo hizo contigo.<\/p>\n<p>Al finalizar el oficio del Viernes Santo abandonaremos el templo como lo hicieron todos aquella tarde al dejar a Jes\u00fas en el sepulcro.<\/p>\n<p>Pero dentro de la tristeza que nos embarga por su muerte, al igual que Mar\u00eda, y siguiendo su ejemplo, en nuestros corazones brillar\u00e1 la esperanza de la resurrecci\u00f3n, y esa fe nos congregar\u00e1 nuevamente en el Templo ma\u00f1ana en la noche, en la Madre de las Vigilias, para ser testigos una vez m\u00e1s del poder del Amor sobre la muerte.<\/p>\n<p><strong><em>\u00a1Vivimos para esa noche!<\/em><\/strong><\/p>\n<div style=\"padding-bottom:20px; padding-top:10px;\" class=\"hupso-share-buttons\"><!-- Hupso Share Buttons - https:\/\/www.hupso.com\/share\/ --><a class=\"hupso_toolbar\" href=\"https:\/\/www.hupso.com\/share\/\"><img src=\"http:\/\/static.hupso.com\/share\/buttons\/lang\/es\/share-medium.png\" style=\"border:0px; padding-top: 5px; float:left;\" alt=\"Share Button\"\/><\/a><script type=\"text\/javascript\">var hupso_services_t=new Array(\"Twitter\",\"Facebook\",\"Google Plus\",\"Pinterest\",\"Linkedin\",\"Email\",\"Print\");var hupso_background_t=\"#EAF4FF\";var hupso_border_t=\"#66CCFF\";var hupso_toolbar_size_t=\"medium\";var hupso_image_folder_url = \"\";var hupso_twitter_via=\"hectorops\";var hupso_url_t=\"\";var hupso_title_t=\"MEDITACI%C3%93N%20SOBRE%20LA%20PASI%C3%93N%20A%20TRAV%C3%89S%20DE%20LOS%20OJOS%20DE%20MAR%C3%8DA\";<\/script><script type=\"text\/javascript\" src=\"http:\/\/static.hupso.com\/share\/js\/share_toolbar.js\"><\/script><!-- Hupso Share Buttons --><\/div>","protected":false},"excerpt":{"rendered":"<p>Hermanos: Comparto con ustedes una meditaci\u00f3n, salida del alma, que compart\u00ed con los feligreses de mi parroquia El Buen Pastor esta tarde despu\u00e9s de la lectura de la Pasi\u00f3n. He cambiado el formato y, por supuesto, omite aquellos destellos que &hellip; <a href=\"http:\/\/delamanodemaria.com\/?p=8724\">Continue reading <span class=\"meta-nav\">&rarr;<\/span><\/a><\/p>\n<div style=\"padding-bottom:20px; padding-top:10px;\" class=\"hupso-share-buttons\"><!-- Hupso Share Buttons - https:\/\/www.hupso.com\/share\/ --><a class=\"hupso_toolbar\" href=\"https:\/\/www.hupso.com\/share\/\"><img src=\"http:\/\/static.hupso.com\/share\/buttons\/lang\/es\/share-medium.png\" style=\"border:0px; padding-top: 5px; float:left;\" alt=\"Share Button\"\/><\/a><script type=\"text\/javascript\">var hupso_services_t=new Array(\"Twitter\",\"Facebook\",\"Google Plus\",\"Pinterest\",\"Linkedin\",\"Email\",\"Print\");var hupso_background_t=\"#EAF4FF\";var hupso_border_t=\"#66CCFF\";var hupso_toolbar_size_t=\"medium\";var hupso_image_folder_url = \"\";var hupso_twitter_via=\"hectorops\";var hupso_url_t=\"\";var hupso_title_t=\"MEDITACI%C3%93N%20SOBRE%20LA%20PASI%C3%93N%20A%20TRAV%C3%89S%20DE%20LOS%20OJOS%20DE%20MAR%C3%8DA\";<\/script><script type=\"text\/javascript\" src=\"http:\/\/static.hupso.com\/share\/js\/share_toolbar.js\"><\/script><!-- Hupso Share Buttons --><\/div>","protected":false},"author":1,"featured_media":0,"comment_status":"open","ping_status":"open","sticky":false,"template":"","format":"standard","meta":{"jetpack_post_was_ever_published":false,"_jetpack_newsletter_access":"","_jetpack_newsletter_tier_id":0,"jetpack_publicize_message":"","jetpack_is_tweetstorm":false,"jetpack_publicize_feature_enabled":true,"jetpack_social_post_already_shared":true,"jetpack_social_options":{"image_generator_settings":{"template":"highway","enabled":false}}},"categories":[1],"tags":[57,636,70,155,22,1869,490,1913,8,520,1912,1895,54,516,861,441,58,1266],"jetpack_publicize_connections":[],"jetpack_featured_media_url":"","jetpack_shortlink":"https:\/\/wp.me\/p3bBgS-2gI","jetpack_sharing_enabled":true,"jetpack_likes_enabled":true,"_links":{"self":[{"href":"http:\/\/delamanodemaria.com\/index.php?rest_route=\/wp\/v2\/posts\/8724"}],"collection":[{"href":"http:\/\/delamanodemaria.com\/index.php?rest_route=\/wp\/v2\/posts"}],"about":[{"href":"http:\/\/delamanodemaria.com\/index.php?rest_route=\/wp\/v2\/types\/post"}],"author":[{"embeddable":true,"href":"http:\/\/delamanodemaria.com\/index.php?rest_route=\/wp\/v2\/users\/1"}],"replies":[{"embeddable":true,"href":"http:\/\/delamanodemaria.com\/index.php?rest_route=%2Fwp%2Fv2%2Fcomments&post=8724"}],"version-history":[{"count":4,"href":"http:\/\/delamanodemaria.com\/index.php?rest_route=\/wp\/v2\/posts\/8724\/revisions"}],"predecessor-version":[{"id":8758,"href":"http:\/\/delamanodemaria.com\/index.php?rest_route=\/wp\/v2\/posts\/8724\/revisions\/8758"}],"wp:attachment":[{"href":"http:\/\/delamanodemaria.com\/index.php?rest_route=%2Fwp%2Fv2%2Fmedia&parent=8724"}],"wp:term":[{"taxonomy":"category","embeddable":true,"href":"http:\/\/delamanodemaria.com\/index.php?rest_route=%2Fwp%2Fv2%2Fcategories&post=8724"},{"taxonomy":"post_tag","embeddable":true,"href":"http:\/\/delamanodemaria.com\/index.php?rest_route=%2Fwp%2Fv2%2Ftags&post=8724"}],"curies":[{"name":"wp","href":"https:\/\/api.w.org\/{rel}","templated":true}]}}