{"id":8851,"date":"2017-05-26T22:14:38","date_gmt":"2017-05-27T02:14:38","guid":{"rendered":"http:\/\/delamanodemaria.com\/?p=8851"},"modified":"2017-05-26T22:14:27","modified_gmt":"2017-05-27T02:14:27","slug":"taller-los-carismas-del-espiritu-santo-3-de-junio-de-2017","status":"publish","type":"post","link":"http:\/\/delamanodemaria.com\/?p=8851","title":{"rendered":"Taller: Los carismas del Esp\u00edritu Santo &#8211; 3 de junio de 2017"},"content":{"rendered":"<p><img decoding=\"async\" loading=\"lazy\" class=\"alignnone size-large wp-image-8852\" src=\"http:\/\/delamanodemaria.com\/wp-content\/uploads\/2017\/05\/Poster-taller-carismas-del-ES-rev-1024x663.jpg\" alt=\"\" width=\"584\" height=\"378\" srcset=\"http:\/\/delamanodemaria.com\/wp-content\/uploads\/2017\/05\/Poster-taller-carismas-del-ES-rev-1024x663.jpg 1024w, http:\/\/delamanodemaria.com\/wp-content\/uploads\/2017\/05\/Poster-taller-carismas-del-ES-rev-300x194.jpg 300w, http:\/\/delamanodemaria.com\/wp-content\/uploads\/2017\/05\/Poster-taller-carismas-del-ES-rev-768x497.jpg 768w, http:\/\/delamanodemaria.com\/wp-content\/uploads\/2017\/05\/Poster-taller-carismas-del-ES-rev-464x300.jpg 464w\" sizes=\"(max-width: 584px) 100vw, 584px\" \/><\/p>\n<p>Una vez m\u00e1s te invitamos a acompa\u00f1arnos el <strong><em>s\u00e1bado 3 de junio de 2017<\/em><\/strong>, v\u00edspera de Pentecost\u00e9s, a partir de la 1:00 P.M. en nuestra Parroquia El Buen Pastor, para dialogar sobre los carismas del Esp\u00edritu Santo; qu\u00e9 son, el discernimiento sobre los mismos, y qu\u00e9 responsabilidad nos imponen.<\/p>\n<p>La Charla, que estar\u00e1 a cargo de este servidor ser\u00e1 seguida de la Exposici\u00f3n del Sant\u00edsimo y celebraci\u00f3n eucar\u00edstica. Separa la fecha en tu calendario&#8230;<\/p>\n<p><em><strong>\u00a1Te esperamos!<\/strong><\/em><\/p>\n<p>H\u00e9ctor L. M\u00e1rquez, O.P., Laico Dominico<\/p>\n<div style=\"padding-bottom:20px; padding-top:10px;\" class=\"hupso-share-buttons\"><!-- Hupso Share Buttons - https:\/\/www.hupso.com\/share\/ --><a class=\"hupso_toolbar\" href=\"https:\/\/www.hupso.com\/share\/\"><img src=\"http:\/\/static.hupso.com\/share\/buttons\/lang\/es\/share-medium.png\" style=\"border:0px; padding-top: 5px; float:left;\" alt=\"Share Button\"\/><\/a><script type=\"text\/javascript\">var hupso_services_t=new Array(\"Twitter\",\"Facebook\",\"Google Plus\",\"Pinterest\",\"Linkedin\",\"Email\",\"Print\");var hupso_background_t=\"#EAF4FF\";var hupso_border_t=\"#66CCFF\";var hupso_toolbar_size_t=\"medium\";var hupso_image_folder_url = \"\";var hupso_twitter_via=\"hectorops\";var hupso_url_t=\"\";var hupso_title_t=\"Taller%3A%20Los%20carismas%20del%20Esp%C3%ADritu%20Santo%20-%203%20de%20junio%20de%202017\";<\/script><script type=\"text\/javascript\" src=\"http:\/\/static.hupso.com\/share\/js\/share_toolbar.js\"><\/script><!-- Hupso Share Buttons --><\/div>","protected":false},"excerpt":{"rendered":"<p>Una vez m\u00e1s te invitamos a acompa\u00f1arnos el s\u00e1bado 3 de junio de 2017, v\u00edspera de Pentecost\u00e9s, a partir de la 1:00 P.M. en nuestra Parroquia El Buen Pastor, para dialogar sobre los carismas del Esp\u00edritu Santo; qu\u00e9 son, el &hellip; <a href=\"http:\/\/delamanodemaria.com\/?p=8851\">Continue reading <span class=\"meta-nav\">&rarr;<\/span><\/a><\/p>\n<div style=\"padding-bottom:20px; padding-top:10px;\" class=\"hupso-share-buttons\"><!-- Hupso Share Buttons - https:\/\/www.hupso.com\/share\/ --><a class=\"hupso_toolbar\" href=\"https:\/\/www.hupso.com\/share\/\"><img src=\"http:\/\/static.hupso.com\/share\/buttons\/lang\/es\/share-medium.png\" style=\"border:0px; padding-top: 5px; float:left;\" alt=\"Share Button\"\/><\/a><script type=\"text\/javascript\">var hupso_services_t=new Array(\"Twitter\",\"Facebook\",\"Google Plus\",\"Pinterest\",\"Linkedin\",\"Email\",\"Print\");var hupso_background_t=\"#EAF4FF\";var hupso_border_t=\"#66CCFF\";var hupso_toolbar_size_t=\"medium\";var hupso_image_folder_url = \"\";var hupso_twitter_via=\"hectorops\";var hupso_url_t=\"\";var hupso_title_t=\"Taller%3A%20Los%20carismas%20del%20Esp%C3%ADritu%20Santo%20-%203%20de%20junio%20de%202017\";<\/script><script type=\"text\/javascript\" src=\"http:\/\/static.hupso.com\/share\/js\/share_toolbar.js\"><\/script><!-- Hupso Share Buttons --><\/div>","protected":false},"author":1,"featured_media":0,"comment_status":"open","ping_status":"open","sticky":false,"template":"","format":"standard","meta":{"jetpack_post_was_ever_published":false,"_jetpack_newsletter_access":"","_jetpack_newsletter_tier_id":0,"jetpack_publicize_message":"","jetpack_is_tweetstorm":false,"jetpack_publicize_feature_enabled":true,"jetpack_social_post_already_shared":true,"jetpack_social_options":{"image_generator_settings":{"template":"highway","enabled":false}}},"categories":[1],"tags":[149,1344,1510,29,1341,331,680],"jetpack_publicize_connections":[],"jetpack_featured_media_url":"","jetpack_shortlink":"https:\/\/wp.me\/p3bBgS-2iL","jetpack_sharing_enabled":true,"jetpack_likes_enabled":true,"_links":{"self":[{"href":"http:\/\/delamanodemaria.com\/index.php?rest_route=\/wp\/v2\/posts\/8851"}],"collection":[{"href":"http:\/\/delamanodemaria.com\/index.php?rest_route=\/wp\/v2\/posts"}],"about":[{"href":"http:\/\/delamanodemaria.com\/index.php?rest_route=\/wp\/v2\/types\/post"}],"author":[{"embeddable":true,"href":"http:\/\/delamanodemaria.com\/index.php?rest_route=\/wp\/v2\/users\/1"}],"replies":[{"embeddable":true,"href":"http:\/\/delamanodemaria.com\/index.php?rest_route=%2Fwp%2Fv2%2Fcomments&post=8851"}],"version-history":[{"count":6,"href":"http:\/\/delamanodemaria.com\/index.php?rest_route=\/wp\/v2\/posts\/8851\/revisions"}],"predecessor-version":[{"id":8931,"href":"http:\/\/delamanodemaria.com\/index.php?rest_route=\/wp\/v2\/posts\/8851\/revisions\/8931"}],"wp:attachment":[{"href":"http:\/\/delamanodemaria.com\/index.php?rest_route=%2Fwp%2Fv2%2Fmedia&parent=8851"}],"wp:term":[{"taxonomy":"category","embeddable":true,"href":"http:\/\/delamanodemaria.com\/index.php?rest_route=%2Fwp%2Fv2%2Fcategories&post=8851"},{"taxonomy":"post_tag","embeddable":true,"href":"http:\/\/delamanodemaria.com\/index.php?rest_route=%2Fwp%2Fv2%2Ftags&post=8851"}],"curies":[{"name":"wp","href":"https:\/\/api.w.org\/{rel}","templated":true}]}}