{"id":8860,"date":"2017-05-06T21:33:39","date_gmt":"2017-05-07T01:33:39","guid":{"rendered":"http:\/\/delamanodemaria.com\/?p=8860"},"modified":"2017-05-06T21:33:39","modified_gmt":"2017-05-07T01:33:39","slug":"reflexion-para-el-cuarto-domingo-de-pascua-a-domingo-del-buen-pastor-07-05-17","status":"publish","type":"post","link":"http:\/\/delamanodemaria.com\/?p=8860","title":{"rendered":"REFLEXI\u00d3N PARA EL CUARTO DOMINGO DE PASCUA (A) &#8211; DOMINGO DEL BUEN PASTOR 07-05-17"},"content":{"rendered":"<p><img decoding=\"async\" loading=\"lazy\" class=\"alignnone size-full wp-image-1457\" src=\"http:\/\/delamanodemaria.com\/wp-content\/uploads\/2013\/07\/parroquia-buen-pastor-color.jpg\" alt=\"\" width=\"900\" height=\"524\" srcset=\"http:\/\/delamanodemaria.com\/wp-content\/uploads\/2013\/07\/parroquia-buen-pastor-color.jpg 900w, http:\/\/delamanodemaria.com\/wp-content\/uploads\/2013\/07\/parroquia-buen-pastor-color-300x174.jpg 300w, http:\/\/delamanodemaria.com\/wp-content\/uploads\/2013\/07\/parroquia-buen-pastor-color-500x291.jpg 500w\" sizes=\"(max-width: 900px) 100vw, 900px\" \/><\/p>\n<p>Al reflexionar sobre las lecturas que nos presenta la liturgia de hoy, cuarto domingo de Pascua, <strong><em>domingo del Buen Pastor<\/em><\/strong>, normalmente nos concentramos en la figura del Buen Pastor, y en todas las caracter\u00edsticas que adornan esa figura tan importante en la mentalidad del pueblo de Israel y en nuestra fe cristiana.<\/p>\n<p>Pero el Evangelio que contemplamos hoy (Jn 10,1-10) nos presenta, adem\u00e1s, la figura de la puerta del aprisco de las ovejas, y a Jes\u00fas como esa \u201cpuerta\u201d. \u201cYo soy la puerta: quien entre por m\u00ed se salvar\u00e1 y podr\u00e1 entrar y salir, y encontrar\u00e1 pastos. El ladr\u00f3n no entra sino para robar y matar y hacer estrago; yo he venido para que tengan vida y la tengan abundante\u201d. Nuevamente resuena el <em>\u201cYo soy\u201d<\/em> del Evangelio seg\u00fan san Juan, que nos refiere al nombre con el que Dios se identifica cuando Mois\u00e9s le pregunta su nombre en el pasaje de la zarza ardiendo (Ex 3,14), y que apunta a la divinidad de Jes\u00fas.<\/p>\n<p>Al principio del pasaje Jes\u00fas nos presenta la figura del pastor que entra por la puerta luego que el guarda le abre, \u201cy las ovejas atienden a su voz, y \u00e9l va llamando por el nombre a sus ovejas y las saca fuera. Cuando ha sacado todas las suyas, camina delante de ellas, y las ovejas lo siguen, porque conocen su voz\u201d. Ya anteriormente hemos dicho que cuando una oveja nace el pastor la lleva sobre su cuello un tiempo para que se acostumbre a su voz, y luego le siga al escuchar esa voz. Adem\u00e1s, era costumbre que los pastores llevaran su reba\u00f1o al aprisco junto con las ovejas de otros pastores a pasar la noche. Al regresar al d\u00eda siguiente a buscar su reba\u00f1o, llamaba sus ovejas, estas reconoc\u00edan su voz, y lo segu\u00edan.<\/p>\n<p>Y ese reba\u00f1o es la Iglesia, el nuevo Pueblo de Dios producto de la Nueva Alianza; el cuerpo m\u00edstico de Cristo que todos conformamos. Jes\u00fas nos compara con ovejas, un animal d\u00f3cil y totalmente dependiente del pastor, pues tienen una visi\u00f3n pobre. Por eso m\u00e1s que seguir la figura del pastor, siguen su voz. Del mismo modo, Jes\u00fas nos invita a seguirlo trav\u00e9s de su Palabra, seguimiento que implica seguir sus huellas, no importa a d\u00f3nde nos conduzcan, aunque sea al sufrimiento (<em>Cfr<\/em>. segunda lectura \u2013 1 Pe 2,20-25).<\/p>\n<p>Si vamos a hacer realidad el deseo de Cristo de que todos se salven (1 Tim 2,3), tenemos que ser fieles a la unci\u00f3n sacerdotal, prof\u00e9tica y real que recibimos en nuestro bautismo, y convertirnos en \u201cpastores\u201d para atraer las ovejas descarriadas, las que a\u00fan no conocen la voz del Supremo Pastor, ense\u00f1\u00e1ndoles a escuchar Su voz para que le sigan.<\/p>\n<p>El papa Francisco se hace eco de esas palabras de Jes\u00fas al invitarnos a salir de la tranquilidad, la seguridad, el confort de nuestras comunidades de fe, nuestros templos, y salir a la calle, a las periferias, para rescatar, no solo a las ovejas descarriadas que nunca han escuchado la voz del Pastor, sino tambi\u00e9n a aquellas que se han perdido del redil de la Iglesia.<\/p>\n<p>Pero para poder participar de esa misi\u00f3n primero tenemos que conocer la voz de nuestro Pastor para saber a d\u00f3nde conducirlas. Y t\u00fa, \u00bfhas escuchado la voz de Jes\u00fas?<\/p>\n<p>Felicito en este d\u00eda a todos los feligreses de nuestra <strong><em>Parroquia El Buen Pastor<\/em><\/strong>, de Guaynabo, Puerto Rico, as\u00ed como a la congregaci\u00f3n de las <strong><em>Hermanas Misioneras del Buen Pastor<\/em><\/strong> a quienes tanto a mi esposa Jossie como a m\u00ed nos unen profundos lazos de amor fraterno.<\/p>\n<div style=\"padding-bottom:20px; padding-top:10px;\" class=\"hupso-share-buttons\"><!-- Hupso Share Buttons - https:\/\/www.hupso.com\/share\/ --><a class=\"hupso_toolbar\" href=\"https:\/\/www.hupso.com\/share\/\"><img src=\"http:\/\/static.hupso.com\/share\/buttons\/lang\/es\/share-medium.png\" style=\"border:0px; padding-top: 5px; float:left;\" alt=\"Share Button\"\/><\/a><script type=\"text\/javascript\">var hupso_services_t=new Array(\"Twitter\",\"Facebook\",\"Google Plus\",\"Pinterest\",\"Linkedin\",\"Email\",\"Print\");var hupso_background_t=\"#EAF4FF\";var hupso_border_t=\"#66CCFF\";var hupso_toolbar_size_t=\"medium\";var hupso_image_folder_url = \"\";var hupso_twitter_via=\"hectorops\";var hupso_url_t=\"\";var hupso_title_t=\"REFLEXI%C3%93N%20PARA%20EL%20CUARTO%20DOMINGO%20DE%20PASCUA%20%28A%29%20-%20DOMINGO%20DEL%20BUEN%20PASTOR%2007-05-17\";<\/script><script type=\"text\/javascript\" src=\"http:\/\/static.hupso.com\/share\/js\/share_toolbar.js\"><\/script><!-- Hupso Share Buttons --><\/div>","protected":false},"excerpt":{"rendered":"<p>Al reflexionar sobre las lecturas que nos presenta la liturgia de hoy, cuarto domingo de Pascua, domingo del Buen Pastor, normalmente nos concentramos en la figura del Buen Pastor, y en todas las caracter\u00edsticas que adornan esa figura tan importante &hellip; <a href=\"http:\/\/delamanodemaria.com\/?p=8860\">Continue reading <span class=\"meta-nav\">&rarr;<\/span><\/a><\/p>\n<div style=\"padding-bottom:20px; padding-top:10px;\" class=\"hupso-share-buttons\"><!-- Hupso Share Buttons - https:\/\/www.hupso.com\/share\/ --><a class=\"hupso_toolbar\" href=\"https:\/\/www.hupso.com\/share\/\"><img src=\"http:\/\/static.hupso.com\/share\/buttons\/lang\/es\/share-medium.png\" style=\"border:0px; padding-top: 5px; float:left;\" alt=\"Share Button\"\/><\/a><script type=\"text\/javascript\">var hupso_services_t=new Array(\"Twitter\",\"Facebook\",\"Google Plus\",\"Pinterest\",\"Linkedin\",\"Email\",\"Print\");var hupso_background_t=\"#EAF4FF\";var hupso_border_t=\"#66CCFF\";var hupso_toolbar_size_t=\"medium\";var hupso_image_folder_url = \"\";var hupso_twitter_via=\"hectorops\";var hupso_url_t=\"\";var hupso_title_t=\"REFLEXI%C3%93N%20PARA%20EL%20CUARTO%20DOMINGO%20DE%20PASCUA%20%28A%29%20-%20DOMINGO%20DEL%20BUEN%20PASTOR%2007-05-17\";<\/script><script type=\"text\/javascript\" src=\"http:\/\/static.hupso.com\/share\/js\/share_toolbar.js\"><\/script><!-- Hupso Share Buttons --><\/div>","protected":false},"author":1,"featured_media":0,"comment_status":"open","ping_status":"open","sticky":false,"template":"","format":"standard","meta":{"jetpack_post_was_ever_published":false,"_jetpack_newsletter_access":"","_jetpack_newsletter_tier_id":0,"jetpack_publicize_message":"","jetpack_is_tweetstorm":false,"jetpack_publicize_feature_enabled":true,"jetpack_social_post_already_shared":true,"jetpack_social_options":{"image_generator_settings":{"template":"highway","enabled":false}}},"categories":[1],"tags":[1301,106,370,465,1957,1956,139,110,786,138,760,331,42,886,291,889,2,1958,536],"jetpack_publicize_connections":[],"jetpack_featured_media_url":"","jetpack_shortlink":"https:\/\/wp.me\/p3bBgS-2iU","jetpack_sharing_enabled":true,"jetpack_likes_enabled":true,"_links":{"self":[{"href":"http:\/\/delamanodemaria.com\/index.php?rest_route=\/wp\/v2\/posts\/8860"}],"collection":[{"href":"http:\/\/delamanodemaria.com\/index.php?rest_route=\/wp\/v2\/posts"}],"about":[{"href":"http:\/\/delamanodemaria.com\/index.php?rest_route=\/wp\/v2\/types\/post"}],"author":[{"embeddable":true,"href":"http:\/\/delamanodemaria.com\/index.php?rest_route=\/wp\/v2\/users\/1"}],"replies":[{"embeddable":true,"href":"http:\/\/delamanodemaria.com\/index.php?rest_route=%2Fwp%2Fv2%2Fcomments&post=8860"}],"version-history":[{"count":2,"href":"http:\/\/delamanodemaria.com\/index.php?rest_route=\/wp\/v2\/posts\/8860\/revisions"}],"predecessor-version":[{"id":8862,"href":"http:\/\/delamanodemaria.com\/index.php?rest_route=\/wp\/v2\/posts\/8860\/revisions\/8862"}],"wp:attachment":[{"href":"http:\/\/delamanodemaria.com\/index.php?rest_route=%2Fwp%2Fv2%2Fmedia&parent=8860"}],"wp:term":[{"taxonomy":"category","embeddable":true,"href":"http:\/\/delamanodemaria.com\/index.php?rest_route=%2Fwp%2Fv2%2Fcategories&post=8860"},{"taxonomy":"post_tag","embeddable":true,"href":"http:\/\/delamanodemaria.com\/index.php?rest_route=%2Fwp%2Fv2%2Ftags&post=8860"}],"curies":[{"name":"wp","href":"https:\/\/api.w.org\/{rel}","templated":true}]}}