{"id":893,"date":"2013-04-24T09:33:38","date_gmt":"2013-04-24T13:33:38","guid":{"rendered":"http:\/\/delamanodemaria.com\/?p=893"},"modified":"2013-04-24T09:33:38","modified_gmt":"2013-04-24T13:33:38","slug":"papa-francisco-la-iglesia-no-es-una-organizacion-burocratica-es-una-historia-de-amor","status":"publish","type":"post","link":"http:\/\/delamanodemaria.com\/?p=893","title":{"rendered":"Papa Francisco: la Iglesia no es una organizaci\u00f3n burocr\u00e1tica, es una historia de amor"},"content":{"rendered":"<p><a href=\"http:\/\/delamanodemaria.com\/wp-content\/uploads\/2013\/04\/papa_francisco3_0.jpg\"><img decoding=\"async\" loading=\"lazy\" class=\"alignnone size-full wp-image-894\" alt=\"papa_francisco3_0\" src=\"http:\/\/delamanodemaria.com\/wp-content\/uploads\/2013\/04\/papa_francisco3_0.jpg\" width=\"700\" height=\"467\" srcset=\"http:\/\/delamanodemaria.com\/wp-content\/uploads\/2013\/04\/papa_francisco3_0.jpg 700w, http:\/\/delamanodemaria.com\/wp-content\/uploads\/2013\/04\/papa_francisco3_0-300x200.jpg 300w, http:\/\/delamanodemaria.com\/wp-content\/uploads\/2013\/04\/papa_francisco3_0-449x300.jpg 449w\" sizes=\"(max-width: 700px) 100vw, 700px\" \/><\/a><\/p>\n<p>La Iglesia no es una organizaci\u00f3n burocr\u00e1tica, es una historia de amor: esto es lo que dijo el Papa durante la Misa presidida esta ma\u00f1ana en la Capilla de la Casa Santa Marta. Ha concelebrado el card. Javier Lozano Barrag\u00e1n, presidente em\u00e9rito del Consejo Pontificio para los Agentes Sanitarios.<\/p>\n<p>[continuar leyendo]: <a href=\"http:\/\/www.aleteia.org\/es\/religion\/noticias\/papa-francisco-la-iglesia-no-es-una-organizacion-burocratica-es-una-historia-de-amor-1096001\">http:\/\/www.aleteia.org\/es\/religion\/noticias\/papa-francisco-la-iglesia-no-es-una-organizacion-burocratica-es-una-historia-de-amor-1096001<\/a><\/p>\n<div style=\"padding-bottom:20px; padding-top:10px;\" class=\"hupso-share-buttons\"><!-- Hupso Share Buttons - https:\/\/www.hupso.com\/share\/ --><a class=\"hupso_toolbar\" href=\"https:\/\/www.hupso.com\/share\/\"><img src=\"http:\/\/static.hupso.com\/share\/buttons\/lang\/es\/share-medium.png\" style=\"border:0px; padding-top: 5px; float:left;\" alt=\"Share Button\"\/><\/a><script type=\"text\/javascript\">var hupso_services_t=new Array(\"Twitter\",\"Facebook\",\"Google Plus\",\"Pinterest\",\"Linkedin\",\"Email\",\"Print\");var hupso_background_t=\"#EAF4FF\";var hupso_border_t=\"#66CCFF\";var hupso_toolbar_size_t=\"medium\";var hupso_image_folder_url = \"\";var hupso_twitter_via=\"hectorops\";var hupso_url_t=\"\";var hupso_title_t=\"Papa%20Francisco%3A%20la%20Iglesia%20no%20es%20una%20organizaci%C3%B3n%20burocr%C3%A1tica%2C%20es%20una%20historia%20de%20amor\";<\/script><script type=\"text\/javascript\" src=\"http:\/\/static.hupso.com\/share\/js\/share_toolbar.js\"><\/script><!-- Hupso Share Buttons --><\/div>","protected":false},"excerpt":{"rendered":"<p>La Iglesia no es una organizaci\u00f3n burocr\u00e1tica, es una historia de amor: esto es lo que dijo el Papa durante la Misa presidida esta ma\u00f1ana en la Capilla de la Casa Santa Marta. Ha concelebrado el card. Javier Lozano Barrag\u00e1n, &hellip; <a href=\"http:\/\/delamanodemaria.com\/?p=893\">Continue reading <span class=\"meta-nav\">&rarr;<\/span><\/a><\/p>\n<div style=\"padding-bottom:20px; padding-top:10px;\" class=\"hupso-share-buttons\"><!-- Hupso Share Buttons - https:\/\/www.hupso.com\/share\/ --><a class=\"hupso_toolbar\" href=\"https:\/\/www.hupso.com\/share\/\"><img src=\"http:\/\/static.hupso.com\/share\/buttons\/lang\/es\/share-medium.png\" style=\"border:0px; padding-top: 5px; float:left;\" alt=\"Share Button\"\/><\/a><script type=\"text\/javascript\">var hupso_services_t=new Array(\"Twitter\",\"Facebook\",\"Google Plus\",\"Pinterest\",\"Linkedin\",\"Email\",\"Print\");var hupso_background_t=\"#EAF4FF\";var hupso_border_t=\"#66CCFF\";var hupso_toolbar_size_t=\"medium\";var hupso_image_folder_url = \"\";var hupso_twitter_via=\"hectorops\";var hupso_url_t=\"\";var hupso_title_t=\"Papa%20Francisco%3A%20la%20Iglesia%20no%20es%20una%20organizaci%C3%B3n%20burocr%C3%A1tica%2C%20es%20una%20historia%20de%20amor\";<\/script><script type=\"text\/javascript\" src=\"http:\/\/static.hupso.com\/share\/js\/share_toolbar.js\"><\/script><!-- Hupso Share Buttons --><\/div>","protected":false},"author":1,"featured_media":0,"comment_status":"open","ping_status":"open","sticky":false,"template":"","format":"standard","meta":{"jetpack_post_was_ever_published":false,"_jetpack_newsletter_access":"","_jetpack_newsletter_tier_id":0,"jetpack_publicize_message":"","jetpack_is_tweetstorm":false,"jetpack_publicize_feature_enabled":true,"jetpack_social_post_already_shared":true,"jetpack_social_options":{"image_generator_settings":{"template":"highway","enabled":false}}},"categories":[1],"tags":[33,35,49,6,11],"jetpack_publicize_connections":[],"jetpack_featured_media_url":"","jetpack_shortlink":"https:\/\/wp.me\/p3bBgS-ep","jetpack_sharing_enabled":true,"jetpack_likes_enabled":true,"_links":{"self":[{"href":"http:\/\/delamanodemaria.com\/index.php?rest_route=\/wp\/v2\/posts\/893"}],"collection":[{"href":"http:\/\/delamanodemaria.com\/index.php?rest_route=\/wp\/v2\/posts"}],"about":[{"href":"http:\/\/delamanodemaria.com\/index.php?rest_route=\/wp\/v2\/types\/post"}],"author":[{"embeddable":true,"href":"http:\/\/delamanodemaria.com\/index.php?rest_route=\/wp\/v2\/users\/1"}],"replies":[{"embeddable":true,"href":"http:\/\/delamanodemaria.com\/index.php?rest_route=%2Fwp%2Fv2%2Fcomments&post=893"}],"version-history":[{"count":1,"href":"http:\/\/delamanodemaria.com\/index.php?rest_route=\/wp\/v2\/posts\/893\/revisions"}],"predecessor-version":[{"id":895,"href":"http:\/\/delamanodemaria.com\/index.php?rest_route=\/wp\/v2\/posts\/893\/revisions\/895"}],"wp:attachment":[{"href":"http:\/\/delamanodemaria.com\/index.php?rest_route=%2Fwp%2Fv2%2Fmedia&parent=893"}],"wp:term":[{"taxonomy":"category","embeddable":true,"href":"http:\/\/delamanodemaria.com\/index.php?rest_route=%2Fwp%2Fv2%2Fcategories&post=893"},{"taxonomy":"post_tag","embeddable":true,"href":"http:\/\/delamanodemaria.com\/index.php?rest_route=%2Fwp%2Fv2%2Ftags&post=893"}],"curies":[{"name":"wp","href":"https:\/\/api.w.org\/{rel}","templated":true}]}}