{"id":897,"date":"2013-04-24T18:05:57","date_gmt":"2013-04-24T22:05:57","guid":{"rendered":"http:\/\/delamanodemaria.com\/?p=897"},"modified":"2013-04-24T18:05:57","modified_gmt":"2013-04-24T22:05:57","slug":"beatificacion-de-fr-giuseppe-girotti-o-p","status":"publish","type":"post","link":"http:\/\/delamanodemaria.com\/?p=897","title":{"rendered":"Beatificaci\u00f3n de Fr. Giuseppe Girotti, O.P."},"content":{"rendered":"<p style=\"text-align: center;\"><a href=\"http:\/\/delamanodemaria.com\/wp-content\/uploads\/2013\/04\/giuseppe_girotti1_1.jpg\"><img decoding=\"async\" loading=\"lazy\" class=\"alignnone size-full wp-image-898\" alt=\"giuseppe_girotti1_1\" src=\"http:\/\/delamanodemaria.com\/wp-content\/uploads\/2013\/04\/giuseppe_girotti1_1.jpg\" width=\"208\" height=\"202\" \/><\/a><\/p>\n<p>El pasado mi\u00e9rcoles 27 de marzo, el Santo Padre Francisco recibi\u00f3 en Audiencia al Prefecto de la Congregaci\u00f3n para las Causas de los Santos, Cardenal Angelo Amato. Durante la Audiencia, el Sumo Pont\u00edfice autoriz\u00f3 la promulgaci\u00f3n del Decreto sobre el martirio del Siervo de Dios Giuseppe Girotti, sacerdote profeso de la Orden de Frailes Predicadores.<\/p>\n<p>[seguir leyendo]<\/p>\n<p><a href=\"http:\/\/www.op.org\/es\/content\/beatificacion-de-fr-giuseppe-girotti-op\" target=\"_blank\">http:\/\/www.op.org\/es\/content\/beatificacion-de-fr-giuseppe-girotti-op<\/a><\/p>\n<div style=\"padding-bottom:20px; padding-top:10px;\" class=\"hupso-share-buttons\"><!-- Hupso Share Buttons - https:\/\/www.hupso.com\/share\/ --><a class=\"hupso_toolbar\" href=\"https:\/\/www.hupso.com\/share\/\"><img src=\"http:\/\/static.hupso.com\/share\/buttons\/lang\/es\/share-medium.png\" style=\"border:0px; padding-top: 5px; float:left;\" alt=\"Share Button\"\/><\/a><script type=\"text\/javascript\">var hupso_services_t=new Array(\"Twitter\",\"Facebook\",\"Google Plus\",\"Pinterest\",\"Linkedin\",\"Email\",\"Print\");var hupso_background_t=\"#EAF4FF\";var hupso_border_t=\"#66CCFF\";var hupso_toolbar_size_t=\"medium\";var hupso_image_folder_url = \"\";var hupso_twitter_via=\"hectorops\";var hupso_url_t=\"\";var hupso_title_t=\"Beatificaci%C3%B3n%20de%20Fr.%20Giuseppe%20Girotti%2C%20O.P.\";<\/script><script type=\"text\/javascript\" src=\"http:\/\/static.hupso.com\/share\/js\/share_toolbar.js\"><\/script><!-- Hupso Share Buttons --><\/div>","protected":false},"excerpt":{"rendered":"<p>El pasado mi\u00e9rcoles 27 de marzo, el Santo Padre Francisco recibi\u00f3 en Audiencia al Prefecto de la Congregaci\u00f3n para las Causas de los Santos, Cardenal Angelo Amato. Durante la Audiencia, el Sumo Pont\u00edfice autoriz\u00f3 la promulgaci\u00f3n del Decreto sobre el &hellip; <a href=\"http:\/\/delamanodemaria.com\/?p=897\">Continue reading <span class=\"meta-nav\">&rarr;<\/span><\/a><\/p>\n<div style=\"padding-bottom:20px; padding-top:10px;\" class=\"hupso-share-buttons\"><!-- Hupso Share Buttons - https:\/\/www.hupso.com\/share\/ --><a class=\"hupso_toolbar\" href=\"https:\/\/www.hupso.com\/share\/\"><img src=\"http:\/\/static.hupso.com\/share\/buttons\/lang\/es\/share-medium.png\" style=\"border:0px; padding-top: 5px; float:left;\" alt=\"Share Button\"\/><\/a><script type=\"text\/javascript\">var hupso_services_t=new Array(\"Twitter\",\"Facebook\",\"Google Plus\",\"Pinterest\",\"Linkedin\",\"Email\",\"Print\");var hupso_background_t=\"#EAF4FF\";var hupso_border_t=\"#66CCFF\";var hupso_toolbar_size_t=\"medium\";var hupso_image_folder_url = \"\";var hupso_twitter_via=\"hectorops\";var hupso_url_t=\"\";var hupso_title_t=\"Beatificaci%C3%B3n%20de%20Fr.%20Giuseppe%20Girotti%2C%20O.P.\";<\/script><script type=\"text\/javascript\" src=\"http:\/\/static.hupso.com\/share\/js\/share_toolbar.js\"><\/script><!-- Hupso Share Buttons --><\/div>","protected":false},"author":1,"featured_media":0,"comment_status":"open","ping_status":"open","sticky":false,"template":"","format":"standard","meta":{"jetpack_post_was_ever_published":false,"_jetpack_newsletter_access":"","_jetpack_newsletter_tier_id":0,"jetpack_publicize_message":"","jetpack_is_tweetstorm":false,"jetpack_publicize_feature_enabled":true,"jetpack_social_post_already_shared":true,"jetpack_social_options":{"image_generator_settings":{"template":"highway","enabled":false}}},"categories":[1],"tags":[35,114,11,20],"jetpack_publicize_connections":[],"jetpack_featured_media_url":"","jetpack_shortlink":"https:\/\/wp.me\/p3bBgS-et","jetpack_sharing_enabled":true,"jetpack_likes_enabled":true,"_links":{"self":[{"href":"http:\/\/delamanodemaria.com\/index.php?rest_route=\/wp\/v2\/posts\/897"}],"collection":[{"href":"http:\/\/delamanodemaria.com\/index.php?rest_route=\/wp\/v2\/posts"}],"about":[{"href":"http:\/\/delamanodemaria.com\/index.php?rest_route=\/wp\/v2\/types\/post"}],"author":[{"embeddable":true,"href":"http:\/\/delamanodemaria.com\/index.php?rest_route=\/wp\/v2\/users\/1"}],"replies":[{"embeddable":true,"href":"http:\/\/delamanodemaria.com\/index.php?rest_route=%2Fwp%2Fv2%2Fcomments&post=897"}],"version-history":[{"count":1,"href":"http:\/\/delamanodemaria.com\/index.php?rest_route=\/wp\/v2\/posts\/897\/revisions"}],"predecessor-version":[{"id":899,"href":"http:\/\/delamanodemaria.com\/index.php?rest_route=\/wp\/v2\/posts\/897\/revisions\/899"}],"wp:attachment":[{"href":"http:\/\/delamanodemaria.com\/index.php?rest_route=%2Fwp%2Fv2%2Fmedia&parent=897"}],"wp:term":[{"taxonomy":"category","embeddable":true,"href":"http:\/\/delamanodemaria.com\/index.php?rest_route=%2Fwp%2Fv2%2Fcategories&post=897"},{"taxonomy":"post_tag","embeddable":true,"href":"http:\/\/delamanodemaria.com\/index.php?rest_route=%2Fwp%2Fv2%2Ftags&post=897"}],"curies":[{"name":"wp","href":"https:\/\/api.w.org\/{rel}","templated":true}]}}