{"id":9001,"date":"2017-06-10T22:38:41","date_gmt":"2017-06-11T02:38:41","guid":{"rendered":"http:\/\/delamanodemaria.com\/?p=9001"},"modified":"2017-06-10T22:38:41","modified_gmt":"2017-06-11T02:38:41","slug":"reflexion-para-la-solemnidad-de-la-santisima-trinidad-a-11-06-17","status":"publish","type":"post","link":"http:\/\/delamanodemaria.com\/?p=9001","title":{"rendered":"REFLEXI\u00d3N PARA LA SOLEMNIDAD DE LA SANT\u00cdSIMA TRINIDAD (A) 11-06-17"},"content":{"rendered":"<p><img decoding=\"async\" loading=\"lazy\" class=\"alignnone size-full wp-image-1102\" src=\"http:\/\/delamanodemaria.com\/wp-content\/uploads\/2013\/05\/Santisima-Trinidad-2.jpg\" alt=\"\" width=\"750\" height=\"694\" srcset=\"http:\/\/delamanodemaria.com\/wp-content\/uploads\/2013\/05\/Santisima-Trinidad-2.jpg 750w, http:\/\/delamanodemaria.com\/wp-content\/uploads\/2013\/05\/Santisima-Trinidad-2-300x277.jpg 300w, http:\/\/delamanodemaria.com\/wp-content\/uploads\/2013\/05\/Santisima-Trinidad-2-324x300.jpg 324w\" sizes=\"(max-width: 750px) 100vw, 750px\" \/><\/p>\n<p>Hoy celebramos la solemnidad de la <em>Sant\u00edsima Trinidad<\/em>, ese misterio insondable del Dios Uno y Trino. Un solo Dios, tres personas divinas. Y en la lectura evang\u00e9lica que nos presenta la liturgia para hoy (Jn 3,16-18) Jes\u00fas reafirma en forma inequ\u00edvoca la identidad entre el Padre y \u00c9l, y c\u00f3mo un en acto de amor nos \u201centreg\u00f3 a su Hijo \u00fanico para que no perezca ninguno de los que creen en \u00e9l, sino que tengan vida eterna\u201d.<\/p>\n<p>Este pasaje tenemos que leerlo en su contexto: La conversaci\u00f3n de Jes\u00fas con Nicodemo que ocupa m\u00e1s de la primera mitad del cap\u00edtulo 3 del Evangelio seg\u00fan san Juan, en la cual Jes\u00fas acaba de decirle a Nicodemo que \u201cel que no nazca de agua y de Esp\u00edritu no puede entrar en el Reino de Dios\u201d.<\/p>\n<p>Durante la cincuentena de Pascua, mientras nos prepar\u00e1bamos para la solemnidad de Pentecost\u00e9s, le\u00edamos el libro de los Hechos de los Ap\u00f3stoles que centraba nuestra mirada en la tercera Persona de la Sant\u00edsima Trinidad, el Esp\u00edritu Santo consolador que los ap\u00f3stoles y los otros disc\u00edpulos congregados en torno a ellos recibir\u00edan en Pentecost\u00e9s junto a Mar\u00eda, la madre de Jes\u00fas y madre nuestra, dando origen a la Iglesia misionera.<\/p>\n<p>Eso le infunde un car\u00e1cter Trinitario a la Iglesia, ya que esta nace de la promesa del Padre que se hace realidad en Pentecost\u00e9s a fin de que la comunidad d\u00e9 testimonio de Jes\u00fas; y es el Esp\u00edritu quien gu\u00eda la obra de evangelizaci\u00f3n y le da la fuerza necesaria para dar testimonio de Jes\u00fas en medio de persecuciones y luchas.<\/p>\n<p>Es decir, que podemos participar de la vida eterna gracias a ese amor entre el Padre y el Hijo que se derrama sobre nosotros en la forma del Esp\u00edritu Santo. La f\u00f3rmula es sencilla: El Padre ama al Hijo con amor infinito y el Hijo ama al Padre de igual modo; y ese amor que se genera entre ellos es el Esp\u00edritu de la Verdad que se derrama sobre nosotros y nos conduce a la Verdad plena, que es el Amor incondicional de Dios. Por eso decimos en el Credo nicenoconstantinopolitano: \u201cCreo en el Esp\u00edritu Santo, Se\u00f1or y dador de vida, que <strong><em>procede del Padre y del Hijo<\/em><\/strong>, que con el Padre y el Hijo recibe una misma adoraci\u00f3n y gloria\u2026\u201d<\/p>\n<p>Esa identidad entre el Padre, el Hijo y el Esp\u00edritu es la que hace posible la promesa de Jes\u00fas a sus disc\u00edpulos al final del Evangelio seg\u00fan san Mateo: \u201cY sabed que yo estoy con vosotros todos los d\u00edas, hasta el fin del mundo\u201d (Mt 28,20). Porque donde est\u00e1 el Padre est\u00e1 el Hijo, y est\u00e1 tambi\u00e9n el Esp\u00edritu; y donde est\u00e1 el Esp\u00edritu est\u00e1n el Padre y el Hijo. De este modo, en la acci\u00f3n del Esp\u00edritu Santo se nos revela, no solo el amor de Dios, sino la plenitud de la Trinidad.<\/p>\n<p>Por eso Pablo termina su segunda carta a los Corintios (segunda lectura de hoy) diciendo: \u201cLa gracia del Se\u00f1or Jesucristo, el amor de Dios y la comuni\u00f3n del Esp\u00edritu Santo est\u00e9 siempre con todos vosotros\u201d (2 Co 13,13).<\/p>\n<p>De eso se trata la Trinidad, pues todo el misterio de Dios se reduce al amor: \u201cQueridos, am\u00e9monos unos a otros, ya que el amor es de Dios, y todo el que ama ha nacido de Dios y conoce a Dios. Quien no ama no ha conocido a Dios, porque Dios es Amor\u201d (1Jn 4,7-8).<\/p>\n<div style=\"padding-bottom:20px; padding-top:10px;\" class=\"hupso-share-buttons\"><!-- Hupso Share Buttons - https:\/\/www.hupso.com\/share\/ --><a class=\"hupso_toolbar\" href=\"https:\/\/www.hupso.com\/share\/\"><img src=\"http:\/\/static.hupso.com\/share\/buttons\/lang\/es\/share-medium.png\" style=\"border:0px; padding-top: 5px; float:left;\" alt=\"Share Button\"\/><\/a><script type=\"text\/javascript\">var hupso_services_t=new Array(\"Twitter\",\"Facebook\",\"Google Plus\",\"Pinterest\",\"Linkedin\",\"Email\",\"Print\");var hupso_background_t=\"#EAF4FF\";var hupso_border_t=\"#66CCFF\";var hupso_toolbar_size_t=\"medium\";var hupso_image_folder_url = \"\";var hupso_twitter_via=\"hectorops\";var hupso_url_t=\"\";var hupso_title_t=\"REFLEXI%C3%93N%20PARA%20LA%20SOLEMNIDAD%20DE%20LA%20SANT%C3%8DSIMA%20TRINIDAD%20%28A%29%2011-06-17\";<\/script><script type=\"text\/javascript\" src=\"http:\/\/static.hupso.com\/share\/js\/share_toolbar.js\"><\/script><!-- Hupso Share Buttons --><\/div>","protected":false},"excerpt":{"rendered":"<p>Hoy celebramos la solemnidad de la Sant\u00edsima Trinidad, ese misterio insondable del Dios Uno y Trino. Un solo Dios, tres personas divinas. Y en la lectura evang\u00e9lica que nos presenta la liturgia para hoy (Jn 3,16-18) Jes\u00fas reafirma en forma &hellip; <a href=\"http:\/\/delamanodemaria.com\/?p=9001\">Continue reading <span class=\"meta-nav\">&rarr;<\/span><\/a><\/p>\n<div style=\"padding-bottom:20px; padding-top:10px;\" class=\"hupso-share-buttons\"><!-- Hupso Share Buttons - https:\/\/www.hupso.com\/share\/ --><a class=\"hupso_toolbar\" href=\"https:\/\/www.hupso.com\/share\/\"><img src=\"http:\/\/static.hupso.com\/share\/buttons\/lang\/es\/share-medium.png\" style=\"border:0px; padding-top: 5px; float:left;\" alt=\"Share Button\"\/><\/a><script type=\"text\/javascript\">var hupso_services_t=new Array(\"Twitter\",\"Facebook\",\"Google Plus\",\"Pinterest\",\"Linkedin\",\"Email\",\"Print\");var hupso_background_t=\"#EAF4FF\";var hupso_border_t=\"#66CCFF\";var hupso_toolbar_size_t=\"medium\";var hupso_image_folder_url = \"\";var hupso_twitter_via=\"hectorops\";var hupso_url_t=\"\";var hupso_title_t=\"REFLEXI%C3%93N%20PARA%20LA%20SOLEMNIDAD%20DE%20LA%20SANT%C3%8DSIMA%20TRINIDAD%20%28A%29%2011-06-17\";<\/script><script type=\"text\/javascript\" src=\"http:\/\/static.hupso.com\/share\/js\/share_toolbar.js\"><\/script><!-- Hupso Share Buttons --><\/div>","protected":false},"author":1,"featured_media":0,"comment_status":"open","ping_status":"open","sticky":false,"template":"","format":"standard","meta":{"jetpack_post_was_ever_published":false,"_jetpack_newsletter_access":"","_jetpack_newsletter_tier_id":0,"jetpack_publicize_message":"","jetpack_is_tweetstorm":false,"jetpack_publicize_feature_enabled":true,"jetpack_social_post_already_shared":true,"jetpack_social_options":{"image_generator_settings":{"template":"highway","enabled":false}}},"categories":[1],"tags":[534,370,864,121,128,1825,498,1482,29,96,137,1309,927,2007,525,111,42,71,2,156,321],"jetpack_publicize_connections":[],"jetpack_featured_media_url":"","jetpack_shortlink":"https:\/\/wp.me\/p3bBgS-2lb","jetpack_sharing_enabled":true,"jetpack_likes_enabled":true,"_links":{"self":[{"href":"http:\/\/delamanodemaria.com\/index.php?rest_route=\/wp\/v2\/posts\/9001"}],"collection":[{"href":"http:\/\/delamanodemaria.com\/index.php?rest_route=\/wp\/v2\/posts"}],"about":[{"href":"http:\/\/delamanodemaria.com\/index.php?rest_route=\/wp\/v2\/types\/post"}],"author":[{"embeddable":true,"href":"http:\/\/delamanodemaria.com\/index.php?rest_route=\/wp\/v2\/users\/1"}],"replies":[{"embeddable":true,"href":"http:\/\/delamanodemaria.com\/index.php?rest_route=%2Fwp%2Fv2%2Fcomments&post=9001"}],"version-history":[{"count":4,"href":"http:\/\/delamanodemaria.com\/index.php?rest_route=\/wp\/v2\/posts\/9001\/revisions"}],"predecessor-version":[{"id":9005,"href":"http:\/\/delamanodemaria.com\/index.php?rest_route=\/wp\/v2\/posts\/9001\/revisions\/9005"}],"wp:attachment":[{"href":"http:\/\/delamanodemaria.com\/index.php?rest_route=%2Fwp%2Fv2%2Fmedia&parent=9001"}],"wp:term":[{"taxonomy":"category","embeddable":true,"href":"http:\/\/delamanodemaria.com\/index.php?rest_route=%2Fwp%2Fv2%2Fcategories&post=9001"},{"taxonomy":"post_tag","embeddable":true,"href":"http:\/\/delamanodemaria.com\/index.php?rest_route=%2Fwp%2Fv2%2Ftags&post=9001"}],"curies":[{"name":"wp","href":"https:\/\/api.w.org\/{rel}","templated":true}]}}