{"id":9027,"date":"2017-06-16T20:26:45","date_gmt":"2017-06-17T00:26:45","guid":{"rendered":"http:\/\/delamanodemaria.com\/?p=9027"},"modified":"2017-06-16T20:26:45","modified_gmt":"2017-06-17T00:26:45","slug":"reflexion-para-el-sabado-de-la-decima-semana-del-t-o-1-17-06-17","status":"publish","type":"post","link":"http:\/\/delamanodemaria.com\/?p=9027","title":{"rendered":"REFLEXI\u00d3N PARA EL S\u00c1BADO DE LA D\u00c9CIMA SEMANA DEL T.O. (1) 17-06-17"},"content":{"rendered":"<p><img decoding=\"async\" loading=\"lazy\" class=\"alignnone size-full wp-image-9029\" src=\"http:\/\/delamanodemaria.com\/wp-content\/uploads\/2017\/06\/jurar-por-dios.jpg\" alt=\"\" width=\"640\" height=\"369\" srcset=\"http:\/\/delamanodemaria.com\/wp-content\/uploads\/2017\/06\/jurar-por-dios.jpg 640w, http:\/\/delamanodemaria.com\/wp-content\/uploads\/2017\/06\/jurar-por-dios-300x173.jpg 300w, http:\/\/delamanodemaria.com\/wp-content\/uploads\/2017\/06\/jurar-por-dios-500x288.jpg 500w\" sizes=\"(max-width: 640px) 100vw, 640px\" \/><\/p>\n<p>\u201cHab\u00e9is o\u00eddo que se dijo a los antiguos\u201d\u2026 \u201cPues yo os digo\u201d\u2026 Jes\u00fas ha venido repitiendo ambas frases en las lecturas de los \u00faltimos d\u00edas. Entre ambas se establece el contraste entre la justicia antigua, y la nueva que Jes\u00fas acaba de proclamar en el discurso de las Bienaventuranzas, as\u00ed como la\u00a0 superioridad de la \u00faltima sobre la primera. En la lectura evang\u00e9lica de hoy (Mt 5,33-37) Jes\u00fas repite las mismas frases.<\/p>\n<p>La segunda, \u201cpues yo os digo\u201d, establece la autoridad de Jes\u00fas. Al utilizar ese lenguaje Jes\u00fas se presenta, no como un profeta m\u00e1s, sino como la \u00faltima autoridad. Los profetas siempre acompa\u00f1aban sus sentencias con \u201cor\u00e1culo de Yahv\u00e9\u201d, o \u201cdice el Se\u00f1or\u201d. Jes\u00fas habla con su propia autoridad como Hijo de Dios, y nos comunica cu\u00e1l fue la intenci\u00f3n del Padre al comunicar la Ley a \u201clos antiguos\u201d. De ese modo nos ilumina sobre cu\u00e1l es la verdadera interpretaci\u00f3n de la Ley; se nos presenta como su m\u00e1ximo int\u00e9rprete.<\/p>\n<p>Recordemos que hace unos d\u00edas le\u00edamos el vers\u00edculo 17 de este mismo cap\u00edtulo de Mateo, en que Jes\u00fas recalca: \u201cNo cre\u00e1is que he venido a abolir la Ley y los profetas: no he venido a abolir, sino a dar plenitud\u201d.<\/p>\n<p>En el pasaje que examinamos hoy Jes\u00fas examina otro precepto de la ley tradicional: \u201cNo jurar\u00e9is en falso por mi nombre: profanar\u00edas el nombre de tu Dios\u201d (Lv 19,12). La Ley prescrib\u00eda que todos dijeran la verdad; por eso prohib\u00eda los juramentos falsos, es decir, poner a Dios \u201ccomo testigo\u201d para sostener una falsedad. \u201cPues yo os digo que no jur\u00e9is en absoluto\u201d, nos dice Jes\u00fas. De este modo Jes\u00fas retiene el esp\u00edritu de la Ley y al mismo tiempo la lleva a su perfecci\u00f3n: Siempre hay que decir la verdad. Si todos decimos la verdad no hay necesidad de juramento, pues la palabra es la propia garant\u00eda de su veracidad. M\u00e1s all\u00e1 de la letra de la Ley, Jes\u00fas nos revela cu\u00e1l es el objetivo \u00faltimo de este mandamiento: que todas las relaciones entre las personas est\u00e9n fundamentadas en la verdad.<\/p>\n<p>A esto, Jes\u00fas a\u00f1ade que no debemos jurar por Dios, \u201cni por el cielo, que es el trono de Dios; ni por la tierra, que es estrado de sus pies; ni por Jerusal\u00e9n, que es la ciudad del Gran Rey. Ni jures por tu cabeza, pues no puedes volver blanco o negro un solo pelo\u201d. Jes\u00fas alude a todos los circunloquios que los jud\u00edos utilizaban para no aludir directamente a Dios al hacer sus juramentos falsos, en un intento de \u201ccumplir\u201d con la Ley al no jurar en falso en Su nombre. \u00bfCu\u00e1ntas veces tratamos de justificar nuestras actuaciones, haciendo una interpretaci\u00f3n acomodaticia de los mandamientos para acallar nuestra conciencia y \u201csentirnos bien\u201d?<\/p>\n<p>\u201cA vosotros os basta decir &#8220;s\u00ed&#8221; o &#8220;no&#8221;. Lo que pasa de ah\u00ed viene del Maligno\u201d. Jes\u00fas quiere que el cristiano sea veraz, transparente, que su palabra sea su propia garante, que la verdad brille por s\u00ed misma, porque la verdad viene de Dios. La mentira, y la tentaci\u00f3n de poner a Dios por testigo de la misma, por el contrario, vienen del Maligno.<\/p>\n<p>Se\u00f1or, no nos dejes caer en la tentaci\u00f3n de la mentira, y l\u00edbranos de la acechanzas del Maligno.<\/p>\n<div style=\"padding-bottom:20px; padding-top:10px;\" class=\"hupso-share-buttons\"><!-- Hupso Share Buttons - https:\/\/www.hupso.com\/share\/ --><a class=\"hupso_toolbar\" href=\"https:\/\/www.hupso.com\/share\/\"><img src=\"http:\/\/static.hupso.com\/share\/buttons\/lang\/es\/share-medium.png\" style=\"border:0px; padding-top: 5px; float:left;\" alt=\"Share Button\"\/><\/a><script type=\"text\/javascript\">var hupso_services_t=new Array(\"Twitter\",\"Facebook\",\"Google Plus\",\"Pinterest\",\"Linkedin\",\"Email\",\"Print\");var hupso_background_t=\"#EAF4FF\";var hupso_border_t=\"#66CCFF\";var hupso_toolbar_size_t=\"medium\";var hupso_image_folder_url = \"\";var hupso_twitter_via=\"hectorops\";var hupso_url_t=\"\";var hupso_title_t=\"REFLEXI%C3%93N%20PARA%20EL%20S%C3%81BADO%20DE%20LA%20D%C3%89CIMA%20SEMANA%20DEL%20T.O.%20%281%29%2017-06-17\";<\/script><script type=\"text\/javascript\" src=\"http:\/\/static.hupso.com\/share\/js\/share_toolbar.js\"><\/script><!-- Hupso Share Buttons --><\/div>","protected":false},"excerpt":{"rendered":"<p>\u201cHab\u00e9is o\u00eddo que se dijo a los antiguos\u201d\u2026 \u201cPues yo os digo\u201d\u2026 Jes\u00fas ha venido repitiendo ambas frases en las lecturas de los \u00faltimos d\u00edas. Entre ambas se establece el contraste entre la justicia antigua, y la nueva que Jes\u00fas &hellip; <a href=\"http:\/\/delamanodemaria.com\/?p=9027\">Continue reading <span class=\"meta-nav\">&rarr;<\/span><\/a><\/p>\n<div style=\"padding-bottom:20px; padding-top:10px;\" class=\"hupso-share-buttons\"><!-- Hupso Share Buttons - https:\/\/www.hupso.com\/share\/ --><a class=\"hupso_toolbar\" href=\"https:\/\/www.hupso.com\/share\/\"><img src=\"http:\/\/static.hupso.com\/share\/buttons\/lang\/es\/share-medium.png\" style=\"border:0px; padding-top: 5px; float:left;\" alt=\"Share Button\"\/><\/a><script type=\"text\/javascript\">var hupso_services_t=new Array(\"Twitter\",\"Facebook\",\"Google Plus\",\"Pinterest\",\"Linkedin\",\"Email\",\"Print\");var hupso_background_t=\"#EAF4FF\";var hupso_border_t=\"#66CCFF\";var hupso_toolbar_size_t=\"medium\";var hupso_image_folder_url = \"\";var hupso_twitter_via=\"hectorops\";var hupso_url_t=\"\";var hupso_title_t=\"REFLEXI%C3%93N%20PARA%20EL%20S%C3%81BADO%20DE%20LA%20D%C3%89CIMA%20SEMANA%20DEL%20T.O.%20%281%29%2017-06-17\";<\/script><script type=\"text\/javascript\" src=\"http:\/\/static.hupso.com\/share\/js\/share_toolbar.js\"><\/script><!-- Hupso Share Buttons --><\/div>","protected":false},"author":1,"featured_media":0,"comment_status":"open","ping_status":"open","sticky":false,"template":"","format":"standard","meta":{"jetpack_post_was_ever_published":false,"_jetpack_newsletter_access":"","_jetpack_newsletter_tier_id":0,"jetpack_publicize_message":"","jetpack_is_tweetstorm":false,"jetpack_publicize_feature_enabled":true,"jetpack_social_post_already_shared":true,"jetpack_social_options":{"image_generator_settings":{"template":"highway","enabled":false}}},"categories":[1],"tags":[1091,186,13,2010,2011,2013,2009,2012,189,202,2,722],"jetpack_publicize_connections":[],"jetpack_featured_media_url":"","jetpack_shortlink":"https:\/\/wp.me\/p3bBgS-2lB","jetpack_sharing_enabled":true,"jetpack_likes_enabled":true,"_links":{"self":[{"href":"http:\/\/delamanodemaria.com\/index.php?rest_route=\/wp\/v2\/posts\/9027"}],"collection":[{"href":"http:\/\/delamanodemaria.com\/index.php?rest_route=\/wp\/v2\/posts"}],"about":[{"href":"http:\/\/delamanodemaria.com\/index.php?rest_route=\/wp\/v2\/types\/post"}],"author":[{"embeddable":true,"href":"http:\/\/delamanodemaria.com\/index.php?rest_route=\/wp\/v2\/users\/1"}],"replies":[{"embeddable":true,"href":"http:\/\/delamanodemaria.com\/index.php?rest_route=%2Fwp%2Fv2%2Fcomments&post=9027"}],"version-history":[{"count":2,"href":"http:\/\/delamanodemaria.com\/index.php?rest_route=\/wp\/v2\/posts\/9027\/revisions"}],"predecessor-version":[{"id":9030,"href":"http:\/\/delamanodemaria.com\/index.php?rest_route=\/wp\/v2\/posts\/9027\/revisions\/9030"}],"wp:attachment":[{"href":"http:\/\/delamanodemaria.com\/index.php?rest_route=%2Fwp%2Fv2%2Fmedia&parent=9027"}],"wp:term":[{"taxonomy":"category","embeddable":true,"href":"http:\/\/delamanodemaria.com\/index.php?rest_route=%2Fwp%2Fv2%2Fcategories&post=9027"},{"taxonomy":"post_tag","embeddable":true,"href":"http:\/\/delamanodemaria.com\/index.php?rest_route=%2Fwp%2Fv2%2Ftags&post=9027"}],"curies":[{"name":"wp","href":"https:\/\/api.w.org\/{rel}","templated":true}]}}