{"id":9038,"date":"2017-06-19T20:24:19","date_gmt":"2017-06-20T00:24:19","guid":{"rendered":"http:\/\/delamanodemaria.com\/?p=9038"},"modified":"2017-06-19T20:24:19","modified_gmt":"2017-06-20T00:24:19","slug":"reflexion-para-el-martes-de-la-undecima-semana-del-t-o-1-20-06-17","status":"publish","type":"post","link":"http:\/\/delamanodemaria.com\/?p=9038","title":{"rendered":"REFLEXI\u00d3N PARA EL MARTES DE LA UND\u00c9CIMA SEMANA DEL T.O. (1) 20-06-17"},"content":{"rendered":"<p><img decoding=\"async\" loading=\"lazy\" class=\"alignnone size-full wp-image-6711\" src=\"http:\/\/delamanodemaria.com\/wp-content\/uploads\/2016\/02\/amad-a-vuestros-enemigos.jpg\" alt=\"\" width=\"640\" height=\"449\" srcset=\"http:\/\/delamanodemaria.com\/wp-content\/uploads\/2016\/02\/amad-a-vuestros-enemigos.jpg 640w, http:\/\/delamanodemaria.com\/wp-content\/uploads\/2016\/02\/amad-a-vuestros-enemigos-300x210.jpg 300w, http:\/\/delamanodemaria.com\/wp-content\/uploads\/2016\/02\/amad-a-vuestros-enemigos-428x300.jpg 428w\" sizes=\"(max-width: 640px) 100vw, 640px\" \/><\/p>\n<p>En el pasaje evang\u00e9lico de ayer (Mt 5,38-42) Jes\u00fas nos instaba a \u201cponer la otra mejilla\u201d al que nos abofetee, a darle la capa al que quiera quitarnos la t\u00fanica, a caminar \u201cla milla extra\u201d por el que nos pida acompa\u00f1amiento, a darle al que nos pida, y a no rehuir al que nos pida prestado. Dec\u00edamos que esa conducta est\u00e1 re\u00f1ida con el mundo secular en que nos ha tocado vivir, y c\u00f3mo puede resultar dif\u00edcil, y hasta absurda, a nuestros contempor\u00e1neos.<\/p>\n<p>Si cre\u00edamos que esas exigencias del seguimiento de Jes\u00fas eran dif\u00edciles, en la lectura evang\u00e9lica que nos brinda la liturgia para hoy (Mt 5,43-48), Jes\u00fas las lleva al extremo.<\/p>\n<p>\u201cAmad a vuestros enemigos, y rezad por los que os persiguen. As\u00ed ser\u00e9is hijos de vuestro Padre que est\u00e1 en el cielo, que hace salir su sol sobre malos y buenos, y manda la lluvia a justos e injustos. Porque, si am\u00e1is a los que os aman, \u00bfqu\u00e9 premio tendr\u00e9is? \u00bfNo hacen lo mismo tambi\u00e9n los publicanos? Y si salud\u00e1is s\u00f3lo a vuestros hermanos, \u00bfqu\u00e9 hac\u00e9is de extraordinario? \u00bfNo hacen lo mismo tambi\u00e9n los gentiles? Por tanto, sed perfectos, como vuestro Padre celestial es perfecto\u201d.<\/p>\n<p>Este pasaje da significado a lo dicho por Juan al final del pr\u00f3logo de su relato evang\u00e9lico: \u201cla Ley fue dada por medio de Mois\u00e9s, pero la gracia y la verdad nos han llegado por Jesucristo\u201d (1,17). Es el cumplimiento de la profec\u00eda del Antiguo Testamento: \u201cLlegar\u00e1n los d\u00edas \u2013or\u00e1culo del Se\u00f1or\u2013 en que establecer\u00e9 una nueva Alianza con la casa de Israel y la casa de Jud\u00e1. No ser\u00e1 como la Alianza que establec\u00ed con sus padres el d\u00eda en que los tom\u00e9 de la mano para hacerlos salir del pa\u00eds de Egipto, mi Alianza que ellos rompieron, aunque yo era su due\u00f1o \u2013or\u00e1culo del Se\u00f1or\u2013. Esta es la Alianza que establecer\u00e9 con la casa de Israel, despu\u00e9s de aquellos d\u00edas \u2013or\u00e1culo del Se\u00f1or\u2013: pondr\u00e9 mi Ley dentro de ellos, y la escribir\u00e9 en sus corazones\u201d (Jr 31,31-33).<\/p>\n<p>Lo que parece imposible, amar a nuestros enemigos, se hace, no solo posible, sino que es consecuencia inevitable del llamado que Jes\u00fas nos hace: \u201csed perfectos, como vuestro Padre celestial es perfecto\u201d. \u201cSer perfecto\u201d significa amar sin medida, como \u00c9l nos ama, a pesar de todas nuestras afrentas, nuestras tibiezas, nuestras traiciones. \u201cSer perfecto\u201d es aprender a ver el rostro de Jes\u00fas en todos nuestros hermanos, aun en aquellos que nos hace la vida dif\u00edcil, aquellos que nos ponen la zancadilla, que entorpecen nuestra labor o, pero aun, nos causan da\u00f1o con toda deliberaci\u00f3n. Es a esos a quienes Jes\u00fas dice que tenemos que amar. \u00bfDif\u00edcil? S\u00ed. \u00bfImposible? No.<\/p>\n<p>Si abrimos nuestros corazones al Amor de Dios, y conocemos ese amor, y lo reciprocamos, no tenemos otra alternativa que amar a todos como lo hace \u00c9l (<em>Cfr<\/em>. Jn 14,5), que fue capaz de perdonar a sus verdugos (Lc 23,34).<\/p>\n<p>Le\u00ed en alg\u00fan lugar que amar es una decisi\u00f3n, y que el resultado de esa decisi\u00f3n es el amor. Comienza por ah\u00ed. Toma la decisi\u00f3n a amar a tus \u201cenemigos\u201d, a\u00f1\u00e1dele el Amor del Padre, y ya no ser\u00e1 una mera decisi\u00f3n; ser\u00e1 un imperativo de vida. Entonces ser\u00e1s perfecto, como nuestro Padre celestial es perfecto.<\/p>\n<div style=\"padding-bottom:20px; padding-top:10px;\" class=\"hupso-share-buttons\"><!-- Hupso Share Buttons - https:\/\/www.hupso.com\/share\/ --><a class=\"hupso_toolbar\" href=\"https:\/\/www.hupso.com\/share\/\"><img src=\"http:\/\/static.hupso.com\/share\/buttons\/lang\/es\/share-medium.png\" style=\"border:0px; padding-top: 5px; float:left;\" alt=\"Share Button\"\/><\/a><script type=\"text\/javascript\">var hupso_services_t=new Array(\"Twitter\",\"Facebook\",\"Google Plus\",\"Pinterest\",\"Linkedin\",\"Email\",\"Print\");var hupso_background_t=\"#EAF4FF\";var hupso_border_t=\"#66CCFF\";var hupso_toolbar_size_t=\"medium\";var hupso_image_folder_url = \"\";var hupso_twitter_via=\"hectorops\";var hupso_url_t=\"\";var hupso_title_t=\"REFLEXI%C3%93N%20PARA%20EL%20MARTES%20DE%20LA%20UND%C3%89CIMA%20SEMANA%20DEL%20T.O.%20%281%29%2020-06-17\";<\/script><script type=\"text\/javascript\" src=\"http:\/\/static.hupso.com\/share\/js\/share_toolbar.js\"><\/script><!-- Hupso Share Buttons --><\/div>","protected":false},"excerpt":{"rendered":"<p>En el pasaje evang\u00e9lico de ayer (Mt 5,38-42) Jes\u00fas nos instaba a \u201cponer la otra mejilla\u201d al que nos abofetee, a darle la capa al que quiera quitarnos la t\u00fanica, a caminar \u201cla milla extra\u201d por el que nos pida &hellip; <a href=\"http:\/\/delamanodemaria.com\/?p=9038\">Continue reading <span class=\"meta-nav\">&rarr;<\/span><\/a><\/p>\n<div style=\"padding-bottom:20px; padding-top:10px;\" class=\"hupso-share-buttons\"><!-- Hupso Share Buttons - https:\/\/www.hupso.com\/share\/ --><a class=\"hupso_toolbar\" href=\"https:\/\/www.hupso.com\/share\/\"><img src=\"http:\/\/static.hupso.com\/share\/buttons\/lang\/es\/share-medium.png\" style=\"border:0px; padding-top: 5px; float:left;\" alt=\"Share Button\"\/><\/a><script type=\"text\/javascript\">var hupso_services_t=new Array(\"Twitter\",\"Facebook\",\"Google Plus\",\"Pinterest\",\"Linkedin\",\"Email\",\"Print\");var hupso_background_t=\"#EAF4FF\";var hupso_border_t=\"#66CCFF\";var hupso_toolbar_size_t=\"medium\";var hupso_image_folder_url = \"\";var hupso_twitter_via=\"hectorops\";var hupso_url_t=\"\";var hupso_title_t=\"REFLEXI%C3%93N%20PARA%20EL%20MARTES%20DE%20LA%20UND%C3%89CIMA%20SEMANA%20DEL%20T.O.%20%281%29%2020-06-17\";<\/script><script type=\"text\/javascript\" src=\"http:\/\/static.hupso.com\/share\/js\/share_toolbar.js\"><\/script><!-- Hupso Share Buttons --><\/div>","protected":false},"author":1,"featured_media":0,"comment_status":"open","ping_status":"open","sticky":false,"template":"","format":"standard","meta":{"jetpack_post_was_ever_published":false,"_jetpack_newsletter_access":"","_jetpack_newsletter_tier_id":0,"jetpack_publicize_message":"","jetpack_is_tweetstorm":false,"jetpack_publicize_feature_enabled":true,"jetpack_social_post_already_shared":true,"jetpack_social_options":{"image_generator_settings":{"template":"highway","enabled":false}}},"categories":[1],"tags":[2019,534,2020,765,629,1404,96,13,189,748,428,110,816,2,722],"jetpack_publicize_connections":[],"jetpack_featured_media_url":"","jetpack_shortlink":"https:\/\/wp.me\/p3bBgS-2lM","jetpack_sharing_enabled":true,"jetpack_likes_enabled":true,"_links":{"self":[{"href":"http:\/\/delamanodemaria.com\/index.php?rest_route=\/wp\/v2\/posts\/9038"}],"collection":[{"href":"http:\/\/delamanodemaria.com\/index.php?rest_route=\/wp\/v2\/posts"}],"about":[{"href":"http:\/\/delamanodemaria.com\/index.php?rest_route=\/wp\/v2\/types\/post"}],"author":[{"embeddable":true,"href":"http:\/\/delamanodemaria.com\/index.php?rest_route=\/wp\/v2\/users\/1"}],"replies":[{"embeddable":true,"href":"http:\/\/delamanodemaria.com\/index.php?rest_route=%2Fwp%2Fv2%2Fcomments&post=9038"}],"version-history":[{"count":2,"href":"http:\/\/delamanodemaria.com\/index.php?rest_route=\/wp\/v2\/posts\/9038\/revisions"}],"predecessor-version":[{"id":9040,"href":"http:\/\/delamanodemaria.com\/index.php?rest_route=\/wp\/v2\/posts\/9038\/revisions\/9040"}],"wp:attachment":[{"href":"http:\/\/delamanodemaria.com\/index.php?rest_route=%2Fwp%2Fv2%2Fmedia&parent=9038"}],"wp:term":[{"taxonomy":"category","embeddable":true,"href":"http:\/\/delamanodemaria.com\/index.php?rest_route=%2Fwp%2Fv2%2Fcategories&post=9038"},{"taxonomy":"post_tag","embeddable":true,"href":"http:\/\/delamanodemaria.com\/index.php?rest_route=%2Fwp%2Fv2%2Ftags&post=9038"}],"curies":[{"name":"wp","href":"https:\/\/api.w.org\/{rel}","templated":true}]}}