{"id":9057,"date":"2017-06-24T23:59:13","date_gmt":"2017-06-25T03:59:13","guid":{"rendered":"http:\/\/delamanodemaria.com\/?p=9057"},"modified":"2017-06-25T00:12:58","modified_gmt":"2017-06-25T04:12:58","slug":"reflexion-para-el-duodecimo-domingo-del-t-o-a-25-06-17","status":"publish","type":"post","link":"http:\/\/delamanodemaria.com\/?p=9057","title":{"rendered":"REFLEXI\u00d3N PARA EL DUOD\u00c9CIMO DOMINGO DEL T.O. (A) 25-06-17"},"content":{"rendered":"<p><img decoding=\"async\" loading=\"lazy\" class=\"alignnone size-full wp-image-9059\" src=\"http:\/\/delamanodemaria.com\/wp-content\/uploads\/2017\/06\/12-Ordinario-A.jpg\" alt=\"\" width=\"620\" height=\"349\" srcset=\"http:\/\/delamanodemaria.com\/wp-content\/uploads\/2017\/06\/12-Ordinario-A.jpg 620w, http:\/\/delamanodemaria.com\/wp-content\/uploads\/2017\/06\/12-Ordinario-A-300x169.jpg 300w, http:\/\/delamanodemaria.com\/wp-content\/uploads\/2017\/06\/12-Ordinario-A-500x281.jpg 500w\" sizes=\"(max-width: 620px) 100vw, 620px\" \/><\/p>\n<p>La lectura evang\u00e9lica que nos propone la liturgia para este duod\u00e9cimo domingo del tiempo ordinario (Mt 10, 26-33), est\u00e1 enmarcada en el llamado \u201cdiscurso apost\u00f3lico\u201d de Jes\u00fas comprendido en el cap\u00edtulo 10 de su Evangelio. Cabe se\u00f1alar que en su relato Mateo agrupa o reordena las palabras de Jes\u00fas en cinco grandes discursos, en un esfuerzo por presentar a Jes\u00fas como el \u201cnuevo Mois\u00e9s\u201d, a quien para entonces se le atribu\u00eda la autor\u00eda de los primeros cinco libros del Antiguo Testamento (el <em>Pentateuco<\/em>).<\/p>\n<p>Es en este discurso, que comprende tambi\u00e9n el Evangelio que vamos a leer el pr\u00f3ximo domingo, que Jes\u00fas imparte las \u201cinstrucciones\u201d a los Doce cuando los env\u00eda en esa primera misi\u00f3n destinada a los suyos (10,5), es decir, al pueblo jud\u00edo, que con su fundamentalismo religioso ya mostraba rechazo a su mensaje. Por eso les instruye en tres ocasiones (vv. 20,28,31) a \u201cno tener miedo\u201d, a ser valientes; que si se mantienen firmes en su misi\u00f3n \u00c9l estar\u00e1 de su parte.\u00a0As\u00ed se los afirma al final del pasaje cuando dice: \u201cSi uno se pone de mi parte ante los hombres, yo tambi\u00e9n me pondr\u00e9 de su parte ante mi Padre del cielo\u201d.<\/p>\n<p>Esa llamada a no tener miedo no se da en el vac\u00edo. Poco antes, en el mismo discurso les hab\u00eda advertido que los enviaba \u201ccomo ovejas entre lobos\u201d (10,16). Es l\u00f3gico que se sintieran, al menos, aprehensivos.<\/p>\n<p>Esa ha sido una constante en la misi\u00f3n prof\u00e9tica, es decir, la de aquellos (todos nosotros) que somos llamados a proclamar la Palabra, el mensaje de Dios. Por eso junto con la misi\u00f3n est\u00e1 siempre la promesa, como lo leemos tambi\u00e9n en la primera lectura (Jr 20,10-13): \u201cPero el Se\u00f1or est\u00e1 conmigo, como fuerte soldado; mis enemigos tropezar\u00e1n y no podr\u00e1n conmigo. Se avergonzar\u00e1n de su fracaso con sonrojo eterno que no se olvidar\u00e1. Se\u00f1or de los ej\u00e9rcitos, que examinas al justo y sondeas lo \u00edntimo del coraz\u00f3n, que yo vea la venganza que tomas de ellos, porque a ti encomend\u00e9 mi causa. Cantad al Se\u00f1or, alabad al Se\u00f1or, que libr\u00f3 la vida del pobre de manos de los imp\u00edos\u201d.<\/p>\n<p>Esa confianza en el Padre debe ser motivo suficiente para que no tengamos miedo de dar testimonio de Cristo; que no importa lo que tengamos que enfrentar lo haremos con alegr\u00eda, porque a ese reconocimiento o confesi\u00f3n p\u00fablica que hagamos de Cristo corresponder\u00e1 un reconocimiento que Cristo har\u00e1 de nosotros ante el Padre. As\u00ed, la salvaci\u00f3n o condenaci\u00f3n de cada hombre depende de la palabra de reconocimiento o negaci\u00f3n que Cristo pronuncia sobre \u00e9l ante el Padre.<\/p>\n<p>\u201cSe\u00f1or Dios, Padre nuestro:\u00a0Hemos experimentado mucha gracia y amor, y perd\u00f3n misericordioso proveniente de ti, y tu Hijo Jes\u00fas nos ha tra\u00eddo\u00a0un inolvidable mensaje de alegr\u00eda. No permitas que jam\u00e1s lo olvidemos,\u00a0y haznos tan atrevidos como para compartir con otros\u00a0lo que de ti hemos recibido como don gratuito. Que nuestra misma vida d\u00e9 testimonio\u00a0de que Jes\u00fas camina a nuestro lado y de que nunca deber\u00edamos tener miedo\u00a0de proclamar con nuestra misma vida\u00a0nuestra esperanza y nuestra fe confiada en ti\u201d (Oraci\u00f3n colecta).<\/p>\n<div style=\"padding-bottom:20px; padding-top:10px;\" class=\"hupso-share-buttons\"><!-- Hupso Share Buttons - https:\/\/www.hupso.com\/share\/ --><a class=\"hupso_toolbar\" href=\"https:\/\/www.hupso.com\/share\/\"><img src=\"http:\/\/static.hupso.com\/share\/buttons\/lang\/es\/share-medium.png\" style=\"border:0px; padding-top: 5px; float:left;\" alt=\"Share Button\"\/><\/a><script type=\"text\/javascript\">var hupso_services_t=new Array(\"Twitter\",\"Facebook\",\"Google Plus\",\"Pinterest\",\"Linkedin\",\"Email\",\"Print\");var hupso_background_t=\"#EAF4FF\";var hupso_border_t=\"#66CCFF\";var hupso_toolbar_size_t=\"medium\";var hupso_image_folder_url = \"\";var hupso_twitter_via=\"hectorops\";var hupso_url_t=\"\";var hupso_title_t=\"REFLEXI%C3%93N%20PARA%20EL%20DUOD%C3%89CIMO%20DOMINGO%20DEL%20T.O.%20%28A%29%2025-06-17\";<\/script><script type=\"text\/javascript\" src=\"http:\/\/static.hupso.com\/share\/js\/share_toolbar.js\"><\/script><!-- Hupso Share Buttons --><\/div>","protected":false},"excerpt":{"rendered":"<p>La lectura evang\u00e9lica que nos propone la liturgia para este duod\u00e9cimo domingo del tiempo ordinario (Mt 10, 26-33), est\u00e1 enmarcada en el llamado \u201cdiscurso apost\u00f3lico\u201d de Jes\u00fas comprendido en el cap\u00edtulo 10 de su Evangelio. Cabe se\u00f1alar que en su &hellip; <a href=\"http:\/\/delamanodemaria.com\/?p=9057\">Continue reading <span class=\"meta-nav\">&rarr;<\/span><\/a><\/p>\n<div style=\"padding-bottom:20px; padding-top:10px;\" class=\"hupso-share-buttons\"><!-- Hupso Share Buttons - https:\/\/www.hupso.com\/share\/ --><a class=\"hupso_toolbar\" href=\"https:\/\/www.hupso.com\/share\/\"><img src=\"http:\/\/static.hupso.com\/share\/buttons\/lang\/es\/share-medium.png\" style=\"border:0px; padding-top: 5px; float:left;\" alt=\"Share Button\"\/><\/a><script type=\"text\/javascript\">var hupso_services_t=new Array(\"Twitter\",\"Facebook\",\"Google Plus\",\"Pinterest\",\"Linkedin\",\"Email\",\"Print\");var hupso_background_t=\"#EAF4FF\";var hupso_border_t=\"#66CCFF\";var hupso_toolbar_size_t=\"medium\";var hupso_image_folder_url = \"\";var hupso_twitter_via=\"hectorops\";var hupso_url_t=\"\";var hupso_title_t=\"REFLEXI%C3%93N%20PARA%20EL%20DUOD%C3%89CIMO%20DOMINGO%20DEL%20T.O.%20%28A%29%2025-06-17\";<\/script><script type=\"text\/javascript\" src=\"http:\/\/static.hupso.com\/share\/js\/share_toolbar.js\"><\/script><!-- Hupso Share Buttons --><\/div>","protected":false},"author":1,"featured_media":0,"comment_status":"open","ping_status":"open","sticky":false,"template":"","format":"standard","meta":{"jetpack_post_was_ever_published":false,"_jetpack_newsletter_access":"","_jetpack_newsletter_tier_id":0,"jetpack_publicize_message":"","jetpack_is_tweetstorm":false,"jetpack_publicize_feature_enabled":true,"jetpack_social_post_already_shared":true,"jetpack_social_options":{"image_generator_settings":{"template":"highway","enabled":false}}},"categories":[1],"tags":[370,70,972,569,926,2029,511,2028,209,2030,112,1651,779,786,2031,930,2,127,722],"jetpack_publicize_connections":[],"jetpack_featured_media_url":"","jetpack_shortlink":"https:\/\/wp.me\/p3bBgS-2m5","jetpack_sharing_enabled":true,"jetpack_likes_enabled":true,"_links":{"self":[{"href":"http:\/\/delamanodemaria.com\/index.php?rest_route=\/wp\/v2\/posts\/9057"}],"collection":[{"href":"http:\/\/delamanodemaria.com\/index.php?rest_route=\/wp\/v2\/posts"}],"about":[{"href":"http:\/\/delamanodemaria.com\/index.php?rest_route=\/wp\/v2\/types\/post"}],"author":[{"embeddable":true,"href":"http:\/\/delamanodemaria.com\/index.php?rest_route=\/wp\/v2\/users\/1"}],"replies":[{"embeddable":true,"href":"http:\/\/delamanodemaria.com\/index.php?rest_route=%2Fwp%2Fv2%2Fcomments&post=9057"}],"version-history":[{"count":6,"href":"http:\/\/delamanodemaria.com\/index.php?rest_route=\/wp\/v2\/posts\/9057\/revisions"}],"predecessor-version":[{"id":9064,"href":"http:\/\/delamanodemaria.com\/index.php?rest_route=\/wp\/v2\/posts\/9057\/revisions\/9064"}],"wp:attachment":[{"href":"http:\/\/delamanodemaria.com\/index.php?rest_route=%2Fwp%2Fv2%2Fmedia&parent=9057"}],"wp:term":[{"taxonomy":"category","embeddable":true,"href":"http:\/\/delamanodemaria.com\/index.php?rest_route=%2Fwp%2Fv2%2Fcategories&post=9057"},{"taxonomy":"post_tag","embeddable":true,"href":"http:\/\/delamanodemaria.com\/index.php?rest_route=%2Fwp%2Fv2%2Ftags&post=9057"}],"curies":[{"name":"wp","href":"https:\/\/api.w.org\/{rel}","templated":true}]}}