{"id":9131,"date":"2017-07-08T17:15:38","date_gmt":"2017-07-08T21:15:38","guid":{"rendered":"http:\/\/delamanodemaria.com\/?p=9131"},"modified":"2017-07-08T17:15:38","modified_gmt":"2017-07-08T21:15:38","slug":"reflexion-para-el-decimo-cuarto-domingo-del-t-o-a-09-07-17","status":"publish","type":"post","link":"http:\/\/delamanodemaria.com\/?p=9131","title":{"rendered":"REFLEXI\u00d3N PARA EL D\u00c9CIMO CUARTO DOMINGO DEL T.O. (A) 09-07-17"},"content":{"rendered":"<p><img decoding=\"async\" loading=\"lazy\" class=\"size-full wp-image-9133\" src=\"http:\/\/delamanodemaria.com\/wp-content\/uploads\/2017\/07\/yugo.jpg\" alt=\"\" width=\"600\" height=\"315\" srcset=\"http:\/\/delamanodemaria.com\/wp-content\/uploads\/2017\/07\/yugo.jpg 600w, http:\/\/delamanodemaria.com\/wp-content\/uploads\/2017\/07\/yugo-300x158.jpg 300w, http:\/\/delamanodemaria.com\/wp-content\/uploads\/2017\/07\/yugo-500x263.jpg 500w\" sizes=\"(max-width: 600px) 100vw, 600px\" \/><\/p>\n<p>La lectura evang\u00e9lica que nos propone la liturgia para este decimocuarto domingo del tiempo ordinario, es la misma que le\u00edmos recientemente para la <a href=\"http:\/\/delamanodemaria.com\/?p=9051\">solemnidad del Sagrado Coraz\u00f3n de Jes\u00fas<\/a> (Mt 1,25-30). En nuestra reflexi\u00f3n para ese d\u00eda centramos nuestra atenci\u00f3n en el vers\u00edculo 28: \u201cVenid a m\u00ed todos los que est\u00e1is cansados y agobiados, y yo os aliviar\u00e9\u201d.<\/p>\n<p>Las lecturas de hoy, sin embargo, nos hacen resaltar los vers\u00edculos 25 y 29: \u201cTe doy gracias, Padre, Se\u00f1or de cielo y tierra, porque has escondido estas cosas a los sabios y entendidos y se las has revelado a la gente sencilla. S\u00ed, Padre, as\u00ed te ha parecido mejor\u201d; y \u201cCargad con mi yugo y aprended de m\u00ed, que soy manso y humilde de coraz\u00f3n, y encontrar\u00e9is vuestro descanso\u201d.<\/p>\n<p>Ambos vers\u00edculos son un eco de las primeras dos bienaventuranzas (Mt 5,3-4): \u201cBienaventurados los pobres de esp\u00edritu, porque de ellos es el Reino de los Cielos. Bienaventurados los mansos, porque ellos poseer\u00e1n en herencia la tierra\u201d. La pobreza de esp\u00edritu, que es del desapego de las cosas materiales, nos lleva a la mansedumbre, a la humildad, a no creernos superiores a los dem\u00e1s, a depender de la Providencia Divina. Solo entonces podremos abrir nuestros corazones al Esp\u00edritu Santo, que es el Amor que se profesan el Padre y el Hijo que se derrama sobre nosotros.<\/p>\n<p>En la segunda lectura (Rm 8,9.11-13) san Pablo nos dice: \u201cVosotros no est\u00e1is sujetos a la carne, sino al esp\u00edritu, ya que el Esp\u00edritu de Dios habita en vosotros. El que no tiene el Esp\u00edritu de Cristo no es de Cristo. Si el Esp\u00edritu del que resucit\u00f3 a Jes\u00fas de entre los muertos habita en vosotros, el que resucit\u00f3 de entre los muertos a Cristo Jes\u00fas vivificar\u00e1 tambi\u00e9n vuestros cuerpos mortales, por el mismo Esp\u00edritu que habita en vosotros\u201d. Por eso puede proclamar: \u201cYa no vivo yo, es Cristo que vive en m\u00ed\u201d (G\u00e1l 2, 20).<\/p>\n<p>La primera lectura (Zc 9,9-10) nos presenta la figura del futuro Mes\u00edas entrando a Jerusal\u00e9n, no como los reyes terrenales, que llegaban llenos de gloria y poder pol\u00edtico y militar, al son de trompetas y acompa\u00f1ados de ej\u00e9rcitos, sino \u201cmodesto y cabalgando en un asno, en un pollino de borrica\u201d. A pesar de esta, y tantas otras profec\u00edas, cuando lleg\u00f3, los suyos no lo reconocieron (<em>Cfr<\/em>. Jn 1,11).<\/p>\n<p>El pueblo jud\u00edo, cansado y agobiado de ser presa de cuatro imperios (babil\u00f3nico, persa, griego y romano) durante cuatro siglos, esperaba un libertador pol\u00edtico, un rey guerrero que les devolviera su independencia. Pero Jes\u00fas vino a traerles una libertad mayor; la libertad del pecado y la muerte. Y para enfatizar su mensaje, opt\u00f3 por hacerlo desde la pobreza. Naci\u00f3 pobre, teniendo por cuna un pesebre, vivi\u00f3 su vida en la pobreza, en ocasiones sin tener d\u00f3nde recostar la cabeza (<em>Cfr<\/em>. Mt 8,20), y muri\u00f3 teniendo como su \u00fanica posesi\u00f3n su ropa y una t\u00fanica que se echaron a la suerte entre los soldados (Mt 25,35).<\/p>\n<p>Cristo nos muestra el camino al Padre: \u201cAprended de m\u00ed, que soy manso y humilde de coraz\u00f3n, y encontrar\u00e9is vuestro descanso\u201d. <em>Cfr.<\/em> Sal 22,2.<\/p>\n<p>Que pases un hermoso fin de semana, y no olvides visitar la Casa del Se\u00f1or. \u00c9l te espera.<\/p>\n<div style=\"padding-bottom:20px; padding-top:10px;\" class=\"hupso-share-buttons\"><!-- Hupso Share Buttons - https:\/\/www.hupso.com\/share\/ --><a class=\"hupso_toolbar\" href=\"https:\/\/www.hupso.com\/share\/\"><img src=\"http:\/\/static.hupso.com\/share\/buttons\/lang\/es\/share-medium.png\" style=\"border:0px; padding-top: 5px; float:left;\" alt=\"Share Button\"\/><\/a><script type=\"text\/javascript\">var hupso_services_t=new Array(\"Twitter\",\"Facebook\",\"Google Plus\",\"Pinterest\",\"Linkedin\",\"Email\",\"Print\");var hupso_background_t=\"#EAF4FF\";var hupso_border_t=\"#66CCFF\";var hupso_toolbar_size_t=\"medium\";var hupso_image_folder_url = \"\";var hupso_twitter_via=\"hectorops\";var hupso_url_t=\"\";var hupso_title_t=\"REFLEXI%C3%93N%20PARA%20EL%20D%C3%89CIMO%20CUARTO%20DOMINGO%20DEL%20T.O.%20%28A%29%2009-07-17\";<\/script><script type=\"text\/javascript\" src=\"http:\/\/static.hupso.com\/share\/js\/share_toolbar.js\"><\/script><!-- Hupso Share Buttons --><\/div>","protected":false},"excerpt":{"rendered":"<p>La lectura evang\u00e9lica que nos propone la liturgia para este decimocuarto domingo del tiempo ordinario, es la misma que le\u00edmos recientemente para la solemnidad del Sagrado Coraz\u00f3n de Jes\u00fas (Mt 1,25-30). En nuestra reflexi\u00f3n para ese d\u00eda centramos nuestra atenci\u00f3n &hellip; <a href=\"http:\/\/delamanodemaria.com\/?p=9131\">Continue reading <span class=\"meta-nav\">&rarr;<\/span><\/a><\/p>\n<div style=\"padding-bottom:20px; padding-top:10px;\" class=\"hupso-share-buttons\"><!-- Hupso Share Buttons - https:\/\/www.hupso.com\/share\/ --><a class=\"hupso_toolbar\" href=\"https:\/\/www.hupso.com\/share\/\"><img src=\"http:\/\/static.hupso.com\/share\/buttons\/lang\/es\/share-medium.png\" style=\"border:0px; padding-top: 5px; float:left;\" alt=\"Share Button\"\/><\/a><script type=\"text\/javascript\">var hupso_services_t=new Array(\"Twitter\",\"Facebook\",\"Google Plus\",\"Pinterest\",\"Linkedin\",\"Email\",\"Print\");var hupso_background_t=\"#EAF4FF\";var hupso_border_t=\"#66CCFF\";var hupso_toolbar_size_t=\"medium\";var hupso_image_folder_url = \"\";var hupso_twitter_via=\"hectorops\";var hupso_url_t=\"\";var hupso_title_t=\"REFLEXI%C3%93N%20PARA%20EL%20D%C3%89CIMO%20CUARTO%20DOMINGO%20DEL%20T.O.%20%28A%29%2009-07-17\";<\/script><script type=\"text\/javascript\" src=\"http:\/\/static.hupso.com\/share\/js\/share_toolbar.js\"><\/script><!-- Hupso Share Buttons --><\/div>","protected":false},"author":1,"featured_media":0,"comment_status":"open","ping_status":"open","sticky":false,"template":"","format":"standard","meta":{"jetpack_post_was_ever_published":false,"_jetpack_newsletter_access":"","_jetpack_newsletter_tier_id":0,"jetpack_publicize_message":"","jetpack_is_tweetstorm":false,"jetpack_publicize_feature_enabled":true,"jetpack_social_post_already_shared":true,"jetpack_social_options":{"image_generator_settings":{"template":"highway","enabled":false}}},"categories":[1],"tags":[186,370,788,1287,217,206,2054,562,238,358,2053,2,722,1429],"jetpack_publicize_connections":[],"jetpack_featured_media_url":"","jetpack_shortlink":"https:\/\/wp.me\/p3bBgS-2nh","jetpack_sharing_enabled":true,"jetpack_likes_enabled":true,"_links":{"self":[{"href":"http:\/\/delamanodemaria.com\/index.php?rest_route=\/wp\/v2\/posts\/9131"}],"collection":[{"href":"http:\/\/delamanodemaria.com\/index.php?rest_route=\/wp\/v2\/posts"}],"about":[{"href":"http:\/\/delamanodemaria.com\/index.php?rest_route=\/wp\/v2\/types\/post"}],"author":[{"embeddable":true,"href":"http:\/\/delamanodemaria.com\/index.php?rest_route=\/wp\/v2\/users\/1"}],"replies":[{"embeddable":true,"href":"http:\/\/delamanodemaria.com\/index.php?rest_route=%2Fwp%2Fv2%2Fcomments&post=9131"}],"version-history":[{"count":2,"href":"http:\/\/delamanodemaria.com\/index.php?rest_route=\/wp\/v2\/posts\/9131\/revisions"}],"predecessor-version":[{"id":9134,"href":"http:\/\/delamanodemaria.com\/index.php?rest_route=\/wp\/v2\/posts\/9131\/revisions\/9134"}],"wp:attachment":[{"href":"http:\/\/delamanodemaria.com\/index.php?rest_route=%2Fwp%2Fv2%2Fmedia&parent=9131"}],"wp:term":[{"taxonomy":"category","embeddable":true,"href":"http:\/\/delamanodemaria.com\/index.php?rest_route=%2Fwp%2Fv2%2Fcategories&post=9131"},{"taxonomy":"post_tag","embeddable":true,"href":"http:\/\/delamanodemaria.com\/index.php?rest_route=%2Fwp%2Fv2%2Ftags&post=9131"}],"curies":[{"name":"wp","href":"https:\/\/api.w.org\/{rel}","templated":true}]}}