{"id":9207,"date":"2017-07-30T19:21:17","date_gmt":"2017-07-30T23:21:17","guid":{"rendered":"http:\/\/delamanodemaria.com\/?p=9207"},"modified":"2017-07-30T19:21:17","modified_gmt":"2017-07-30T23:21:17","slug":"reflexion-para-el-lunes-de-la-decimoseptima-semana-del-t-o-1-memoria-de-san-ignacio-de-loyola-31-07-17","status":"publish","type":"post","link":"http:\/\/delamanodemaria.com\/?p=9207","title":{"rendered":"REFLEXI\u00d3N PARA EL LUNES DE LA DECIMOS\u00c9PTIMA SEMANA DEL T.O. (1) MEMORIA DE SAN IGNACIO DE LOYOLA 31-07-17"},"content":{"rendered":"<p><img decoding=\"async\" loading=\"lazy\" class=\"alignnone size-full wp-image-2130\" src=\"http:\/\/delamanodemaria.com\/wp-content\/uploads\/2013\/10\/grano-de-mostaza.jpg\" alt=\"\" width=\"575\" height=\"430\" srcset=\"http:\/\/delamanodemaria.com\/wp-content\/uploads\/2013\/10\/grano-de-mostaza.jpg 575w, http:\/\/delamanodemaria.com\/wp-content\/uploads\/2013\/10\/grano-de-mostaza-300x224.jpg 300w, http:\/\/delamanodemaria.com\/wp-content\/uploads\/2013\/10\/grano-de-mostaza-401x300.jpg 401w\" sizes=\"(max-width: 575px) 100vw, 575px\" \/><\/p>\n<p>En el evangelio que nos propone la liturgia de hoy (Mt 13,31-35), la Iglesia contin\u00faa rumiando las par\u00e1bolas del Reino. Hoy nos presenta dos: la del grano de mostaza y la de la levadura. Ambas est\u00e1n comprendidas en el llamado \u201cdiscurso parab\u00f3lico\u201d de Jes\u00fas, que ocupa todo el cap\u00edtulo 13 del evangelio seg\u00fan san Mateo.<\/p>\n<p>Como hemos dicho en ocasiones anteriores, Mateo escribe su relato para los jud\u00edos de la Palestina convertidos al cristianismo, con el objetivo de probar que Jes\u00fas es el Mes\u00edas esperado, ya que en \u00c9l se cumplen todas las profec\u00edas del Antiguo Testamento. Por eso aprovecha la oportunidad para explicar por qu\u00e9 Jes\u00fas habla en par\u00e1bolas: \u201cJes\u00fas expuso todo esto a la gente en par\u00e1bolas y sin par\u00e1bolas no les expon\u00eda nada. As\u00ed se cumpli\u00f3 el or\u00e1culo del profeta: \u2018Abrir\u00e9 mi boca diciendo par\u00e1bolas, anunciar\u00e9 lo secreto desde la fundaci\u00f3n del mundo\u2019\u201d (<em>Cfr<\/em>. Sal 78,2).<\/p>\n<p>Ambas par\u00e1bolas que contemplamos hoy nos presentan el crecimiento del Reino de Dios en la tierra. En la primera (la del grano de mostaza) vemos c\u00f3mo Jes\u00fas sembr\u00f3 la simiente, c\u00f3mo el Hijo del Padre se hizo uno de nosotros, haci\u00e9ndose \u00c9l mismo semilla f\u00e9rtil. Esparci\u00f3 su Palabra en los corazones de los hombres, como el sembrador en el campo, y esa Palabra dio fruto. Esa peque\u00f1a semilla, comparable a un grano de mostaza (la m\u00e1s peque\u00f1a de las semillas), que Jes\u00fas sembr\u00f3 hace dos mil a\u00f1os contin\u00faa dando frutos. Y nosotros hemos sido llamados a ser testigos de ese milagroso crecimiento, de c\u00f3mo ese pu\u00f1ado de unos ciento veinte seguidores en Jerusal\u00e9n (Hc 1,15), ha continuado creciendo y dando fruto hasta convertirse en la Iglesia que conocemos hoy. Pero a\u00fan queda mucho por hacer\u2026<\/p>\n<p>Para que esa cosecha no se pierda, Jes\u00fas necesita trabajadores: \u201cLa cosecha es abundante, pero los trabajadores son pocos. Rueguen al due\u00f1o de los sembrados que env\u00ede trabajadores para su cosecha.\u201d (Mt 9,37). El due\u00f1o de los sembrados ha colocado un letrero a la entrada del campo: \u201cSe necesitan trabajadores\u201d. T\u00fa, \u00bfte apuntas?<\/p>\n<p>Cuando nos acercamos a la segunda par\u00e1bola, pensamos que de seguro Jes\u00fas observ\u00f3 muchas veces a su madre mezclar harina con levadura, para luego contemplar con admiraci\u00f3n c\u00f3mo aquella masa crec\u00eda ante sus ojos, antes de meterla en el horno. Con esta par\u00e1bola Jes\u00fas dice a sus disc\u00edpulos (incluy\u00e9ndonos a nosotros) que estamos llamados a ser \u201clevadura\u201d entre los hombres para que su Palabra, y el Reino que ella anuncia, siga creciendo hasta llegar a los confines de la tierra. Por eso el papa Francisco nos llama a salir al mundo, a \u201clas periferias\u201d, para que ese mensaje de salvaci\u00f3n que nos trae Jes\u00fas llegue a todos, porque \u201cDios, nuestro Salvador&#8230; quiere que todos los hombres se salven y lleguen al conocimiento pleno de la verdad\u201d (1Tm 2,3-4).<\/p>\n<p>Pidamos al Se\u00f1or por el aumento en las vocaciones sacerdotales, diaconales y religiosas, y para que cada d\u00eda haya m\u00e1s laicos comprometidos dispuestos a trabajar hombro a hombro con los consagrados en el anuncio del Reino.<\/p>\n<p>Hoy celebramos la memoria de San Ignacio de Loyola, fundador de la Compa\u00f1\u00eda de Jes\u00fas (mejor conocida como la orden de los Jesuitas), de la cual fue su primer general. Para una buena biograf\u00eda de este gran santo les recomiendo visitar el portal de las Siervas de los Corazones Traspasados de Jes\u00fas y Mar\u00eda, en: <a href=\"http:\/\/www.corazones.org\/santos\/ignacio_loyola.htm\" target=\"_blank\" rel=\"noopener\">http:\/\/www.corazones.org\/santos\/ignacio_loyola.htm<\/a>.<\/p>\n<p>Que pasen una hermosa semana llena de bendiciones.<\/p>\n<div style=\"padding-bottom:20px; padding-top:10px;\" class=\"hupso-share-buttons\"><!-- Hupso Share Buttons - https:\/\/www.hupso.com\/share\/ --><a class=\"hupso_toolbar\" href=\"https:\/\/www.hupso.com\/share\/\"><img src=\"http:\/\/static.hupso.com\/share\/buttons\/lang\/es\/share-medium.png\" style=\"border:0px; padding-top: 5px; float:left;\" alt=\"Share Button\"\/><\/a><script type=\"text\/javascript\">var hupso_services_t=new Array(\"Twitter\",\"Facebook\",\"Google Plus\",\"Pinterest\",\"Linkedin\",\"Email\",\"Print\");var hupso_background_t=\"#EAF4FF\";var hupso_border_t=\"#66CCFF\";var hupso_toolbar_size_t=\"medium\";var hupso_image_folder_url = \"\";var hupso_twitter_via=\"hectorops\";var hupso_url_t=\"\";var hupso_title_t=\"REFLEXI%C3%93N%20PARA%20EL%20LUNES%20DE%20LA%20DECIMOS%C3%89PTIMA%20SEMANA%20DEL%20T.O.%20%281%29%20MEMORIA%20DE%20SAN%20IGNACIO%20DE%20LOYOLA%2031-07-17\";<\/script><script type=\"text\/javascript\" src=\"http:\/\/static.hupso.com\/share\/js\/share_toolbar.js\"><\/script><!-- Hupso Share Buttons --><\/div>","protected":false},"excerpt":{"rendered":"<p>En el evangelio que nos propone la liturgia de hoy (Mt 13,31-35), la Iglesia contin\u00faa rumiando las par\u00e1bolas del Reino. Hoy nos presenta dos: la del grano de mostaza y la de la levadura. Ambas est\u00e1n comprendidas en el llamado &hellip; <a href=\"http:\/\/delamanodemaria.com\/?p=9207\">Continue reading <span class=\"meta-nav\">&rarr;<\/span><\/a><\/p>\n<div style=\"padding-bottom:20px; padding-top:10px;\" class=\"hupso-share-buttons\"><!-- Hupso Share Buttons - https:\/\/www.hupso.com\/share\/ --><a class=\"hupso_toolbar\" href=\"https:\/\/www.hupso.com\/share\/\"><img src=\"http:\/\/static.hupso.com\/share\/buttons\/lang\/es\/share-medium.png\" style=\"border:0px; padding-top: 5px; float:left;\" alt=\"Share Button\"\/><\/a><script type=\"text\/javascript\">var hupso_services_t=new Array(\"Twitter\",\"Facebook\",\"Google Plus\",\"Pinterest\",\"Linkedin\",\"Email\",\"Print\");var hupso_background_t=\"#EAF4FF\";var hupso_border_t=\"#66CCFF\";var hupso_toolbar_size_t=\"medium\";var hupso_image_folder_url = \"\";var hupso_twitter_via=\"hectorops\";var hupso_url_t=\"\";var hupso_title_t=\"REFLEXI%C3%93N%20PARA%20EL%20LUNES%20DE%20LA%20DECIMOS%C3%89PTIMA%20SEMANA%20DEL%20T.O.%20%281%29%20MEMORIA%20DE%20SAN%20IGNACIO%20DE%20LOYOLA%2031-07-17\";<\/script><script type=\"text\/javascript\" src=\"http:\/\/static.hupso.com\/share\/js\/share_toolbar.js\"><\/script><!-- Hupso Share Buttons --><\/div>","protected":false},"author":1,"featured_media":0,"comment_status":"open","ping_status":"open","sticky":false,"template":"","format":"standard","meta":{"jetpack_post_was_ever_published":false,"_jetpack_newsletter_access":"","_jetpack_newsletter_tier_id":0,"jetpack_publicize_message":"","jetpack_is_tweetstorm":false,"jetpack_publicize_feature_enabled":true,"jetpack_social_post_already_shared":true,"jetpack_social_options":{"image_generator_settings":{"template":"highway","enabled":false}}},"categories":[1],"tags":[765,2082,2065,96,1529,139,2083,578,124,138,760,2081,886,472,990,439,722,1418,107],"jetpack_publicize_connections":[],"jetpack_featured_media_url":"","jetpack_shortlink":"https:\/\/wp.me\/p3bBgS-2ov","jetpack_sharing_enabled":true,"jetpack_likes_enabled":true,"_links":{"self":[{"href":"http:\/\/delamanodemaria.com\/index.php?rest_route=\/wp\/v2\/posts\/9207"}],"collection":[{"href":"http:\/\/delamanodemaria.com\/index.php?rest_route=\/wp\/v2\/posts"}],"about":[{"href":"http:\/\/delamanodemaria.com\/index.php?rest_route=\/wp\/v2\/types\/post"}],"author":[{"embeddable":true,"href":"http:\/\/delamanodemaria.com\/index.php?rest_route=\/wp\/v2\/users\/1"}],"replies":[{"embeddable":true,"href":"http:\/\/delamanodemaria.com\/index.php?rest_route=%2Fwp%2Fv2%2Fcomments&post=9207"}],"version-history":[{"count":4,"href":"http:\/\/delamanodemaria.com\/index.php?rest_route=\/wp\/v2\/posts\/9207\/revisions"}],"predecessor-version":[{"id":9213,"href":"http:\/\/delamanodemaria.com\/index.php?rest_route=\/wp\/v2\/posts\/9207\/revisions\/9213"}],"wp:attachment":[{"href":"http:\/\/delamanodemaria.com\/index.php?rest_route=%2Fwp%2Fv2%2Fmedia&parent=9207"}],"wp:term":[{"taxonomy":"category","embeddable":true,"href":"http:\/\/delamanodemaria.com\/index.php?rest_route=%2Fwp%2Fv2%2Fcategories&post=9207"},{"taxonomy":"post_tag","embeddable":true,"href":"http:\/\/delamanodemaria.com\/index.php?rest_route=%2Fwp%2Fv2%2Ftags&post=9207"}],"curies":[{"name":"wp","href":"https:\/\/api.w.org\/{rel}","templated":true}]}}