{"id":9242,"date":"2017-08-07T20:17:26","date_gmt":"2017-08-08T00:17:26","guid":{"rendered":"http:\/\/delamanodemaria.com\/?p=9242"},"modified":"2017-08-07T20:17:26","modified_gmt":"2017-08-08T00:17:26","slug":"solemnidad-de-santo-domingo-de-guzman-fundador-de-la-orden-de-predicadores-08-08-17","status":"publish","type":"post","link":"http:\/\/delamanodemaria.com\/?p=9242","title":{"rendered":"SOLEMNIDAD DE SANTO DOMINGO DE GUZM\u00c1N, FUNDADOR DE LA ORDEN DE PREDICADORES 08-08-17"},"content":{"rendered":"<p><img decoding=\"async\" loading=\"lazy\" class=\"alignnone size-full wp-image-5791\" src=\"http:\/\/delamanodemaria.com\/wp-content\/uploads\/2015\/08\/8-agosto.jpg\" alt=\"\" width=\"670\" height=\"248\" srcset=\"http:\/\/delamanodemaria.com\/wp-content\/uploads\/2015\/08\/8-agosto.jpg 670w, http:\/\/delamanodemaria.com\/wp-content\/uploads\/2015\/08\/8-agosto-300x111.jpg 300w, http:\/\/delamanodemaria.com\/wp-content\/uploads\/2015\/08\/8-agosto-500x185.jpg 500w\" sizes=\"(max-width: 670px) 100vw, 670px\" \/><\/p>\n<p>La Orden de Predicadores celebra hoy, 8 de agosto, la Solemnidad de nuestro padre y fundador Santo Domingo de Guzm\u00e1n, por lo que\u00a0en esta fecha celebramos la liturgia propia de la solemnidad, apart\u00e1ndonos de las lecturas correspondientes al tiempo ordinario.<\/p>\n<p>Anteriormente publicamos una\u00a0<a href=\"http:\/\/delamanodemaria.com\/?p=1651\" target=\"_blank\" rel=\"noopener\">reflexi\u00f3n sobre\u00a0las lecturas propias de la solemnidad<\/a>, a la cual les referimos.<\/p>\n<p>Santo Domingo de Guzm\u00e1n naci\u00f3 en Caleruega (Espa\u00f1a), alrededor del a\u00f1o 1170. Realiz\u00f3 sus estudios teol\u00f3gicos en Palencia y fue nombrado can\u00f3nigo de la Iglesia de Osma. Incansable predicador, con su predicaci\u00f3n y con su vida ejemplar, combati\u00f3 con \u00e9xito la herej\u00eda albigense. Junto a otros que se le unieron en esa empresa, fund\u00f3 la Orden de Predicadores. Muri\u00f3 en Bolonia el d\u00eda 6 de agosto del a\u00f1o 1221. Fue canonizado en el a\u00f1o 1234.<\/p>\n<p>Vivi\u00f3 una vida ejemplar dedicado a la oraci\u00f3n, el estudio, la contemplaci\u00f3n, y la santa predicaci\u00f3n, caracter\u00edsticas que imprimi\u00f3 a la Orden de Predicadores. La Orden acaba de celebrar el a\u00f1o pasado el Jubileo de los 800 a\u00f1os de su aprobaci\u00f3n por el papa Honorio II en el a\u00f1o 2016.<\/p>\n<p>Domingo vivi\u00f3 la verdadera pobreza evang\u00e9lica, entreg\u00e1ndose por completo a los pobres y marginados, llegando al extremo de vender su \u00faltima posesi\u00f3n, y la m\u00e1s preciada, sus libros, para repartir el dinero a los pobres.<\/p>\n<p>Cuentan que apenas dorm\u00eda, y pasaba la noche en vela orando y llorando por los pecados de la humanidad.<\/p>\n<p>El papa Gregorio IX, al canonizar a santo Domingo dijo de \u00e9l: \u201cDe la santidad de este hombre estoy tan seguro, como de la santidad de San Pedro y San Pablo\u201d.<\/p>\n<p>Me siento honrado de haber profesado como laico en\u00a0la Orden de Predicadores fundada por tan insigne santo, y me esfuerzo cada d\u00eda por hacerme merecedor de esa gracia.<\/p>\n<p>Santo Domingo de Guzm\u00e1n, ruega por nosotros.<\/p>\n<div style=\"padding-bottom:20px; padding-top:10px;\" class=\"hupso-share-buttons\"><!-- Hupso Share Buttons - https:\/\/www.hupso.com\/share\/ --><a class=\"hupso_toolbar\" href=\"https:\/\/www.hupso.com\/share\/\"><img src=\"http:\/\/static.hupso.com\/share\/buttons\/lang\/es\/share-medium.png\" style=\"border:0px; padding-top: 5px; float:left;\" alt=\"Share Button\"\/><\/a><script type=\"text\/javascript\">var hupso_services_t=new Array(\"Twitter\",\"Facebook\",\"Google Plus\",\"Pinterest\",\"Linkedin\",\"Email\",\"Print\");var hupso_background_t=\"#EAF4FF\";var hupso_border_t=\"#66CCFF\";var hupso_toolbar_size_t=\"medium\";var hupso_image_folder_url = \"\";var hupso_twitter_via=\"hectorops\";var hupso_url_t=\"\";var hupso_title_t=\"SOLEMNIDAD%20DE%20SANTO%20DOMINGO%20DE%20GUZM%C3%81N%2C%20FUNDADOR%20DE%20LA%20ORDEN%20DE%20PREDICADORES%2008-08-17\";<\/script><script type=\"text\/javascript\" src=\"http:\/\/static.hupso.com\/share\/js\/share_toolbar.js\"><\/script><!-- Hupso Share Buttons --><\/div>","protected":false},"excerpt":{"rendered":"<p>La Orden de Predicadores celebra hoy, 8 de agosto, la Solemnidad de nuestro padre y fundador Santo Domingo de Guzm\u00e1n, por lo que\u00a0en esta fecha celebramos la liturgia propia de la solemnidad, apart\u00e1ndonos de las lecturas correspondientes al tiempo ordinario. &hellip; <a href=\"http:\/\/delamanodemaria.com\/?p=9242\">Continue reading <span class=\"meta-nav\">&rarr;<\/span><\/a><\/p>\n<div style=\"padding-bottom:20px; padding-top:10px;\" class=\"hupso-share-buttons\"><!-- Hupso Share Buttons - https:\/\/www.hupso.com\/share\/ --><a class=\"hupso_toolbar\" href=\"https:\/\/www.hupso.com\/share\/\"><img src=\"http:\/\/static.hupso.com\/share\/buttons\/lang\/es\/share-medium.png\" style=\"border:0px; padding-top: 5px; float:left;\" alt=\"Share Button\"\/><\/a><script type=\"text\/javascript\">var hupso_services_t=new Array(\"Twitter\",\"Facebook\",\"Google Plus\",\"Pinterest\",\"Linkedin\",\"Email\",\"Print\");var hupso_background_t=\"#EAF4FF\";var hupso_border_t=\"#66CCFF\";var hupso_toolbar_size_t=\"medium\";var hupso_image_folder_url = \"\";var hupso_twitter_via=\"hectorops\";var hupso_url_t=\"\";var hupso_title_t=\"SOLEMNIDAD%20DE%20SANTO%20DOMINGO%20DE%20GUZM%C3%81N%2C%20FUNDADOR%20DE%20LA%20ORDEN%20DE%20PREDICADORES%2008-08-17\";<\/script><script type=\"text\/javascript\" src=\"http:\/\/static.hupso.com\/share\/js\/share_toolbar.js\"><\/script><!-- Hupso Share Buttons --><\/div>","protected":false},"author":1,"featured_media":0,"comment_status":"open","ping_status":"open","sticky":false,"template":"","format":"standard","meta":{"jetpack_post_was_ever_published":false,"_jetpack_newsletter_access":"","_jetpack_newsletter_tier_id":0,"jetpack_publicize_message":"","jetpack_is_tweetstorm":false,"jetpack_publicize_feature_enabled":true,"jetpack_social_post_already_shared":true,"jetpack_social_options":{"image_generator_settings":{"template":"highway","enabled":false}}},"categories":[1],"tags":[123,2090,2089,2092,2091,1004,103,2,250,2015],"jetpack_publicize_connections":[],"jetpack_featured_media_url":"","jetpack_shortlink":"https:\/\/wp.me\/p3bBgS-2p4","jetpack_sharing_enabled":true,"jetpack_likes_enabled":true,"_links":{"self":[{"href":"http:\/\/delamanodemaria.com\/index.php?rest_route=\/wp\/v2\/posts\/9242"}],"collection":[{"href":"http:\/\/delamanodemaria.com\/index.php?rest_route=\/wp\/v2\/posts"}],"about":[{"href":"http:\/\/delamanodemaria.com\/index.php?rest_route=\/wp\/v2\/types\/post"}],"author":[{"embeddable":true,"href":"http:\/\/delamanodemaria.com\/index.php?rest_route=\/wp\/v2\/users\/1"}],"replies":[{"embeddable":true,"href":"http:\/\/delamanodemaria.com\/index.php?rest_route=%2Fwp%2Fv2%2Fcomments&post=9242"}],"version-history":[{"count":2,"href":"http:\/\/delamanodemaria.com\/index.php?rest_route=\/wp\/v2\/posts\/9242\/revisions"}],"predecessor-version":[{"id":9244,"href":"http:\/\/delamanodemaria.com\/index.php?rest_route=\/wp\/v2\/posts\/9242\/revisions\/9244"}],"wp:attachment":[{"href":"http:\/\/delamanodemaria.com\/index.php?rest_route=%2Fwp%2Fv2%2Fmedia&parent=9242"}],"wp:term":[{"taxonomy":"category","embeddable":true,"href":"http:\/\/delamanodemaria.com\/index.php?rest_route=%2Fwp%2Fv2%2Fcategories&post=9242"},{"taxonomy":"post_tag","embeddable":true,"href":"http:\/\/delamanodemaria.com\/index.php?rest_route=%2Fwp%2Fv2%2Ftags&post=9242"}],"curies":[{"name":"wp","href":"https:\/\/api.w.org\/{rel}","templated":true}]}}