{"id":9358,"date":"2017-09-04T16:39:29","date_gmt":"2017-09-04T20:39:29","guid":{"rendered":"http:\/\/delamanodemaria.com\/?p=9358"},"modified":"2017-09-04T16:39:29","modified_gmt":"2017-09-04T20:39:29","slug":"reflexion-para-el-martes-de-la-vigesimo-segunda-semana-del-t-o-1-05-09-17","status":"publish","type":"post","link":"http:\/\/delamanodemaria.com\/?p=9358","title":{"rendered":"REFLEXI\u00d3N PARA EL MARTES DE LA VIG\u00c9SIMO SEGUNDA SEMANA DEL T.O. (1) 05-09-17"},"content":{"rendered":"<p><img decoding=\"async\" loading=\"lazy\" class=\"alignnone size-full wp-image-4313\" src=\"http:\/\/delamanodemaria.com\/wp-content\/uploads\/2014\/10\/lampara-encendida.jpg\" alt=\"\" width=\"640\" height=\"424\" srcset=\"http:\/\/delamanodemaria.com\/wp-content\/uploads\/2014\/10\/lampara-encendida.jpg 640w, http:\/\/delamanodemaria.com\/wp-content\/uploads\/2014\/10\/lampara-encendida-300x198.jpg 300w, http:\/\/delamanodemaria.com\/wp-content\/uploads\/2014\/10\/lampara-encendida-452x300.jpg 452w\" sizes=\"(max-width: 640px) 100vw, 640px\" \/><\/p>\n<p>En la primera lectura de hoy continuamos nuestra lectura de la primera carta del ap\u00f3stol san Pablo a los Tesalonicenses. Ayer (1 Tes 4,13-18) Pablo abordaba el tema del destino que les espera a los que murieron antes de la venida del Se\u00f1or. En el pasaje de hoy (1 Tes 5,1-6.9-11) Pablo aborda la otra gran preocupaci\u00f3n de los de Tesal\u00f3nica: el tiempo y las circunstancias de la segunda venida del Se\u00f1or.<\/p>\n<p>Pablo advierte que ese momento puede ser cuando menos lo esperemos, que ha de llegar \u201ccomo un ladr\u00f3n en la noche\u201d. Por tanto debemos estar vigilantes. Aqu\u00ed Pablo utiliza la contraposici\u00f3n luz (gracia)-tinieblas (pecado), y nos exhorta a permanecer en la luz para cuando en Se\u00f1or regrese no nos sorprenda en la oscuridad. \u201cPero vosotros, hermanos, no viv\u00eds en tinieblas, para que ese d\u00eda no os sorprenda como un ladr\u00f3n, porque todos sois hijos de la luz e hijos del d\u00eda; no lo sois de la noche ni de las tinieblas\u201d.<\/p>\n<p>El relato evang\u00e9lico que contemplamos en la liturgia de hoy (Lc 4,31-37) nos narra el primer milagro de la \u201cvida p\u00fablica\u201d de Jes\u00fas recogida en los evangelios sin\u00f3pticos. Jes\u00fas acababa de pronunciar su \u201cdiscurso program\u00e1tico\u201d en la sinagoga de Nazaret (Lc 4,18-21). De ah\u00ed baj\u00f3 a Cafarna\u00fan, ciudad que se convirti\u00f3 en el \u201ccentro de operaciones\u201d de su actividad misionera. Nos dice el Evangelio que all\u00ed Jes\u00fas ense\u00f1aba en la sinagoga los s\u00e1bados. Estando en la sinagoga, se suscit\u00f3 el episodio del hombre endemoniado que nos narra la lectura de hoy, y la expulsi\u00f3n del demonio que le pose\u00eda.<\/p>\n<p>Se trata de uno de los llamados \u201cexorcismos\u201d realizados por Jes\u00fas. Aunque los ex\u00e9getas est\u00e1n de acuerdo que muchas de esas \u201cposesiones\u201d son en realidad enfermedades como epilepsia o des\u00f3rdenes mentales, lo cierto es que, no importa c\u00f3mo las cataloguemos, Jes\u00fas demuestra su poder sobre ellas. Poder que se manifiesta a trav\u00e9s de su Palabra.<\/p>\n<p>Actualizando ese pasaje a nuestra realidad, si nos examinamos a conciencia, podemos identificar aquellos \u201cdemonios\u201d que nos impiden llegar a Jes\u00fas y nos mantienen en las tinieblas, alejados de \u00c9l y de su mensaje liberador. Esos demonios que cuando Jes\u00fas se nos acerca le gritan: \u201c\u00bfQu\u00e9 quieres de nosotros, Jes\u00fas Nazareno? \u00bfHas venido a acabar con nosotros?\u201d<\/p>\n<p>Si abrimos nuestro coraz\u00f3n al Amor de Jes\u00fas, y nuestros o\u00eddos a su Palabra, esta dir\u00e1 a nuestros demonios: \u201c\u00a1Cierra la boca y sal!\u201d. Entonces quedaremos liberados de esos demonios que nos manten\u00edan encadenados, y que no pueden resistirse ante el poder esa Palabra que hac\u00eda decir a los que ve\u00edan a Jes\u00fas: \u201c\u00bfQu\u00e9 tiene su palabra? Da \u00f3rdenes con autoridad y poder a los esp\u00edritus inmundos, y salen\u201d. Es la victoria del Amor infinito de Jes\u00fas que vence nuestras debilidades, nuestras impurezas, nuestros ego\u00edsmos. Solo as\u00ed podemos encontrar la verdadera libertad convirti\u00e9ndonos en \u201chijos de la luz\u201d.<\/p>\n<p>En este d\u00eda pidamos a Jes\u00fas que con el poder infinito de su Palabra nos libere de todos aquellos demonios que nos mantienen encadenados y apartados de \u00c9l, para que vivamos en la Luz.<\/p>\n<div style=\"padding-bottom:20px; padding-top:10px;\" class=\"hupso-share-buttons\"><!-- Hupso Share Buttons - https:\/\/www.hupso.com\/share\/ --><a class=\"hupso_toolbar\" href=\"https:\/\/www.hupso.com\/share\/\"><img src=\"http:\/\/static.hupso.com\/share\/buttons\/lang\/es\/share-medium.png\" style=\"border:0px; padding-top: 5px; float:left;\" alt=\"Share Button\"\/><\/a><script type=\"text\/javascript\">var hupso_services_t=new Array(\"Twitter\",\"Facebook\",\"Google Plus\",\"Pinterest\",\"Linkedin\",\"Email\",\"Print\");var hupso_background_t=\"#EAF4FF\";var hupso_border_t=\"#66CCFF\";var hupso_toolbar_size_t=\"medium\";var hupso_image_folder_url = \"\";var hupso_twitter_via=\"hectorops\";var hupso_url_t=\"\";var hupso_title_t=\"REFLEXI%C3%93N%20PARA%20EL%20MARTES%20DE%20LA%20VIG%C3%89SIMO%20SEGUNDA%20SEMANA%20DEL%20T.O.%20%281%29%2005-09-17\";<\/script><script type=\"text\/javascript\" src=\"http:\/\/static.hupso.com\/share\/js\/share_toolbar.js\"><\/script><!-- Hupso Share Buttons --><\/div>","protected":false},"excerpt":{"rendered":"<p>En la primera lectura de hoy continuamos nuestra lectura de la primera carta del ap\u00f3stol san Pablo a los Tesalonicenses. Ayer (1 Tes 4,13-18) Pablo abordaba el tema del destino que les espera a los que murieron antes de la &hellip; <a href=\"http:\/\/delamanodemaria.com\/?p=9358\">Continue reading <span class=\"meta-nav\">&rarr;<\/span><\/a><\/p>\n<div style=\"padding-bottom:20px; padding-top:10px;\" class=\"hupso-share-buttons\"><!-- Hupso Share Buttons - https:\/\/www.hupso.com\/share\/ --><a class=\"hupso_toolbar\" href=\"https:\/\/www.hupso.com\/share\/\"><img src=\"http:\/\/static.hupso.com\/share\/buttons\/lang\/es\/share-medium.png\" style=\"border:0px; padding-top: 5px; float:left;\" alt=\"Share Button\"\/><\/a><script type=\"text\/javascript\">var hupso_services_t=new Array(\"Twitter\",\"Facebook\",\"Google Plus\",\"Pinterest\",\"Linkedin\",\"Email\",\"Print\");var hupso_background_t=\"#EAF4FF\";var hupso_border_t=\"#66CCFF\";var hupso_toolbar_size_t=\"medium\";var hupso_image_folder_url = \"\";var hupso_twitter_via=\"hectorops\";var hupso_url_t=\"\";var hupso_title_t=\"REFLEXI%C3%93N%20PARA%20EL%20MARTES%20DE%20LA%20VIG%C3%89SIMO%20SEGUNDA%20SEMANA%20DEL%20T.O.%20%281%29%2005-09-17\";<\/script><script type=\"text\/javascript\" src=\"http:\/\/static.hupso.com\/share\/js\/share_toolbar.js\"><\/script><!-- Hupso Share Buttons --><\/div>","protected":false},"author":1,"featured_media":0,"comment_status":"open","ping_status":"open","sticky":false,"template":"","format":"standard","meta":{"jetpack_post_was_ever_published":false,"_jetpack_newsletter_access":"","_jetpack_newsletter_tier_id":0,"jetpack_publicize_message":"","jetpack_is_tweetstorm":false,"jetpack_publicize_feature_enabled":true,"jetpack_social_post_already_shared":true,"jetpack_social_options":{"image_generator_settings":{"template":"highway","enabled":false}}},"categories":[1],"tags":[143,2143,274,145,283,684,160,1204,271,67,2142,2,309,1043,617],"jetpack_publicize_connections":[],"jetpack_featured_media_url":"","jetpack_shortlink":"https:\/\/wp.me\/p3bBgS-2qW","jetpack_sharing_enabled":true,"jetpack_likes_enabled":true,"_links":{"self":[{"href":"http:\/\/delamanodemaria.com\/index.php?rest_route=\/wp\/v2\/posts\/9358"}],"collection":[{"href":"http:\/\/delamanodemaria.com\/index.php?rest_route=\/wp\/v2\/posts"}],"about":[{"href":"http:\/\/delamanodemaria.com\/index.php?rest_route=\/wp\/v2\/types\/post"}],"author":[{"embeddable":true,"href":"http:\/\/delamanodemaria.com\/index.php?rest_route=\/wp\/v2\/users\/1"}],"replies":[{"embeddable":true,"href":"http:\/\/delamanodemaria.com\/index.php?rest_route=%2Fwp%2Fv2%2Fcomments&post=9358"}],"version-history":[{"count":2,"href":"http:\/\/delamanodemaria.com\/index.php?rest_route=\/wp\/v2\/posts\/9358\/revisions"}],"predecessor-version":[{"id":9360,"href":"http:\/\/delamanodemaria.com\/index.php?rest_route=\/wp\/v2\/posts\/9358\/revisions\/9360"}],"wp:attachment":[{"href":"http:\/\/delamanodemaria.com\/index.php?rest_route=%2Fwp%2Fv2%2Fmedia&parent=9358"}],"wp:term":[{"taxonomy":"category","embeddable":true,"href":"http:\/\/delamanodemaria.com\/index.php?rest_route=%2Fwp%2Fv2%2Fcategories&post=9358"},{"taxonomy":"post_tag","embeddable":true,"href":"http:\/\/delamanodemaria.com\/index.php?rest_route=%2Fwp%2Fv2%2Ftags&post=9358"}],"curies":[{"name":"wp","href":"https:\/\/api.w.org\/{rel}","templated":true}]}}