{"id":9542,"date":"2018-01-28T16:25:46","date_gmt":"2018-01-28T20:25:46","guid":{"rendered":"http:\/\/delamanodemaria.com\/?p=9542"},"modified":"2018-01-28T16:40:09","modified_gmt":"2018-01-28T20:40:09","slug":"reflexion-para-el-cuarto-domingo-del-t-o-b-28-01-18","status":"publish","type":"post","link":"http:\/\/delamanodemaria.com\/?p=9542","title":{"rendered":"REFLEXI\u00d3N PARA EL CUARTO DOMINGO DEL T.O. (B) 28-01-18"},"content":{"rendered":"<p><img decoding=\"async\" loading=\"lazy\" class=\"alignnone size-full wp-image-1809\" src=\"http:\/\/delamanodemaria.com\/wp-content\/uploads\/2013\/09\/Cierra-la-boca-y-sal.jpg\" alt=\"\" width=\"640\" height=\"621\" srcset=\"http:\/\/delamanodemaria.com\/wp-content\/uploads\/2013\/09\/Cierra-la-boca-y-sal.jpg 640w, http:\/\/delamanodemaria.com\/wp-content\/uploads\/2013\/09\/Cierra-la-boca-y-sal-300x291.jpg 300w, http:\/\/delamanodemaria.com\/wp-content\/uploads\/2013\/09\/Cierra-la-boca-y-sal-309x300.jpg 309w\" sizes=\"(max-width: 640px) 100vw, 640px\" \/><\/p>\n<p>Continuamos adentr\u00e1ndonos en el Tiempo ordinario. La figura de Cristo-predicador sigue tomando forma y, junto con ella, se va revelando la divinidad de Jes\u00fas. El misterio de la Encarnaci\u00f3n.<\/p>\n<p>La primera lectura que nos ofrece la Liturgia (Dt 18,15-20) nos prefigura la persona de Cristo: \u201cUn profeta, de entre los tuyos, de entre tus hermanos, como yo, te suscitar\u00e1 el Se\u00f1or, tu Dios. A \u00e9l lo escuchar\u00e9is. Es lo que pediste al Se\u00f1or, tu Dios, en el Horeb, el d\u00eda de la asamblea: \u2018No quiero volver a escuchar la voz del Se\u00f1or, mi Dios, ni quiero ver m\u00e1s ese terrible incendio; no quiero morir.\u2019 El Se\u00f1or me respondi\u00f3: \u2018Tienen raz\u00f3n; suscitar\u00e9 un profeta de entre sus hermanos, como t\u00fa. Pondr\u00e9 mis palabras en su boca, y les dir\u00e1 lo que yo le mande\u2019\u201d.<\/p>\n<p>De ah\u00ed que a Jes\u00fas se le llame el \u201cnuevo Mois\u00e9s\u201d, ya que en \u00c9l se cumple a plenitud la profec\u00eda contenida en este pasaje. Esto lo vemos m\u00e1s claramente en Mateo, cuyo objetivo es probar que Jes\u00fas es el Mes\u00edas prometido. Por eso establece un paralelo entre ambos personajes: Mois\u00e9s y Jes\u00fas perseguidos en su infancia, Mois\u00e9s y Jes\u00fas ofreciendo un pan de vida, y Mois\u00e9s y Jes\u00fas dando la Ley en una monta\u00f1a.<\/p>\n<p>En la lectura evang\u00e9lica de hoy (Mc 1,21-28) vemos el comienzo de la misi\u00f3n de Jes\u00fas. Lo encontramos entrando a Cafarna\u00fan. Apenas cuenta con cuatro disc\u00edpulos, pero no espera, tiene que cumplir su misi\u00f3n y sabe que tiene poco tiempo. Lo vemos predicando en la sinagoga (algo no muy com\u00fan en Jes\u00fas, que prefer\u00eda hacerlo al descampado). Todos se maravillaban de la autoridad con que expon\u00eda su doctrina, porque lo hac\u00eda, no como lo escribas (que no aventuraban interpretar la ley a menos que su juicio estuviera avalado por las escrituras), \u201csino con autoridad\u201d. Otra muestra de la divinidad de Jes\u00fas, quien hab\u00eda venido a dar plenitud a la Ley y los profetas (Mt 5,17). Todos perciben que Jes\u00fas habla con una autoridad que viene desde el interior de s\u00ed mismo y que solo puede venir del mismo Dios. Tal vez todav\u00eda no tienen claro que \u00c9l es Dios, pero este episodio constituye el primer atisbo de esa divinidad que se seguir\u00e1 manifestando a trav\u00e9s del Evangelio.<\/p>\n<p>Y para que no quede duda sobre su \u201cautoridad\u201d y su superioridad sobre todo, la Escritura nos presenta a un hombre pose\u00eddo por un \u201cesp\u00edritu inmundo\u201d que se encuentra con Jes\u00fas en la sinagoga. El esp\u00edritu increpa a Jes\u00fas y, una vez m\u00e1s, Jes\u00fas habla con autoridad: \u201cC\u00e1llate y sal de \u00e9l\u201d. Y el esp\u00edritu \u201cdando un grito muy fuerte, sali\u00f3\u201d. Todos estaban asombrados, confundidos, y se dec\u00edan: \u201c\u00bfQu\u00e9 es esto? Este ense\u00f1ar con autoridad es nuevo\u201d. Y eso, que estamos apenas comenzando, es el primer d\u00eda de predicaci\u00f3n de Jes\u00fas. \u00a1Abr\u00f3chense los cinturones!<\/p>\n<p>Y yo, \u00bftengo claro qui\u00e9n es Jes\u00fas? \u00bfHe sido testigo de su poder? Cuando hablo de \u00c9l, \u00bfpresento una imagen de \u201cestampita\u201d sobre su persona, o soy capaz de presentar mi experiencia de la divinidad de Jes\u00fas y c\u00f3mo ha obrado en m\u00ed?<\/p>\n<p>Que pasen un hermoso domingo, y no olviden visitar la Casa del Se\u00f1or.<\/p>\n<div style=\"padding-bottom:20px; padding-top:10px;\" class=\"hupso-share-buttons\"><!-- Hupso Share Buttons - https:\/\/www.hupso.com\/share\/ --><a class=\"hupso_toolbar\" href=\"https:\/\/www.hupso.com\/share\/\"><img src=\"http:\/\/static.hupso.com\/share\/buttons\/lang\/es\/share-medium.png\" style=\"border:0px; padding-top: 5px; float:left;\" alt=\"Share Button\"\/><\/a><script type=\"text\/javascript\">var hupso_services_t=new Array(\"Twitter\",\"Facebook\",\"Google Plus\",\"Pinterest\",\"Linkedin\",\"Email\",\"Print\");var hupso_background_t=\"#EAF4FF\";var hupso_border_t=\"#66CCFF\";var hupso_toolbar_size_t=\"medium\";var hupso_image_folder_url = \"\";var hupso_twitter_via=\"hectorops\";var hupso_url_t=\"\";var hupso_title_t=\"REFLEXI%C3%93N%20PARA%20EL%20CUARTO%20DOMINGO%20DEL%20T.O.%20%28B%29%2028-01-18\";<\/script><script type=\"text\/javascript\" src=\"http:\/\/static.hupso.com\/share\/js\/share_toolbar.js\"><\/script><!-- Hupso Share Buttons --><\/div>","protected":false},"excerpt":{"rendered":"<p>Continuamos adentr\u00e1ndonos en el Tiempo ordinario. La figura de Cristo-predicador sigue tomando forma y, junto con ella, se va revelando la divinidad de Jes\u00fas. El misterio de la Encarnaci\u00f3n. La primera lectura que nos ofrece la Liturgia (Dt 18,15-20) nos &hellip; <a href=\"http:\/\/delamanodemaria.com\/?p=9542\">Continue reading <span class=\"meta-nav\">&rarr;<\/span><\/a><\/p>\n<div style=\"padding-bottom:20px; padding-top:10px;\" class=\"hupso-share-buttons\"><!-- Hupso Share Buttons - https:\/\/www.hupso.com\/share\/ --><a class=\"hupso_toolbar\" href=\"https:\/\/www.hupso.com\/share\/\"><img src=\"http:\/\/static.hupso.com\/share\/buttons\/lang\/es\/share-medium.png\" style=\"border:0px; padding-top: 5px; float:left;\" alt=\"Share Button\"\/><\/a><script type=\"text\/javascript\">var hupso_services_t=new Array(\"Twitter\",\"Facebook\",\"Google Plus\",\"Pinterest\",\"Linkedin\",\"Email\",\"Print\");var hupso_background_t=\"#EAF4FF\";var hupso_border_t=\"#66CCFF\";var hupso_toolbar_size_t=\"medium\";var hupso_image_folder_url = \"\";var hupso_twitter_via=\"hectorops\";var hupso_url_t=\"\";var hupso_title_t=\"REFLEXI%C3%93N%20PARA%20EL%20CUARTO%20DOMINGO%20DEL%20T.O.%20%28B%29%2028-01-18\";<\/script><script type=\"text\/javascript\" src=\"http:\/\/static.hupso.com\/share\/js\/share_toolbar.js\"><\/script><!-- Hupso Share Buttons --><\/div>","protected":false},"author":1,"featured_media":0,"comment_status":"open","ping_status":"open","sticky":false,"template":"","format":"standard","meta":{"jetpack_post_was_ever_published":false,"_jetpack_newsletter_access":"","_jetpack_newsletter_tier_id":0,"jetpack_publicize_message":"","jetpack_is_tweetstorm":false,"jetpack_publicize_feature_enabled":true,"jetpack_social_post_already_shared":true,"jetpack_social_options":{"image_generator_settings":{"template":"highway","enabled":false}}},"categories":[1],"tags":[756,724,766,1015,1772,299,44,200,96,115,112,415,779,1039,2,270,1041,722],"jetpack_publicize_connections":[],"jetpack_featured_media_url":"","jetpack_shortlink":"https:\/\/wp.me\/p3bBgS-2tU","jetpack_sharing_enabled":true,"jetpack_likes_enabled":true,"_links":{"self":[{"href":"http:\/\/delamanodemaria.com\/index.php?rest_route=\/wp\/v2\/posts\/9542"}],"collection":[{"href":"http:\/\/delamanodemaria.com\/index.php?rest_route=\/wp\/v2\/posts"}],"about":[{"href":"http:\/\/delamanodemaria.com\/index.php?rest_route=\/wp\/v2\/types\/post"}],"author":[{"embeddable":true,"href":"http:\/\/delamanodemaria.com\/index.php?rest_route=\/wp\/v2\/users\/1"}],"replies":[{"embeddable":true,"href":"http:\/\/delamanodemaria.com\/index.php?rest_route=%2Fwp%2Fv2%2Fcomments&post=9542"}],"version-history":[{"count":2,"href":"http:\/\/delamanodemaria.com\/index.php?rest_route=\/wp\/v2\/posts\/9542\/revisions"}],"predecessor-version":[{"id":9544,"href":"http:\/\/delamanodemaria.com\/index.php?rest_route=\/wp\/v2\/posts\/9542\/revisions\/9544"}],"wp:attachment":[{"href":"http:\/\/delamanodemaria.com\/index.php?rest_route=%2Fwp%2Fv2%2Fmedia&parent=9542"}],"wp:term":[{"taxonomy":"category","embeddable":true,"href":"http:\/\/delamanodemaria.com\/index.php?rest_route=%2Fwp%2Fv2%2Fcategories&post=9542"},{"taxonomy":"post_tag","embeddable":true,"href":"http:\/\/delamanodemaria.com\/index.php?rest_route=%2Fwp%2Fv2%2Ftags&post=9542"}],"curies":[{"name":"wp","href":"https:\/\/api.w.org\/{rel}","templated":true}]}}