{"id":9558,"date":"2018-02-01T18:05:16","date_gmt":"2018-02-01T22:05:16","guid":{"rendered":"http:\/\/delamanodemaria.com\/?p=9558"},"modified":"2018-02-01T18:05:16","modified_gmt":"2018-02-01T22:05:16","slug":"reflexion-para-la-fiesta-de-la-presentacion-del-senor-02-02-18","status":"publish","type":"post","link":"http:\/\/delamanodemaria.com\/?p=9558","title":{"rendered":"REFLEXI\u00d3N PARA LA FIESTA DE LA PRESENTACI\u00d3N DEL SE\u00d1OR 02-02-18"},"content":{"rendered":"<p><img decoding=\"async\" loading=\"lazy\" class=\"alignnone size-full wp-image-2914\" src=\"http:\/\/delamanodemaria.com\/wp-content\/uploads\/2014\/02\/presentacion-del-Senor.jpg\" alt=\"\" width=\"590\" height=\"490\" srcset=\"http:\/\/delamanodemaria.com\/wp-content\/uploads\/2014\/02\/presentacion-del-Senor.jpg 590w, http:\/\/delamanodemaria.com\/wp-content\/uploads\/2014\/02\/presentacion-del-Senor-300x249.jpg 300w, http:\/\/delamanodemaria.com\/wp-content\/uploads\/2014\/02\/presentacion-del-Senor-361x300.jpg 361w\" sizes=\"(max-width: 590px) 100vw, 590px\" \/><\/p>\n<p>Hoy celebramos la Fiesta lit\u00fargica de la Presentaci\u00f3n del Se\u00f1or. Esta fiesta conmemora el momento en que, en cumplimiento de la Ley de Mois\u00e9s, la Sagrada Familia acude al Templo para la purificaci\u00f3n de la madre (Lv 12,1-4), la ofrenda del primog\u00e9nito a Dios (Ex 13,2; N\u00fam 18,15), y su rescate mediante un sacrificio. Seg\u00fan Lv 12,1-4, la madre quedaba impura por cuarenta d\u00edas despu\u00e9s del parto por haber derramado sangre, y ten\u00eda que acudir al Templo para su purificaci\u00f3n. En esa misma fecha ten\u00eda que ofrecer el primog\u00e9nito a Dios. Por eso la liturgia coloca esta Fiesta cuarenta d\u00edas despu\u00e9s de la Navidad. Con esta celebraci\u00f3n se cierra el tr\u00edptico que comienza con la Natividad el Se\u00f1or, sigue en la Epifan\u00eda y culmina con la Presentaci\u00f3n.<\/p>\n<p>La entrada de Jes\u00fas en brazos de su Madre en el Templo representa el cumplimiento de la profec\u00eda de Malaqu\u00edas que leemos como primera lectura (3,1-4): \u201cDe pronto entrar\u00e1 en el santuario el Se\u00f1or a quien vosotros busc\u00e1is, el mensajero de la alianza que vosotros dese\u00e1is\u201d.<\/p>\n<p>Como lectura alterna la liturgia nos ofrece la Carta a los Hebreos (2,14-18), que nos presenta a Jes\u00fas como el \u201csumo sacerdote compasivo y fiel en lo que a Dios se refiere\u201d. As\u00ed, nos presenta un sacerdote que se someti\u00f3 a la Ley y los mandatos de Padre para expiar nuestros pecados.<\/p>\n<p>Est\u00e1 claro; Jes\u00fas es Dios, no necesita presentarse a s\u00ed mismo. Pero \u00c9l opt\u00f3 por hacerse igual en todo a nosotros, excepto en el pecado (Hb 4,15), y eso incluye el cumplimiento de la Ley y la obediencia al Padre (<em>Cfr<\/em>. Mt 5,17-18): \u201cNo piensen que vine para abolir la Ley o los Profetas: yo no he venido a abolir, sino a dar cumplimiento. Les aseguro que no desaparecer\u00e1 ni una i ni una coma de la Ley, antes que desaparezcan el cielo y la tierra, hasta que todo se realice\u201d. \u00c9l mismo quiso sentir el peso de la Ley, quiso ser uno con nosotros, a\u00fan en el dolor: \u201cComo \u00c9l ha pasado por la prueba del dolor, puede auxiliar a los que ahora pasan por ella\u201d.<\/p>\n<p>As\u00ed, el Evangelio (Lc 2,22-40) nos narra el episodio de la Presentaci\u00f3n. Lucas es el \u00fanico de los evangelistas que nos narra ese importante evento en la vida de Jes\u00fas.<\/p>\n<p>Las palabras de Sime\u00f3n anuncian el cumplimiento de la profec\u00eda de Malaqu\u00edas. Tomando al Ni\u00f1o en brazos exclam\u00f3: \u201cAhora, Se\u00f1or, seg\u00fan tu promesa, puedes dejar a tu siervo irse en paz. Porque mis ojos han visto a tu Salvador, a quien has presentado ante todos los pueblos: luz para alumbrar a las naciones y gloria de tu pueblo Israel\u201d. A rengl\u00f3n seguido dice a Mar\u00eda: \u201cY a ti, una espada te traspasar\u00e1 el alma\u201d. Cuando Mar\u00eda entr\u00f3 al Templo con el Ni\u00f1o en brazos para presentarlo, dando una muestra de obediencia al Padre (<em>Cfr<\/em>. Lc 1,38), sab\u00eda que no solo lo estaba presentando y ofreciendo a Dios en el Templo, lo estaba presentando y ofreciendo a toda la humanidad. S\u00ed; a ti y a m\u00ed. De ese modo estaba cooperando en la obra salvadora de su Hijo. Las palabras de Sime\u00f3n ponen de manifiesto el papel de Mar\u00eda en el misterio de la redenci\u00f3n. Al entregar a su Hijo, se estaba entregando tambi\u00e9n a s\u00ed misma a la misi\u00f3n redentora de este. Mar\u00eda corredentora\u2026<\/p>\n<div style=\"padding-bottom:20px; padding-top:10px;\" class=\"hupso-share-buttons\"><!-- Hupso Share Buttons - https:\/\/www.hupso.com\/share\/ --><a class=\"hupso_toolbar\" href=\"https:\/\/www.hupso.com\/share\/\"><img src=\"http:\/\/static.hupso.com\/share\/buttons\/lang\/es\/share-medium.png\" style=\"border:0px; padding-top: 5px; float:left;\" alt=\"Share Button\"\/><\/a><script type=\"text\/javascript\">var hupso_services_t=new Array(\"Twitter\",\"Facebook\",\"Google Plus\",\"Pinterest\",\"Linkedin\",\"Email\",\"Print\");var hupso_background_t=\"#EAF4FF\";var hupso_border_t=\"#66CCFF\";var hupso_toolbar_size_t=\"medium\";var hupso_image_folder_url = \"\";var hupso_twitter_via=\"hectorops\";var hupso_url_t=\"\";var hupso_title_t=\"REFLEXI%C3%93N%20PARA%20LA%20FIESTA%20DE%20LA%20PRESENTACI%C3%93N%20DEL%20SE%C3%91OR%2002-02-18\";<\/script><script type=\"text\/javascript\" src=\"http:\/\/static.hupso.com\/share\/js\/share_toolbar.js\"><\/script><!-- Hupso Share Buttons --><\/div>","protected":false},"excerpt":{"rendered":"<p>Hoy celebramos la Fiesta lit\u00fargica de la Presentaci\u00f3n del Se\u00f1or. Esta fiesta conmemora el momento en que, en cumplimiento de la Ley de Mois\u00e9s, la Sagrada Familia acude al Templo para la purificaci\u00f3n de la madre (Lv 12,1-4), la ofrenda &hellip; <a href=\"http:\/\/delamanodemaria.com\/?p=9558\">Continue reading <span class=\"meta-nav\">&rarr;<\/span><\/a><\/p>\n<div style=\"padding-bottom:20px; padding-top:10px;\" class=\"hupso-share-buttons\"><!-- Hupso Share Buttons - https:\/\/www.hupso.com\/share\/ --><a class=\"hupso_toolbar\" href=\"https:\/\/www.hupso.com\/share\/\"><img src=\"http:\/\/static.hupso.com\/share\/buttons\/lang\/es\/share-medium.png\" style=\"border:0px; padding-top: 5px; float:left;\" alt=\"Share Button\"\/><\/a><script type=\"text\/javascript\">var hupso_services_t=new Array(\"Twitter\",\"Facebook\",\"Google Plus\",\"Pinterest\",\"Linkedin\",\"Email\",\"Print\");var hupso_background_t=\"#EAF4FF\";var hupso_border_t=\"#66CCFF\";var hupso_toolbar_size_t=\"medium\";var hupso_image_folder_url = \"\";var hupso_twitter_via=\"hectorops\";var hupso_url_t=\"\";var hupso_title_t=\"REFLEXI%C3%93N%20PARA%20LA%20FIESTA%20DE%20LA%20PRESENTACI%C3%93N%20DEL%20SE%C3%91OR%2002-02-18\";<\/script><script type=\"text\/javascript\" src=\"http:\/\/static.hupso.com\/share\/js\/share_toolbar.js\"><\/script><!-- Hupso Share Buttons --><\/div>","protected":false},"author":1,"featured_media":0,"comment_status":"open","ping_status":"open","sticky":false,"template":"","format":"standard","meta":{"jetpack_post_was_ever_published":false,"_jetpack_newsletter_access":"","_jetpack_newsletter_tier_id":0,"jetpack_publicize_message":"","jetpack_is_tweetstorm":false,"jetpack_publicize_feature_enabled":true,"jetpack_social_post_already_shared":true,"jetpack_social_options":{"image_generator_settings":{"template":"highway","enabled":false}}},"categories":[1],"tags":[1007,748,1323,1707,1795,693,1745,2163,1547,1744,2,1801,151,441,336],"jetpack_publicize_connections":[],"jetpack_featured_media_url":"","jetpack_shortlink":"https:\/\/wp.me\/p3bBgS-2ua","jetpack_sharing_enabled":true,"jetpack_likes_enabled":true,"_links":{"self":[{"href":"http:\/\/delamanodemaria.com\/index.php?rest_route=\/wp\/v2\/posts\/9558"}],"collection":[{"href":"http:\/\/delamanodemaria.com\/index.php?rest_route=\/wp\/v2\/posts"}],"about":[{"href":"http:\/\/delamanodemaria.com\/index.php?rest_route=\/wp\/v2\/types\/post"}],"author":[{"embeddable":true,"href":"http:\/\/delamanodemaria.com\/index.php?rest_route=\/wp\/v2\/users\/1"}],"replies":[{"embeddable":true,"href":"http:\/\/delamanodemaria.com\/index.php?rest_route=%2Fwp%2Fv2%2Fcomments&post=9558"}],"version-history":[{"count":2,"href":"http:\/\/delamanodemaria.com\/index.php?rest_route=\/wp\/v2\/posts\/9558\/revisions"}],"predecessor-version":[{"id":9560,"href":"http:\/\/delamanodemaria.com\/index.php?rest_route=\/wp\/v2\/posts\/9558\/revisions\/9560"}],"wp:attachment":[{"href":"http:\/\/delamanodemaria.com\/index.php?rest_route=%2Fwp%2Fv2%2Fmedia&parent=9558"}],"wp:term":[{"taxonomy":"category","embeddable":true,"href":"http:\/\/delamanodemaria.com\/index.php?rest_route=%2Fwp%2Fv2%2Fcategories&post=9558"},{"taxonomy":"post_tag","embeddable":true,"href":"http:\/\/delamanodemaria.com\/index.php?rest_route=%2Fwp%2Fv2%2Ftags&post=9558"}],"curies":[{"name":"wp","href":"https:\/\/api.w.org\/{rel}","templated":true}]}}