{"id":963,"date":"2013-05-04T23:23:56","date_gmt":"2013-05-05T03:23:56","guid":{"rendered":"http:\/\/delamanodemaria.com\/?p=963"},"modified":"2013-05-04T23:23:56","modified_gmt":"2013-05-05T03:23:56","slug":"reflexion-para-el-sexto-domingo-de-pascua-05-05-13","status":"publish","type":"post","link":"http:\/\/delamanodemaria.com\/?p=963","title":{"rendered":"REFLEXI\u00d3N PARA EL SEXTO DOMINGO DE PASCUA 05-05-13"},"content":{"rendered":"<p><a href=\"http:\/\/delamanodemaria.com\/wp-content\/uploads\/2013\/05\/rodeados-por-el-Amor.jpg\"><img decoding=\"async\" loading=\"lazy\" class=\"alignnone size-full wp-image-964\" alt=\"rodeados-por-el-Amor\" src=\"http:\/\/delamanodemaria.com\/wp-content\/uploads\/2013\/05\/rodeados-por-el-Amor.jpg\" width=\"600\" height=\"818\" srcset=\"http:\/\/delamanodemaria.com\/wp-content\/uploads\/2013\/05\/rodeados-por-el-Amor.jpg 600w, http:\/\/delamanodemaria.com\/wp-content\/uploads\/2013\/05\/rodeados-por-el-Amor-220x300.jpg 220w\" sizes=\"(max-width: 600px) 100vw, 600px\" \/><\/a><\/p>\n<p><span style=\"font-size: large;\">\u201cEl que me ama guardar\u00e1 mi palabra, y mi Padre lo amar\u00e1, y vendremos a \u00e9l y haremos morada en \u00e9l\u201d. Con esas palabras de Jes\u00fas a sus disc\u00edpulos comienza el pasaje evang\u00e9lico (Jn 14,23-29) que nos brinda la liturgia para este sexto domingo de Pascua. Este pasaje forma parte del \u201cdiscurso de despedida de Jes\u00fas\u201d, que transcurre en la sobremesa de la versi\u00f3n de Juan de la \u00faltima cena.<\/span><\/p>\n<p><span style=\"font-size: large;\">Durante esta despedida Jes\u00fas ha estado enfatizando en la identidad entre el Padre y \u00c9l. Hoy insiste nuevamente en esa identidad, mientras prepara a sus disc\u00edpulos para su partida: \u201cSi me amarais, os alegrar\u00edais de que vaya al Padre, porque el Padre es m\u00e1s que yo\u201d. Pero les asegura que no los dejar\u00e1 solos, asegur\u00e1ndoles que \u201cel Defensor, el Esp\u00edritu Santo, que enviar\u00e1 el Padre en mi nombre, ser\u00e1 quien os lo ense\u00f1e todo y os vaya recordando todo lo que os he dicho\u201d.<\/span><\/p>\n<p><span style=\"font-size: large;\">Ya en otras ocasiones hemos dicho que el Esp\u00edritu Santo es el amor que se profesan mutuamente el Padre y el Hijo, que se derrama sobre nosotros inund\u00e1ndonos con ese Amor que es la esencia misma de Dios. Por eso donde habitan el Padre y el Hijo habita el Esp\u00edritu Santo. El pasaje comenzaba diciendo que si amamos a Jes\u00fas y guardamos su Palabra, el Padre tambi\u00e9n nos amar\u00e1, y ambos \u201char\u00e1n morada en nosotros\u201d. Pensemos el grado de intimidad que implica esa relaci\u00f3n en la cual el Padre y el Hijo cohabitan con nosotros. Y el Esp\u00edritu, que es el Amor que Ellos a su vez se profesan, inunda toda la morada, es decir, todo nuestro cuerpo y alma.<\/span><\/p>\n<p><span style=\"font-size: large;\">Es el Esp\u00edritu quien nos instruye y nos recuerda las ense\u00f1anzas de Jes\u00fas. As\u00ed, ha guiado a la Iglesia desde sus comienzos, como vemos en la primera lectura de hoy (Hc 15,1-2.22-29), que nos refiere al primer Concilio de la Iglesia, en Jerusal\u00e9n, en donde vemos al Esp\u00edritu Santo actuando en los ap\u00f3stoles, guiando los primeros pasos de la Iglesia naciente. Los ap\u00f3stoles y presb\u00edteros, d\u00f3ciles al Esp\u00edritu Santo, se re\u00fanen y comunican as\u00ed su decisi\u00f3n a los de Antioqu\u00eda: \u201cHemos decidido, el Esp\u00edritu Santo y nosotros, no imponeros m\u00e1s cargas que las indispensables\u201d.<\/span><\/p>\n<p><span style=\"font-size: large;\">Anteriormente hemos se\u00f1alado que el protagonista del libro de los Hechos de los Ap\u00f3stoles es el Esp\u00edritu Santo; al punto que se le conoce como el \u201cEvangelio del Esp\u00edritu Santo\u201d. No hay duda, los ap\u00f3stoles actuaban asistidos y guiados por El Esp\u00edritu Santo que recibieron por partida doble; primero durante la primera aparici\u00f3n de Jes\u00fas luego de su Resurrecci\u00f3n (Jn 20,22), y posteriormente en Pentecost\u00e9s, cuando recibieron una \u201csobredosis\u201d de Esp\u00edritu.<\/span><\/p>\n<p><span style=\"font-size: large;\">Y todo se reduce a una palabra: Amor. Porque \u201cel que recibe mis mandamientos y los cumple, ese es el que me ama; y el que me ama ser\u00e1 amado por mi Padre, y yo lo amar\u00e9 y me manifestar\u00e9 a \u00e9l\u201d (Jn 14,21). Y esa manifestaci\u00f3n tiene nombre y apellido: \u201cEsp\u00edritu Santo\u201d.<\/span><\/p>\n<p><span style=\"font-size: large;\">Es Jes\u00fas quien te hace una invitaci\u00f3n y un ofrecimiento. \u00bfAceptas?<\/span><\/p>\n<div style=\"padding-bottom:20px; padding-top:10px;\" class=\"hupso-share-buttons\"><!-- Hupso Share Buttons - https:\/\/www.hupso.com\/share\/ --><a class=\"hupso_toolbar\" href=\"https:\/\/www.hupso.com\/share\/\"><img src=\"http:\/\/static.hupso.com\/share\/buttons\/lang\/es\/share-medium.png\" style=\"border:0px; padding-top: 5px; float:left;\" alt=\"Share Button\"\/><\/a><script type=\"text\/javascript\">var hupso_services_t=new Array(\"Twitter\",\"Facebook\",\"Google Plus\",\"Pinterest\",\"Linkedin\",\"Email\",\"Print\");var hupso_background_t=\"#EAF4FF\";var hupso_border_t=\"#66CCFF\";var hupso_toolbar_size_t=\"medium\";var hupso_image_folder_url = \"\";var hupso_twitter_via=\"hectorops\";var hupso_url_t=\"\";var hupso_title_t=\"REFLEXI%C3%93N%20PARA%20EL%20SEXTO%20DOMINGO%20DE%20PASCUA%2005-05-13\";<\/script><script type=\"text\/javascript\" src=\"http:\/\/static.hupso.com\/share\/js\/share_toolbar.js\"><\/script><!-- Hupso Share Buttons --><\/div>","protected":false},"excerpt":{"rendered":"<p>\u201cEl que me ama guardar\u00e1 mi palabra, y mi Padre lo amar\u00e1, y vendremos a \u00e9l y haremos morada en \u00e9l\u201d. Con esas palabras de Jes\u00fas a sus disc\u00edpulos comienza el pasaje evang\u00e9lico (Jn 14,23-29) que nos brinda la liturgia &hellip; <a href=\"http:\/\/delamanodemaria.com\/?p=963\">Continue reading <span class=\"meta-nav\">&rarr;<\/span><\/a><\/p>\n<div style=\"padding-bottom:20px; padding-top:10px;\" class=\"hupso-share-buttons\"><!-- Hupso Share Buttons - https:\/\/www.hupso.com\/share\/ --><a class=\"hupso_toolbar\" href=\"https:\/\/www.hupso.com\/share\/\"><img src=\"http:\/\/static.hupso.com\/share\/buttons\/lang\/es\/share-medium.png\" style=\"border:0px; padding-top: 5px; float:left;\" alt=\"Share Button\"\/><\/a><script type=\"text\/javascript\">var hupso_services_t=new Array(\"Twitter\",\"Facebook\",\"Google Plus\",\"Pinterest\",\"Linkedin\",\"Email\",\"Print\");var hupso_background_t=\"#EAF4FF\";var hupso_border_t=\"#66CCFF\";var hupso_toolbar_size_t=\"medium\";var hupso_image_folder_url = \"\";var hupso_twitter_via=\"hectorops\";var hupso_url_t=\"\";var hupso_title_t=\"REFLEXI%C3%93N%20PARA%20EL%20SEXTO%20DOMINGO%20DE%20PASCUA%2005-05-13\";<\/script><script type=\"text\/javascript\" src=\"http:\/\/static.hupso.com\/share\/js\/share_toolbar.js\"><\/script><!-- Hupso Share Buttons --><\/div>","protected":false},"author":1,"featured_media":0,"comment_status":"open","ping_status":"open","sticky":false,"template":"","format":"standard","meta":{"jetpack_post_was_ever_published":false,"_jetpack_newsletter_access":"","_jetpack_newsletter_tier_id":0,"jetpack_publicize_message":"","jetpack_is_tweetstorm":false,"jetpack_publicize_feature_enabled":true,"jetpack_social_post_already_shared":true,"jetpack_social_options":{"image_generator_settings":{"template":"highway","enabled":false}}},"categories":[1],"tags":[30,89,29,96,42,71,2],"jetpack_publicize_connections":[],"jetpack_featured_media_url":"","jetpack_shortlink":"https:\/\/wp.me\/p3bBgS-fx","jetpack_sharing_enabled":true,"jetpack_likes_enabled":true,"_links":{"self":[{"href":"http:\/\/delamanodemaria.com\/index.php?rest_route=\/wp\/v2\/posts\/963"}],"collection":[{"href":"http:\/\/delamanodemaria.com\/index.php?rest_route=\/wp\/v2\/posts"}],"about":[{"href":"http:\/\/delamanodemaria.com\/index.php?rest_route=\/wp\/v2\/types\/post"}],"author":[{"embeddable":true,"href":"http:\/\/delamanodemaria.com\/index.php?rest_route=\/wp\/v2\/users\/1"}],"replies":[{"embeddable":true,"href":"http:\/\/delamanodemaria.com\/index.php?rest_route=%2Fwp%2Fv2%2Fcomments&post=963"}],"version-history":[{"count":1,"href":"http:\/\/delamanodemaria.com\/index.php?rest_route=\/wp\/v2\/posts\/963\/revisions"}],"predecessor-version":[{"id":965,"href":"http:\/\/delamanodemaria.com\/index.php?rest_route=\/wp\/v2\/posts\/963\/revisions\/965"}],"wp:attachment":[{"href":"http:\/\/delamanodemaria.com\/index.php?rest_route=%2Fwp%2Fv2%2Fmedia&parent=963"}],"wp:term":[{"taxonomy":"category","embeddable":true,"href":"http:\/\/delamanodemaria.com\/index.php?rest_route=%2Fwp%2Fv2%2Fcategories&post=963"},{"taxonomy":"post_tag","embeddable":true,"href":"http:\/\/delamanodemaria.com\/index.php?rest_route=%2Fwp%2Fv2%2Ftags&post=963"}],"curies":[{"name":"wp","href":"https:\/\/api.w.org\/{rel}","templated":true}]}}