{"id":9644,"date":"2018-02-20T21:46:57","date_gmt":"2018-02-21T01:46:57","guid":{"rendered":"http:\/\/delamanodemaria.com\/?p=9644"},"modified":"2018-02-20T21:46:57","modified_gmt":"2018-02-21T01:46:57","slug":"reflexion-para-el-miercoles-de-la-primera-semana-de-cuaresma-21-02-18","status":"publish","type":"post","link":"http:\/\/delamanodemaria.com\/?p=9644","title":{"rendered":"REFLEXI\u00d3N PARA EL MI\u00c9RCOLES DE LA PRIMERA SEMANA DE CUARESMA 21-02-18"},"content":{"rendered":"<p><img decoding=\"async\" loading=\"lazy\" class=\"size-full wp-image-4274 aligncenter\" src=\"http:\/\/delamanodemaria.com\/wp-content\/uploads\/2014\/10\/Generacion-perversa.jpg\" alt=\"\" width=\"480\" height=\"360\" srcset=\"http:\/\/delamanodemaria.com\/wp-content\/uploads\/2014\/10\/Generacion-perversa.jpg 480w, http:\/\/delamanodemaria.com\/wp-content\/uploads\/2014\/10\/Generacion-perversa-300x225.jpg 300w, http:\/\/delamanodemaria.com\/wp-content\/uploads\/2014\/10\/Generacion-perversa-400x300.jpg 400w\" sizes=\"(max-width: 480px) 100vw, 480px\" \/><\/p>\n<p>La lectura evang\u00e9lica que nos brinda la liturgia para este mi\u00e9rcoles de la primera semana de Cuaresma (Lc 11,29-32), nos dice que Jes\u00fas, al ver que la gente se apretujaba a su alrededor esperando ver un milagro, les increp\u00f3 diciendo: \u201cEsta generaci\u00f3n es una generaci\u00f3n perversa. Pide un signo, pero no se le dar\u00e1 m\u00e1s signo que el signo de Jon\u00e1s. Como Jon\u00e1s fue un signo para los habitantes de N\u00ednive, lo mismo ser\u00e1 el Hijo del hombre para esta generaci\u00f3n\u201d. Jes\u00fas se refer\u00eda a c\u00f3mo los habitantes de N\u00ednive se hab\u00edan convertido con la predicaci\u00f3n de Jon\u00e1s (que no era Dios), mientras a \u00c9l (que s\u00ed es Dios) los suyos le exig\u00edan \u201csignos\u201d para creer. Estaban apantallados por los portentos y milagros realizados por Jes\u00fas, pero se quedaban en el signo exterior; no captaban el mensaje.<\/p>\n<p>La primera lectura que de hoy (Jon 3,1-10) nos narra la conversi\u00f3n de los Ninivitas a que alude Jes\u00fas. Ya en otra ocasi\u00f3n, al reflexionar sobre las lecturas para hoy, <a href=\"http:\/\/delamanodemaria.com\/?p=372\">hicimos una exposici\u00f3n m\u00e1s amplia sobre \u00e9sta, a la cual les remitimos<\/a>.<\/p>\n<p>Ambas lecturas tienen como tema subyacente la <u>conversi\u00f3n<\/u> a la que somos llamados durante este tiempo de Cuaresma desde su comienzo, cuando al impon\u00e9rsenos la ceniza se nos dijo: \u201cConvi\u00e9rtete y cree en el Evangelio\u201d. La pregunta obligada es: \u00bfTiene sentido esa frase que se nos dice en relaci\u00f3n con la actitud interior con la que nos acercamos a recibir la ceniza ese d\u00eda? \u00bfExiste en nosotros una verdadera voluntad de conversi\u00f3n?<\/p>\n<p>Hemos dicho que el rito exterior de la ceniza recibida en la cabeza no tiene ning\u00fan significado, ning\u00fan valor, si no tenemos una actitud interior de conversi\u00f3n, no solo para este tiempo de Cuaresma, sino para toda nuestra vida, pues el verdadero proceso de conversi\u00f3n dura toda la vida. Es un constante caer y levantarnos, con la esperanza de cada vez permanecer en pie durante m\u00e1s tiempo. De ah\u00ed el llamado constante a la conversi\u00f3n (<em>Cfr<\/em>. Ap 2,5). La conversi\u00f3n es, pues, un proceso que se inicia cuando tenemos un encuentro personal con Jes\u00fas, y va progresando en la medida que permanecemos en \u00c9l. Para ayudarnos en ese proceso la Iglesia nos brinda la gracia de los sacramentos, especialmente los de la Reconciliaci\u00f3n y la Eucarist\u00eda. Por eso tambi\u00e9n se nos invita a acercarnos a estos durante este tiempo de Cuaresma.<\/p>\n<p>Desde el comienzo de su predicaci\u00f3n Jes\u00fas hizo un llamado a la conversi\u00f3n: \u201cEl plazo se ha cumplido. El Reino de Dios est\u00e1 cerca. Convi\u00e9rtanse y crean en el Evangelio\u201d (Mc 1,15). \u00a0M\u00e1s tarde Pedro, a nombre de la Iglesia, reiter\u00f3 esa llamada el d\u00eda de Pentecost\u00e9s. Cuando los que escucharon su predicaci\u00f3n, conmovidos por sus palabras le preguntaron qu\u00e9 ten\u00edan que hacer, \u00e9l les contest\u00f3: \u201cConvi\u00e9rtanse\u2026\u201d (Hc 2,38). Es la exhortaci\u00f3n que la Iglesia nos sigue haciendo hoy.<\/p>\n<p>Ya han pasado los primeros siete d\u00edas de esta Cuaresma. Hagamos un ejercicio de introspecci\u00f3n. \u00bfHe interiorizado la llamada a la conversi\u00f3n? \u00bfQu\u00e9 he hecho para lograrla?<\/p>\n<p>Est\u00e1 claro que Dios quiere nuestra conversi\u00f3n, es m\u00e1s, la espera. Por eso nos da la gracia y los medios necesarios para lograrla a trav\u00e9s de su Iglesia. Todav\u00eda estamos a tiempo. \u00a1Ac\u00e9rcate! \u00a1Reconc\u00edliate!<\/p>\n<div style=\"padding-bottom:20px; padding-top:10px;\" class=\"hupso-share-buttons\"><!-- Hupso Share Buttons - https:\/\/www.hupso.com\/share\/ --><a class=\"hupso_toolbar\" href=\"https:\/\/www.hupso.com\/share\/\"><img src=\"http:\/\/static.hupso.com\/share\/buttons\/lang\/es\/share-medium.png\" style=\"border:0px; padding-top: 5px; float:left;\" alt=\"Share Button\"\/><\/a><script type=\"text\/javascript\">var hupso_services_t=new Array(\"Twitter\",\"Facebook\",\"Google Plus\",\"Pinterest\",\"Linkedin\",\"Email\",\"Print\");var hupso_background_t=\"#EAF4FF\";var hupso_border_t=\"#66CCFF\";var hupso_toolbar_size_t=\"medium\";var hupso_image_folder_url = \"\";var hupso_twitter_via=\"hectorops\";var hupso_url_t=\"\";var hupso_title_t=\"REFLEXI%C3%93N%20PARA%20EL%20MI%C3%89RCOLES%20DE%20LA%20PRIMERA%20SEMANA%20DE%20CUARESMA%2021-02-18\";<\/script><script type=\"text\/javascript\" src=\"http:\/\/static.hupso.com\/share\/js\/share_toolbar.js\"><\/script><!-- Hupso Share Buttons --><\/div>","protected":false},"excerpt":{"rendered":"<p>La lectura evang\u00e9lica que nos brinda la liturgia para este mi\u00e9rcoles de la primera semana de Cuaresma (Lc 11,29-32), nos dice que Jes\u00fas, al ver que la gente se apretujaba a su alrededor esperando ver un milagro, les increp\u00f3 diciendo: &hellip; <a href=\"http:\/\/delamanodemaria.com\/?p=9644\">Continue reading <span class=\"meta-nav\">&rarr;<\/span><\/a><\/p>\n<div style=\"padding-bottom:20px; padding-top:10px;\" class=\"hupso-share-buttons\"><!-- Hupso Share Buttons - https:\/\/www.hupso.com\/share\/ --><a class=\"hupso_toolbar\" href=\"https:\/\/www.hupso.com\/share\/\"><img src=\"http:\/\/static.hupso.com\/share\/buttons\/lang\/es\/share-medium.png\" style=\"border:0px; padding-top: 5px; float:left;\" alt=\"Share Button\"\/><\/a><script type=\"text\/javascript\">var hupso_services_t=new Array(\"Twitter\",\"Facebook\",\"Google Plus\",\"Pinterest\",\"Linkedin\",\"Email\",\"Print\");var hupso_background_t=\"#EAF4FF\";var hupso_border_t=\"#66CCFF\";var hupso_toolbar_size_t=\"medium\";var hupso_image_folder_url = \"\";var hupso_twitter_via=\"hectorops\";var hupso_url_t=\"\";var hupso_title_t=\"REFLEXI%C3%93N%20PARA%20EL%20MI%C3%89RCOLES%20DE%20LA%20PRIMERA%20SEMANA%20DE%20CUARESMA%2021-02-18\";<\/script><script type=\"text\/javascript\" src=\"http:\/\/static.hupso.com\/share\/js\/share_toolbar.js\"><\/script><!-- Hupso Share Buttons --><\/div>","protected":false},"author":1,"featured_media":0,"comment_status":"open","ping_status":"open","sticky":false,"template":"","format":"standard","meta":{"jetpack_post_was_ever_published":false,"_jetpack_newsletter_access":"","_jetpack_newsletter_tier_id":0,"jetpack_publicize_message":"","jetpack_is_tweetstorm":false,"jetpack_publicize_feature_enabled":true,"jetpack_social_post_already_shared":true,"jetpack_social_options":{"image_generator_settings":{"template":"highway","enabled":false}}},"categories":[1],"tags":[477,12,1836,1462,4,45,200,283,368,668,27,2,1339,82,460,457],"jetpack_publicize_connections":[],"jetpack_featured_media_url":"","jetpack_shortlink":"https:\/\/wp.me\/p3bBgS-2vy","jetpack_sharing_enabled":true,"jetpack_likes_enabled":true,"_links":{"self":[{"href":"http:\/\/delamanodemaria.com\/index.php?rest_route=\/wp\/v2\/posts\/9644"}],"collection":[{"href":"http:\/\/delamanodemaria.com\/index.php?rest_route=\/wp\/v2\/posts"}],"about":[{"href":"http:\/\/delamanodemaria.com\/index.php?rest_route=\/wp\/v2\/types\/post"}],"author":[{"embeddable":true,"href":"http:\/\/delamanodemaria.com\/index.php?rest_route=\/wp\/v2\/users\/1"}],"replies":[{"embeddable":true,"href":"http:\/\/delamanodemaria.com\/index.php?rest_route=%2Fwp%2Fv2%2Fcomments&post=9644"}],"version-history":[{"count":3,"href":"http:\/\/delamanodemaria.com\/index.php?rest_route=\/wp\/v2\/posts\/9644\/revisions"}],"predecessor-version":[{"id":15082,"href":"http:\/\/delamanodemaria.com\/index.php?rest_route=\/wp\/v2\/posts\/9644\/revisions\/15082"}],"wp:attachment":[{"href":"http:\/\/delamanodemaria.com\/index.php?rest_route=%2Fwp%2Fv2%2Fmedia&parent=9644"}],"wp:term":[{"taxonomy":"category","embeddable":true,"href":"http:\/\/delamanodemaria.com\/index.php?rest_route=%2Fwp%2Fv2%2Fcategories&post=9644"},{"taxonomy":"post_tag","embeddable":true,"href":"http:\/\/delamanodemaria.com\/index.php?rest_route=%2Fwp%2Fv2%2Ftags&post=9644"}],"curies":[{"name":"wp","href":"https:\/\/api.w.org\/{rel}","templated":true}]}}