{"id":9658,"date":"2018-02-24T22:49:30","date_gmt":"2018-02-25T02:49:30","guid":{"rendered":"http:\/\/delamanodemaria.com\/?p=9658"},"modified":"2018-02-24T22:55:40","modified_gmt":"2018-02-25T02:55:40","slug":"reflexion-para-el-segundo-doming-de-cuaresma-b-25-02-18","status":"publish","type":"post","link":"http:\/\/delamanodemaria.com\/?p=9658","title":{"rendered":"REFLEXI\u00d3N PARA EL SEGUNDO DOMINGO DE CUARESMA (B) 25-02-18"},"content":{"rendered":"<p><img decoding=\"async\" loading=\"lazy\" class=\"alignnone size-full wp-image-408\" src=\"http:\/\/delamanodemaria.com\/wp-content\/uploads\/2013\/02\/Transfiguraci\u00f3n.jpg\" alt=\"\" width=\"1000\" height=\"916\" srcset=\"http:\/\/delamanodemaria.com\/wp-content\/uploads\/2013\/02\/Transfiguraci\u00f3n.jpg 1000w, http:\/\/delamanodemaria.com\/wp-content\/uploads\/2013\/02\/Transfiguraci\u00f3n-300x274.jpg 300w, http:\/\/delamanodemaria.com\/wp-content\/uploads\/2013\/02\/Transfiguraci\u00f3n-327x300.jpg 327w\" sizes=\"(max-width: 1000px) 100vw, 1000px\" \/><\/p>\n<p>La liturgia de hoy nos presenta el pasaje de la Transfiguraci\u00f3n del Se\u00f1or (Mc 9,2-10). El pasaje nos narra que Jes\u00fas tom\u00f3 consigo a los disc\u00edpulos que conformaban su \u201cc\u00edrculo \u00edntimo\u201d de amigos: Pedro, Santiago, y su hermano Juan, y los llev\u00f3 a un monte apartado (la tradici\u00f3n nos dice que fue el Monte Tabor). All\u00ed, en presencia de ellos, se \u201ctransfigur\u00f3\u201d, es decir, les permiti\u00f3 ver, por unos instantes, la gloria de su divinidad.<\/p>\n<p>Esta narraci\u00f3n est\u00e1 tan pre\u00f1ada de simbolismos, que resultar\u00eda imposible rese\u00f1arlos en estos breves p\u00e1rrafos. Trataremos, por tanto, de resumir lo que la Transfiguraci\u00f3n represent\u00f3 para los disc\u00edpulos a quienes Jes\u00fas les concedi\u00f3 el privilegio de presenciarla, sobre todo en la versi\u00f3n de Marcos que contemplamos hoy.<\/p>\n<p>Los disc\u00edpulos ya hab\u00edan comprendido que Jes\u00fas era el Mes\u00edas esperado; por eso lo hab\u00edan dejado todo para seguirle, sin importar las consecuencias de ese seguimiento. Pero todav\u00eda no hab\u00edan logrado percibir en toda su magnitud la gloria de ese Camino que es Jes\u00fas. \u00c9l decidi\u00f3 brindarles una prueba de su gloria para afianzar su fe. Podr\u00edamos comparar esta experiencia con esos momentos que vivimos, por fugaces que sean, en que vemos manifestada sin lugar a dudas la gloria y el poder de Dios; esos momentos que afianzan nuestra fe y nos permiten seguir adelante tras los pasos del Maestro. En esos momentos resuenan en nuestro esp\u00edritu las palabras del Padre: \u201cEste es mi Hijo amado, escuchadlo\u201d.<\/p>\n<p>Concluye la lectura dici\u00e9ndonos que luego de escuchar esas palabras miraron a su alrededor y no vieron a nadie m\u00e1s que a Jes\u00fas, solo con ellos. Es entonces que Jes\u00fas les dice \u201cNo cont\u00e9is a nadie lo que hab\u00e9is visto, hasta que el Hijo del hombre resucite de entre los muertos\u201d. Pero ellos todav\u00eda no acertaban a comprender el alcance de aquellas palabras, eso de \u201cresucitar de entre los muertos\u201d. A pesar de que Jes\u00fas se los anuncia en m\u00e1s de una ocasi\u00f3n, no es hasta despu\u00e9s de la Resurrecci\u00f3n cuando, iluminados por el Esp\u00edritu Santo que reciben en Pentecost\u00e9s, comprenden plenamente el alcance de las mismas.<\/p>\n<p>La segunda lectura de hoy, tomada de la carta del ap\u00f3stol san Pablo a los Romanos (8,31b-34), nos recuerda que gracias a esa Resurrecci\u00f3n que aquellos ap\u00f3stoles no supieron comprender en aquel momento, pero que ya Pablo conoc\u00eda, Jesucristo \u201cest\u00e1 a la derecha de Dios\u201d e \u201cintercede por nosotros\u201d. Vemos c\u00f3mo la liturgia cuaresmal ya comienza a apuntarnos hacia la culminaci\u00f3n de este tiempo tan especial.<\/p>\n<p>Hoy nosotros tenemos una ventaja que aquellos disc\u00edpulos no tuvieron; el testimonio de la gloriosa Resurrecci\u00f3n de Jes\u00fas, y la \u201ctransfiguraci\u00f3n\u201d que tenemos el privilegio de presenciar en cada celebraci\u00f3n eucar\u00edstica. Jes\u00fas no solo resucit\u00f3, sino que tambi\u00e9n quiso permanecer con nosotros en la Eucarist\u00eda. Por eso Pablo dice al comienzo de esa segunda lectura: \u201cSi Dios est\u00e1 con nosotros, \u00bfqui\u00e9n estar\u00e1 contra nosotros?\u201d.<\/p>\n<p>Pidamos al Padre que cada vez que participemos de la Eucarist\u00eda, los ojos de la fe nos permitan contemplar la gloria de su Hijo y escuchar en nuestras almas aquella voz que nos dice: \u201cEste es mi Hijo amado, escuchadlo\u201d.<\/p>\n<p>Que pasen un hermoso fin de semana y, recuerda, el Se\u00f1or te espera en su casa.<\/p>\n<div style=\"padding-bottom:20px; padding-top:10px;\" class=\"hupso-share-buttons\"><!-- Hupso Share Buttons - https:\/\/www.hupso.com\/share\/ --><a class=\"hupso_toolbar\" href=\"https:\/\/www.hupso.com\/share\/\"><img src=\"http:\/\/static.hupso.com\/share\/buttons\/lang\/es\/share-medium.png\" style=\"border:0px; padding-top: 5px; float:left;\" alt=\"Share Button\"\/><\/a><script type=\"text\/javascript\">var hupso_services_t=new Array(\"Twitter\",\"Facebook\",\"Google Plus\",\"Pinterest\",\"Linkedin\",\"Email\",\"Print\");var hupso_background_t=\"#EAF4FF\";var hupso_border_t=\"#66CCFF\";var hupso_toolbar_size_t=\"medium\";var hupso_image_folder_url = \"\";var hupso_twitter_via=\"hectorops\";var hupso_url_t=\"\";var hupso_title_t=\"REFLEXI%C3%93N%20PARA%20EL%20SEGUNDO%20DOMINGO%20DE%20CUARESMA%20%28B%29%2025-02-18\";<\/script><script type=\"text\/javascript\" src=\"http:\/\/static.hupso.com\/share\/js\/share_toolbar.js\"><\/script><!-- Hupso Share Buttons --><\/div>","protected":false},"excerpt":{"rendered":"<p>La liturgia de hoy nos presenta el pasaje de la Transfiguraci\u00f3n del Se\u00f1or (Mc 9,2-10). El pasaje nos narra que Jes\u00fas tom\u00f3 consigo a los disc\u00edpulos que conformaban su \u201cc\u00edrculo \u00edntimo\u201d de amigos: Pedro, Santiago, y su hermano Juan, y &hellip; <a href=\"http:\/\/delamanodemaria.com\/?p=9658\">Continue reading <span class=\"meta-nav\">&rarr;<\/span><\/a><\/p>\n<div style=\"padding-bottom:20px; padding-top:10px;\" class=\"hupso-share-buttons\"><!-- Hupso Share Buttons - https:\/\/www.hupso.com\/share\/ --><a class=\"hupso_toolbar\" href=\"https:\/\/www.hupso.com\/share\/\"><img src=\"http:\/\/static.hupso.com\/share\/buttons\/lang\/es\/share-medium.png\" style=\"border:0px; padding-top: 5px; float:left;\" alt=\"Share Button\"\/><\/a><script type=\"text\/javascript\">var hupso_services_t=new Array(\"Twitter\",\"Facebook\",\"Google Plus\",\"Pinterest\",\"Linkedin\",\"Email\",\"Print\");var hupso_background_t=\"#EAF4FF\";var hupso_border_t=\"#66CCFF\";var hupso_toolbar_size_t=\"medium\";var hupso_image_folder_url = \"\";var hupso_twitter_via=\"hectorops\";var hupso_url_t=\"\";var hupso_title_t=\"REFLEXI%C3%93N%20PARA%20EL%20SEGUNDO%20DOMINGO%20DE%20CUARESMA%20%28B%29%2025-02-18\";<\/script><script type=\"text\/javascript\" src=\"http:\/\/static.hupso.com\/share\/js\/share_toolbar.js\"><\/script><!-- Hupso Share Buttons --><\/div>","protected":false},"author":1,"featured_media":0,"comment_status":"open","ping_status":"open","sticky":false,"template":"","format":"standard","meta":{"jetpack_post_was_ever_published":false,"_jetpack_newsletter_access":"","_jetpack_newsletter_tier_id":0,"jetpack_publicize_message":"","jetpack_is_tweetstorm":false,"jetpack_publicize_feature_enabled":true,"jetpack_social_post_already_shared":true,"jetpack_social_options":{"image_generator_settings":{"template":"highway","enabled":false}}},"categories":[1],"tags":[724,4,29,45,96,1368,1000,1946,42,140,2,54,394,233,144,127,168],"jetpack_publicize_connections":[],"jetpack_featured_media_url":"","jetpack_shortlink":"https:\/\/wp.me\/p3bBgS-2vM","jetpack_sharing_enabled":true,"jetpack_likes_enabled":true,"_links":{"self":[{"href":"http:\/\/delamanodemaria.com\/index.php?rest_route=\/wp\/v2\/posts\/9658"}],"collection":[{"href":"http:\/\/delamanodemaria.com\/index.php?rest_route=\/wp\/v2\/posts"}],"about":[{"href":"http:\/\/delamanodemaria.com\/index.php?rest_route=\/wp\/v2\/types\/post"}],"author":[{"embeddable":true,"href":"http:\/\/delamanodemaria.com\/index.php?rest_route=\/wp\/v2\/users\/1"}],"replies":[{"embeddable":true,"href":"http:\/\/delamanodemaria.com\/index.php?rest_route=%2Fwp%2Fv2%2Fcomments&post=9658"}],"version-history":[{"count":2,"href":"http:\/\/delamanodemaria.com\/index.php?rest_route=\/wp\/v2\/posts\/9658\/revisions"}],"predecessor-version":[{"id":9660,"href":"http:\/\/delamanodemaria.com\/index.php?rest_route=\/wp\/v2\/posts\/9658\/revisions\/9660"}],"wp:attachment":[{"href":"http:\/\/delamanodemaria.com\/index.php?rest_route=%2Fwp%2Fv2%2Fmedia&parent=9658"}],"wp:term":[{"taxonomy":"category","embeddable":true,"href":"http:\/\/delamanodemaria.com\/index.php?rest_route=%2Fwp%2Fv2%2Fcategories&post=9658"},{"taxonomy":"post_tag","embeddable":true,"href":"http:\/\/delamanodemaria.com\/index.php?rest_route=%2Fwp%2Fv2%2Ftags&post=9658"}],"curies":[{"name":"wp","href":"https:\/\/api.w.org\/{rel}","templated":true}]}}