{"id":9769,"date":"2018-03-24T16:12:29","date_gmt":"2018-03-24T20:12:29","guid":{"rendered":"http:\/\/delamanodemaria.com\/?p=9769"},"modified":"2018-03-24T16:13:50","modified_gmt":"2018-03-24T20:13:50","slug":"reflexion-para-el-domingo-de-ramos-en-la-pasion-del-senor-b-25-03-18","status":"publish","type":"post","link":"http:\/\/delamanodemaria.com\/?p=9769","title":{"rendered":"REFLEXI\u00d3N PARA EL DOMINGO DE RAMOS EN LA PASI\u00d3N DEL SE\u00d1OR (B) 25-03-18"},"content":{"rendered":"<p><img decoding=\"async\" loading=\"lazy\" class=\"alignnone size-full wp-image-658\" src=\"http:\/\/delamanodemaria.com\/wp-content\/uploads\/2013\/03\/domingo-ramos.jpg\" alt=\"\" width=\"1000\" height=\"984\" srcset=\"http:\/\/delamanodemaria.com\/wp-content\/uploads\/2013\/03\/domingo-ramos.jpg 1000w, http:\/\/delamanodemaria.com\/wp-content\/uploads\/2013\/03\/domingo-ramos-300x295.jpg 300w, http:\/\/delamanodemaria.com\/wp-content\/uploads\/2013\/03\/domingo-ramos-304x300.jpg 304w\" sizes=\"(max-width: 1000px) 100vw, 1000px\" \/><\/p>\n<p>Hoy celebramos el Domingo de Ramos en la Pasi\u00f3n del Se\u00f1or, y la liturgia nos ofrece como lectura evang\u00e9lica para la Bendici\u00f3n de los ramos (Mc 11,1-10) la versi\u00f3n de Marcos de la entrada triunfal de Jes\u00fas en Jerusal\u00e9n, mientras la multitud le vitoreaba gritando: \u201c\u00a1Hosanna! \u00a1Bendito el que viene en nombre del Se\u00f1or! \u00a1Bendito el reino que viene, de nuestro padre David! \u00a1Hosanna en las alturas!\u201d. Esa misma multitud an\u00f3nima que recibi\u00f3 a Jes\u00fas en su entrada triunfal a Jerusal\u00e9n es la misma que, en el Evangelio propio de la misa dominical (Mc 15,1-39), que nos presenta un adelanto de la Pasi\u00f3n, pide que liberen a Barrab\u00e1s mientras todos gritan a viva voz: \u201c\u00a1Crucif\u00edcalo!; \u00a1Crucif\u00edcalo!\u201d<\/p>\n<p>Si comparamos la actitud de esa multitud an\u00f3nima en ambas lecturas, vemos cu\u00e1n volubles y manejables son las masas. Lo mismo podemos decir de nosotros. En un momento estamos alabando y bendiciendo al Se\u00f1or mientras le recibimos en nuestros corazones, y al siguiente nos dejamos seducir por el maligno y terminamos d\u00e1ndole la espalda y \u201ccrucific\u00e1ndole\u201d. S\u00ed, cada vez que pecamos, estamos dando un martillazo en uno de los clavos que taladraron las manos y los pies de Jes\u00fas. Pero \u00c9l nos ama tanto que aun as\u00ed ofreci\u00f3 su vida por los que lo asesinaron. \u201cPero Dios demuestra su amor por nosotros en esto: en que cuando todav\u00eda \u00e9ramos pecadores, Cristo muri\u00f3 por nosotros\u201d (Rm 5,8).<\/p>\n<p>Esta Semana Santa que comienza hoy nos presenta otra oportunidad de hacer introspecci\u00f3n, examen de conciencia sobre nuestra actitud hacia Dios. \u00bfA cu\u00e1l de las dos multitudes pertenezco?<\/p>\n<p>Hoy se nos entregar\u00e1n unos ramos benditos durante la celebraci\u00f3n lit\u00fargica. Unos ramos frescos, llenos de vida. Esos ramos eventualmente van a secarse, y luego ser\u00e1n quemados para convertirse en la ceniza que se nos va a imponer el mi\u00e9rcoles de ceniza del pr\u00f3ximo a\u00f1o. As\u00ed de ef\u00edmera es nuestra vida, y en eso nos vamos a convertir. Hoy se nos brinda otra oportunidad. No sabemos si vamos a estar aqu\u00ed el pr\u00f3ximo a\u00f1o, el pr\u00f3ximo mes, la pr\u00f3xima semana, ma\u00f1ana. Esta noche\u2026 \u00bfEn cu\u00e1l de las multitudes nos sorprender\u00e1?<\/p>\n<p>Jes\u00fas nos ama con locura, con pasi\u00f3n; quiere relacionarse con nosotros; quiere nuestra salvaci\u00f3n, para eso nos cre\u00f3 el Padre, por eso cuando le fallamos envi\u00f3 a su Hijo. Pero, como nos dec\u00eda el P. Larra\u00f1aga, \u201cDios es un perfecto caballero\u201d, es incapaz de imponerse. \u201cMira que estoy a la puerta y llamo; si alguno oye mi voz y me abre la puerta, entrar\u00e9 en su casa y cenar\u00e9 con \u00e9l y \u00e9l conmigo\u201d (Ap 3,20).<\/p>\n<p>Jes\u00fas se ofreci\u00f3 a s\u00ed mismo como v\u00edctima propiciatoria por todos los pecados de la humanidad, cometidos y por cometer; los tuyos y los m\u00edos. Pero para poder recibir el beneficio de esa redenci\u00f3n tenemos que acercarnos a \u00c9l, reconocerle, y reconocer nuestra culpa como lo hizo el buen ladr\u00f3n. Y para eso Jes\u00fas nos dej\u00f3 el sacramento de la reconciliaci\u00f3n, y se lo encomend\u00f3 a Su Iglesia a trav\u00e9s de los ap\u00f3stoles (Jn 20,22-23).<\/p>\n<p>Si no la has hecho a\u00fan, esta Semana Santa es el momento propicio; \u00a1reconc\u00edliate!<\/p>\n<div style=\"padding-bottom:20px; padding-top:10px;\" class=\"hupso-share-buttons\"><!-- Hupso Share Buttons - https:\/\/www.hupso.com\/share\/ --><a class=\"hupso_toolbar\" href=\"https:\/\/www.hupso.com\/share\/\"><img src=\"http:\/\/static.hupso.com\/share\/buttons\/lang\/es\/share-medium.png\" style=\"border:0px; padding-top: 5px; float:left;\" alt=\"Share Button\"\/><\/a><script type=\"text\/javascript\">var hupso_services_t=new Array(\"Twitter\",\"Facebook\",\"Google Plus\",\"Pinterest\",\"Linkedin\",\"Email\",\"Print\");var hupso_background_t=\"#EAF4FF\";var hupso_border_t=\"#66CCFF\";var hupso_toolbar_size_t=\"medium\";var hupso_image_folder_url = \"\";var hupso_twitter_via=\"hectorops\";var hupso_url_t=\"\";var hupso_title_t=\"REFLEXI%C3%93N%20PARA%20EL%20DOMINGO%20DE%20RAMOS%20EN%20LA%20PASI%C3%93N%20DEL%20SE%C3%91OR%20%28B%29%2025-03-18\";<\/script><script type=\"text\/javascript\" src=\"http:\/\/static.hupso.com\/share\/js\/share_toolbar.js\"><\/script><!-- Hupso Share Buttons --><\/div>","protected":false},"excerpt":{"rendered":"<p>Hoy celebramos el Domingo de Ramos en la Pasi\u00f3n del Se\u00f1or, y la liturgia nos ofrece como lectura evang\u00e9lica para la Bendici\u00f3n de los ramos (Mc 11,1-10) la versi\u00f3n de Marcos de la entrada triunfal de Jes\u00fas en Jerusal\u00e9n, mientras &hellip; <a href=\"http:\/\/delamanodemaria.com\/?p=9769\">Continue reading <span class=\"meta-nav\">&rarr;<\/span><\/a><\/p>\n<div style=\"padding-bottom:20px; padding-top:10px;\" class=\"hupso-share-buttons\"><!-- Hupso Share Buttons - https:\/\/www.hupso.com\/share\/ --><a class=\"hupso_toolbar\" href=\"https:\/\/www.hupso.com\/share\/\"><img src=\"http:\/\/static.hupso.com\/share\/buttons\/lang\/es\/share-medium.png\" style=\"border:0px; padding-top: 5px; float:left;\" alt=\"Share Button\"\/><\/a><script type=\"text\/javascript\">var hupso_services_t=new Array(\"Twitter\",\"Facebook\",\"Google Plus\",\"Pinterest\",\"Linkedin\",\"Email\",\"Print\");var hupso_background_t=\"#EAF4FF\";var hupso_border_t=\"#66CCFF\";var hupso_toolbar_size_t=\"medium\";var hupso_image_folder_url = \"\";var hupso_twitter_via=\"hectorops\";var hupso_url_t=\"\";var hupso_title_t=\"REFLEXI%C3%93N%20PARA%20EL%20DOMINGO%20DE%20RAMOS%20EN%20LA%20PASI%C3%93N%20DEL%20SE%C3%91OR%20%28B%29%2025-03-18\";<\/script><script type=\"text\/javascript\" src=\"http:\/\/static.hupso.com\/share\/js\/share_toolbar.js\"><\/script><!-- Hupso Share Buttons --><\/div>","protected":false},"author":1,"featured_media":0,"comment_status":"open","ping_status":"open","sticky":false,"template":"","format":"standard","meta":{"jetpack_post_was_ever_published":false,"_jetpack_newsletter_access":"","_jetpack_newsletter_tier_id":0,"jetpack_publicize_message":"","jetpack_is_tweetstorm":false,"jetpack_publicize_feature_enabled":true,"jetpack_social_post_already_shared":true,"jetpack_social_options":{"image_generator_settings":{"template":"highway","enabled":false}}},"categories":[1],"tags":[2272,2271,512,2270,851,96,2269,1756,206,859,1912,1140,1896,2,82,39,860],"jetpack_publicize_connections":[],"jetpack_featured_media_url":"","jetpack_shortlink":"https:\/\/wp.me\/p3bBgS-2xz","jetpack_sharing_enabled":true,"jetpack_likes_enabled":true,"_links":{"self":[{"href":"http:\/\/delamanodemaria.com\/index.php?rest_route=\/wp\/v2\/posts\/9769"}],"collection":[{"href":"http:\/\/delamanodemaria.com\/index.php?rest_route=\/wp\/v2\/posts"}],"about":[{"href":"http:\/\/delamanodemaria.com\/index.php?rest_route=\/wp\/v2\/types\/post"}],"author":[{"embeddable":true,"href":"http:\/\/delamanodemaria.com\/index.php?rest_route=\/wp\/v2\/users\/1"}],"replies":[{"embeddable":true,"href":"http:\/\/delamanodemaria.com\/index.php?rest_route=%2Fwp%2Fv2%2Fcomments&post=9769"}],"version-history":[{"count":2,"href":"http:\/\/delamanodemaria.com\/index.php?rest_route=\/wp\/v2\/posts\/9769\/revisions"}],"predecessor-version":[{"id":9771,"href":"http:\/\/delamanodemaria.com\/index.php?rest_route=\/wp\/v2\/posts\/9769\/revisions\/9771"}],"wp:attachment":[{"href":"http:\/\/delamanodemaria.com\/index.php?rest_route=%2Fwp%2Fv2%2Fmedia&parent=9769"}],"wp:term":[{"taxonomy":"category","embeddable":true,"href":"http:\/\/delamanodemaria.com\/index.php?rest_route=%2Fwp%2Fv2%2Fcategories&post=9769"},{"taxonomy":"post_tag","embeddable":true,"href":"http:\/\/delamanodemaria.com\/index.php?rest_route=%2Fwp%2Fv2%2Ftags&post=9769"}],"curies":[{"name":"wp","href":"https:\/\/api.w.org\/{rel}","templated":true}]}}