{"id":9773,"date":"2018-03-25T19:51:01","date_gmt":"2018-03-25T23:51:01","guid":{"rendered":"http:\/\/delamanodemaria.com\/?p=9773"},"modified":"2018-03-25T19:51:01","modified_gmt":"2018-03-25T23:51:01","slug":"reflexion-para-el-lunes-santo-26-03-18","status":"publish","type":"post","link":"http:\/\/delamanodemaria.com\/?p=9773","title":{"rendered":"REFLEXI\u00d3N PARA EL LUNES SANTO 26-03-18"},"content":{"rendered":"<p><img decoding=\"async\" loading=\"lazy\" class=\"alignnone size-full wp-image-662\" src=\"http:\/\/delamanodemaria.com\/wp-content\/uploads\/2013\/03\/uncion-betania.jpg\" alt=\"\" width=\"720\" height=\"489\" srcset=\"http:\/\/delamanodemaria.com\/wp-content\/uploads\/2013\/03\/uncion-betania.jpg 720w, http:\/\/delamanodemaria.com\/wp-content\/uploads\/2013\/03\/uncion-betania-300x203.jpg 300w, http:\/\/delamanodemaria.com\/wp-content\/uploads\/2013\/03\/uncion-betania-441x300.jpg 441w\" sizes=\"(max-width: 720px) 100vw, 720px\" \/><\/p>\n<p>Luego de la entrada triunfal en Jerusal\u00e9n que celebr\u00e1bamos ayer, las lecturas de esta semana nos ir\u00e1n narrando la \u00faltima semana de Jes\u00fas, y prepar\u00e1ndonos para su Pascua. La lectura evang\u00e9lica de hoy (Jn 12,1-11) nos ubica en tiempo: \u201cseis d\u00edas antes de la Pascua\u201d; es decir, el lunes de la \u00faltima semana de Jes\u00fas en la tierra.<\/p>\n<p>Jes\u00fas sabe que est\u00e1 viviendo los \u00faltimos d\u00edas de su humanidad y decide ir a pasar un rato agradable con sus amigos L\u00e1zaro, Marta y Mar\u00eda, en el poblado de Betania, el lugar al que sol\u00eda acudir cuando quer\u00eda descansar. El autor enfatiza la proximidad de la Pascua, la presencia de L\u00e1zaro \u201ca quien hab\u00eda resucitado de entre los muertos\u201d, y el \u201cperfume de nardo aut\u00e9ntico y costoso\u201d con el que Mar\u00eda, la hermana de L\u00e1zaro, le ungi\u00f3 los pies a Jes\u00fas. Este gesto de Mar\u00eda es el que le da a este pasaje el nombre de la \u201cunci\u00f3n en Betania\u201d.<\/p>\n<p>La lectura tambi\u00e9n nos presenta el ambiente. Un ambiente de fiesta: \u201cAll\u00ed le ofrecieron una cena\u201d. Por la forma en que Juan la describe, da la impresi\u00f3n de que no era una cena \u00edntima con los amigos, se trataba de una fiesta en honor a Jes\u00fas, con muchos invitados. \u00bfUna fiesta de despedida, o una prefiguraci\u00f3n de su gloriosa resurrecci\u00f3n? No hay duda que todos quer\u00edan verlo, pues estaban maravillados con los prodigios obrados por Jes\u00fas, especialmente por la revitalizaci\u00f3n de L\u00e1zaro. Esto se hace evidente por el comentario al final del pasaje de que muchos estaban all\u00ed, \u201cno s\u00f3lo por Jes\u00fas, sino tambi\u00e9n para ver a L\u00e1zaro, al que hab\u00eda resucitado de entre los muertos\u201d.<\/p>\n<p>El \u201cperfume de nardo, aut\u00e9ntico y costoso\u201d con el que Mar\u00eda ungi\u00f3 los pies de Jes\u00fas y que hizo que la casa se llenara de su fragancia, nos presenta un marcado contraste con el mal olor que hab\u00eda en la tumba de L\u00e1zaro antes de que Jes\u00fas lo reviviera (Jn 11,39). Jes\u00fas es la resurrecci\u00f3n y la vida.<\/p>\n<p>Por otro lado, cuando Judas se quej\u00f3 de que estuvieran desperdiciado un perfume tan caro en lugar de venderlo para repartir su importe entre los pobres, Jes\u00fas le dijo: \u201cD\u00e9jala; lo ten\u00eda guardado para el d\u00eda de mi sepultura; porque a los pobres los ten\u00e9is siempre con vosotros, pero a m\u00ed no siempre me ten\u00e9is\u201d. Algunos ven en la expresi\u00f3n de que Mar\u00eda ten\u00eda reservado el perfume para el d\u00eda de la sepultura de Jes\u00fas, un anticipo de que su cad\u00e1ver no podr\u00eda ser embalsamado el d\u00eda de su entierro. La referencia a los pobres se refer\u00eda a que, aunque se iba a separar f\u00edsicamente de sus disc\u00edpulos, permanecer\u00eda siempre entre ellos, y entre nosotros, en la persona de estos, en el rostro de los pobres.<\/p>\n<p>Mientras los sumos sacerdotes continuaban adelantado la conspiraci\u00f3n para asesinar a Jes\u00fas, \u00c9l se mantiene en calma, disfruta de sus \u00faltimos momentos con sus amigos, y se dispone regresar al d\u00eda siguiente a Jerusal\u00e9n para culminar su misi\u00f3n.<\/p>\n<p>Se\u00f1or, perm\u00edteme acompa\u00f1arte durante los eventos de esta semana y abrir mi coraz\u00f3n al beneficio de tu pasi\u00f3n redentora, para luego celebrar tu gloriosa resurrecci\u00f3n.<\/p>\n<div style=\"padding-bottom:20px; padding-top:10px;\" class=\"hupso-share-buttons\"><!-- Hupso Share Buttons - https:\/\/www.hupso.com\/share\/ --><a class=\"hupso_toolbar\" href=\"https:\/\/www.hupso.com\/share\/\"><img src=\"http:\/\/static.hupso.com\/share\/buttons\/lang\/es\/share-medium.png\" style=\"border:0px; padding-top: 5px; float:left;\" alt=\"Share Button\"\/><\/a><script type=\"text\/javascript\">var hupso_services_t=new Array(\"Twitter\",\"Facebook\",\"Google Plus\",\"Pinterest\",\"Linkedin\",\"Email\",\"Print\");var hupso_background_t=\"#EAF4FF\";var hupso_border_t=\"#66CCFF\";var hupso_toolbar_size_t=\"medium\";var hupso_image_folder_url = \"\";var hupso_twitter_via=\"hectorops\";var hupso_url_t=\"\";var hupso_title_t=\"REFLEXI%C3%93N%20PARA%20EL%20LUNES%20SANTO%2026-03-18\";<\/script><script type=\"text\/javascript\" src=\"http:\/\/static.hupso.com\/share\/js\/share_toolbar.js\"><\/script><!-- Hupso Share Buttons --><\/div>","protected":false},"excerpt":{"rendered":"<p>Luego de la entrada triunfal en Jerusal\u00e9n que celebr\u00e1bamos ayer, las lecturas de esta semana nos ir\u00e1n narrando la \u00faltima semana de Jes\u00fas, y prepar\u00e1ndonos para su Pascua. La lectura evang\u00e9lica de hoy (Jn 12,1-11) nos ubica en tiempo: \u201cseis &hellip; <a href=\"http:\/\/delamanodemaria.com\/?p=9773\">Continue reading <span class=\"meta-nav\">&rarr;<\/span><\/a><\/p>\n<div style=\"padding-bottom:20px; padding-top:10px;\" class=\"hupso-share-buttons\"><!-- Hupso Share Buttons - https:\/\/www.hupso.com\/share\/ --><a class=\"hupso_toolbar\" href=\"https:\/\/www.hupso.com\/share\/\"><img src=\"http:\/\/static.hupso.com\/share\/buttons\/lang\/es\/share-medium.png\" style=\"border:0px; padding-top: 5px; float:left;\" alt=\"Share Button\"\/><\/a><script type=\"text\/javascript\">var hupso_services_t=new Array(\"Twitter\",\"Facebook\",\"Google Plus\",\"Pinterest\",\"Linkedin\",\"Email\",\"Print\");var hupso_background_t=\"#EAF4FF\";var hupso_border_t=\"#66CCFF\";var hupso_toolbar_size_t=\"medium\";var hupso_image_folder_url = \"\";var hupso_twitter_via=\"hectorops\";var hupso_url_t=\"\";var hupso_title_t=\"REFLEXI%C3%93N%20PARA%20EL%20LUNES%20SANTO%2026-03-18\";<\/script><script type=\"text\/javascript\" src=\"http:\/\/static.hupso.com\/share\/js\/share_toolbar.js\"><\/script><!-- Hupso Share Buttons --><\/div>","protected":false},"author":1,"featured_media":0,"comment_status":"open","ping_status":"open","sticky":false,"template":"","format":"standard","meta":{"jetpack_post_was_ever_published":false,"_jetpack_newsletter_access":"","_jetpack_newsletter_tier_id":0,"jetpack_publicize_message":"","jetpack_is_tweetstorm":false,"jetpack_publicize_feature_enabled":true,"jetpack_social_post_already_shared":true,"jetpack_social_options":{"image_generator_settings":{"template":"highway","enabled":false}}},"categories":[1],"tags":[513,731,96,708,206,514,239,660,112,42,1257,1009,2,1258,39,2273,430,1255],"jetpack_publicize_connections":[],"jetpack_featured_media_url":"","jetpack_shortlink":"https:\/\/wp.me\/p3bBgS-2xD","jetpack_sharing_enabled":true,"jetpack_likes_enabled":true,"_links":{"self":[{"href":"http:\/\/delamanodemaria.com\/index.php?rest_route=\/wp\/v2\/posts\/9773"}],"collection":[{"href":"http:\/\/delamanodemaria.com\/index.php?rest_route=\/wp\/v2\/posts"}],"about":[{"href":"http:\/\/delamanodemaria.com\/index.php?rest_route=\/wp\/v2\/types\/post"}],"author":[{"embeddable":true,"href":"http:\/\/delamanodemaria.com\/index.php?rest_route=\/wp\/v2\/users\/1"}],"replies":[{"embeddable":true,"href":"http:\/\/delamanodemaria.com\/index.php?rest_route=%2Fwp%2Fv2%2Fcomments&post=9773"}],"version-history":[{"count":1,"href":"http:\/\/delamanodemaria.com\/index.php?rest_route=\/wp\/v2\/posts\/9773\/revisions"}],"predecessor-version":[{"id":9774,"href":"http:\/\/delamanodemaria.com\/index.php?rest_route=\/wp\/v2\/posts\/9773\/revisions\/9774"}],"wp:attachment":[{"href":"http:\/\/delamanodemaria.com\/index.php?rest_route=%2Fwp%2Fv2%2Fmedia&parent=9773"}],"wp:term":[{"taxonomy":"category","embeddable":true,"href":"http:\/\/delamanodemaria.com\/index.php?rest_route=%2Fwp%2Fv2%2Fcategories&post=9773"},{"taxonomy":"post_tag","embeddable":true,"href":"http:\/\/delamanodemaria.com\/index.php?rest_route=%2Fwp%2Fv2%2Ftags&post=9773"}],"curies":[{"name":"wp","href":"https:\/\/api.w.org\/{rel}","templated":true}]}}