{"id":980,"date":"2013-05-07T23:06:08","date_gmt":"2013-05-08T03:06:08","guid":{"rendered":"http:\/\/delamanodemaria.com\/?p=980"},"modified":"2013-05-07T23:06:08","modified_gmt":"2013-05-08T03:06:08","slug":"reflexion-para-el-miercoles-de-la-sexta-semana-de-pascua-08-05-13","status":"publish","type":"post","link":"http:\/\/delamanodemaria.com\/?p=980","title":{"rendered":"REFLEXI\u00d3N PARA EL MI\u00c9RCOLES DE LA SEXTA SEMANA DE PASCUA 08-05-13"},"content":{"rendered":"<p><a href=\"http:\/\/delamanodemaria.com\/wp-content\/uploads\/2013\/05\/Esp\u00edritu-Santo-med.jpg\"><img decoding=\"async\" loading=\"lazy\" class=\"alignnone size-full wp-image-981\" alt=\"Esp\u00edritu Santo med\" src=\"http:\/\/delamanodemaria.com\/wp-content\/uploads\/2013\/05\/Esp\u00edritu-Santo-med.jpg\" width=\"600\" height=\"313\" srcset=\"http:\/\/delamanodemaria.com\/wp-content\/uploads\/2013\/05\/Esp\u00edritu-Santo-med.jpg 600w, http:\/\/delamanodemaria.com\/wp-content\/uploads\/2013\/05\/Esp\u00edritu-Santo-med-300x156.jpg 300w, http:\/\/delamanodemaria.com\/wp-content\/uploads\/2013\/05\/Esp\u00edritu-Santo-med-500x260.jpg 500w\" sizes=\"(max-width: 600px) 100vw, 600px\" \/><\/a><\/p>\n<p><span style=\"font-size: large;\">La liturgia contin\u00faa prepar\u00e1ndonos para la Fiesta de Pentecost\u00e9s que estaremos celebrando dentro de poco m\u00e1s de una semana. Tanto el libro de los Hechos de los Ap\u00f3stoles, que nos ha venido mostrando el papel protag\u00f3nico del Esp\u00edritu Santo en el desarrollo de la Iglesia primitiva, como el relato evang\u00e9lico de Juan con las promesas de Jes\u00fas respecto al Defensor, nos ponen en perspectiva para \u201csaborear\u201d el evento de Pentecost\u00e9s en toda su grandeza.<\/span><\/p>\n<p><span style=\"font-size: large;\">En la lectura evang\u00e9lica de hoy (Jn 16,12-15), Jes\u00fas nos revela la tarea fundamental del Esp\u00edritu que hemos recibido de \u00c9l: nos \u201cguiar\u00e1 hasta la verdad plena\u201d; porque es \u201cel Esp\u00edritu de la verdad\u201d. Y esa verdad plena no es otra que Dios es amor. Un Padre que nos ama \u201chasta el extremo\u201d; que ha sido capaz de sacrificar a su \u00fanico Hijo para tengamos vida eterna.<\/span><\/p>\n<p><span style=\"font-size: large;\">Y podemos participar de esa vida eterna gracias al amor entre el Padre y el Hijo que se derrama sobre nosotros en la forma del Esp\u00edritu Santo. Por eso recitamos en el Credo Niceno-Constantinopolitano (el Credo \u201clargo\u201d que rezamos en la liturgia eucar\u00edstica): \u201cCreemos en el Esp\u00edritu Santo, Se\u00f1or y dador de vida, que procede del Padre y del Hijo, que con el Padre y el Hijo recibe una misma adoraci\u00f3n y gloria\u201d. El Padre ama al Hijo con amor infinito y el Hijo ama al Padre de igual modo; y ese amor que se genera entre ellos es el Esp\u00edritu de la Verdad que se derrama sobre nosotros y nos conduce a la Verdad plena.<\/span><\/p>\n<p><span style=\"font-size: large;\">Ese Esp\u00edritu que nos conduce a la plenitud del Amor es el que nos permite sentirnos seguros al llevar a cabo la misi\u00f3n que Jes\u00fas nos encomend\u00f3. \u201cM\u00e1s a\u00fan, nos gloriamos hasta de las mismas tribulaciones, porque sabemos que la tribulaci\u00f3n produce la constancia; la constancia, la virtud probada; la virtud probada, la esperanza. Y la esperanza no quedar\u00e1 defraudada, porque el amor de Dios ha sido derramado en nuestros corazones por el Esp\u00edritu Santo, que nos ha sido dado\u201d (Rm 5,3-5).<\/span><\/p>\n<p><span style=\"font-size: large;\">Jes\u00fas nos asegura, adem\u00e1s, que lo que el Esp\u00edritu nos comunique en ese coloquio amoroso \u201cno ser\u00e1 suyo: hablar\u00e1 de lo que oye y [n]os comunicar\u00e1 lo que est\u00e1 por venir\u201d. Por eso el Esp\u00edritu le glorificar\u00e1, porque ser\u00e1 de \u00c9l que reciba todo lo que nos ha de revelar. Es decir, que el Esp\u00edritu nos ha de conducir al conocimiento de la Verdad plena que se ha manifestado en la persona de Jes\u00fas. Y el que conoce a Jes\u00fas, conoce al Padre (Jn 14,7).<\/span><\/p>\n<p><span style=\"font-size: large;\">No se trata de que el Esp\u00edritu nos revele nuevas verdades. No. La revelaci\u00f3n de Dios culmin\u00f3, termin\u00f3, con la persona de Jesucristo. Pero el Esp\u00edritu nos conducir\u00e1 al pleno conocimiento de esa Verdad revelada por Cristo que encontramos en su Palabra, que es \u00c9l mismo y nos conduce al Padre (Cfr. Jn 14,6).<\/span><\/p>\n<p><span style=\"font-size: large;\">\u201cSe\u00f1or; env\u00edanos tu Esp\u00edritu de la verdad y, por medio de \u00e9l, haz que ahondemos en nuestro conocimiento de la vida y el mensaje de tu Hijo, para que aceptemos la verdad plena y vivamos consistentemente conforme a ella. Te lo pedimos por Jesucristo nuestro Se\u00f1or\u201d (de la Oraci\u00f3n Colecta).<\/span><\/p>\n<div style=\"padding-bottom:20px; padding-top:10px;\" class=\"hupso-share-buttons\"><!-- Hupso Share Buttons - https:\/\/www.hupso.com\/share\/ --><a class=\"hupso_toolbar\" href=\"https:\/\/www.hupso.com\/share\/\"><img src=\"http:\/\/static.hupso.com\/share\/buttons\/lang\/es\/share-medium.png\" style=\"border:0px; padding-top: 5px; float:left;\" alt=\"Share Button\"\/><\/a><script type=\"text\/javascript\">var hupso_services_t=new Array(\"Twitter\",\"Facebook\",\"Google Plus\",\"Pinterest\",\"Linkedin\",\"Email\",\"Print\");var hupso_background_t=\"#EAF4FF\";var hupso_border_t=\"#66CCFF\";var hupso_toolbar_size_t=\"medium\";var hupso_image_folder_url = \"\";var hupso_twitter_via=\"hectorops\";var hupso_url_t=\"\";var hupso_title_t=\"REFLEXI%C3%93N%20PARA%20EL%20MI%C3%89RCOLES%20DE%20LA%20SEXTA%20SEMANA%20DE%20PASCUA%2008-05-13\";<\/script><script type=\"text\/javascript\" src=\"http:\/\/static.hupso.com\/share\/js\/share_toolbar.js\"><\/script><!-- Hupso Share Buttons --><\/div>","protected":false},"excerpt":{"rendered":"<p>La liturgia contin\u00faa prepar\u00e1ndonos para la Fiesta de Pentecost\u00e9s que estaremos celebrando dentro de poco m\u00e1s de una semana. Tanto el libro de los Hechos de los Ap\u00f3stoles, que nos ha venido mostrando el papel protag\u00f3nico del Esp\u00edritu Santo en &hellip; <a href=\"http:\/\/delamanodemaria.com\/?p=980\">Continue reading <span class=\"meta-nav\">&rarr;<\/span><\/a><\/p>\n<div style=\"padding-bottom:20px; padding-top:10px;\" class=\"hupso-share-buttons\"><!-- Hupso Share Buttons - https:\/\/www.hupso.com\/share\/ --><a class=\"hupso_toolbar\" href=\"https:\/\/www.hupso.com\/share\/\"><img src=\"http:\/\/static.hupso.com\/share\/buttons\/lang\/es\/share-medium.png\" style=\"border:0px; padding-top: 5px; float:left;\" alt=\"Share Button\"\/><\/a><script type=\"text\/javascript\">var hupso_services_t=new Array(\"Twitter\",\"Facebook\",\"Google Plus\",\"Pinterest\",\"Linkedin\",\"Email\",\"Print\");var hupso_background_t=\"#EAF4FF\";var hupso_border_t=\"#66CCFF\";var hupso_toolbar_size_t=\"medium\";var hupso_image_folder_url = \"\";var hupso_twitter_via=\"hectorops\";var hupso_url_t=\"\";var hupso_title_t=\"REFLEXI%C3%93N%20PARA%20EL%20MI%C3%89RCOLES%20DE%20LA%20SEXTA%20SEMANA%20DE%20PASCUA%2008-05-13\";<\/script><script type=\"text\/javascript\" src=\"http:\/\/static.hupso.com\/share\/js\/share_toolbar.js\"><\/script><!-- Hupso Share Buttons --><\/div>","protected":false},"author":1,"featured_media":0,"comment_status":"open","ping_status":"open","sticky":false,"template":"","format":"standard","meta":{"jetpack_post_was_ever_published":false,"_jetpack_newsletter_access":"","_jetpack_newsletter_tier_id":0,"jetpack_publicize_message":"","jetpack_is_tweetstorm":false,"jetpack_publicize_feature_enabled":true,"jetpack_social_post_already_shared":true,"jetpack_social_options":{"image_generator_settings":{"template":"highway","enabled":false}}},"categories":[1],"tags":[3,128,29,96,42,71,2,129,36],"jetpack_publicize_connections":[],"jetpack_featured_media_url":"","jetpack_shortlink":"https:\/\/wp.me\/p3bBgS-fO","jetpack_sharing_enabled":true,"jetpack_likes_enabled":true,"_links":{"self":[{"href":"http:\/\/delamanodemaria.com\/index.php?rest_route=\/wp\/v2\/posts\/980"}],"collection":[{"href":"http:\/\/delamanodemaria.com\/index.php?rest_route=\/wp\/v2\/posts"}],"about":[{"href":"http:\/\/delamanodemaria.com\/index.php?rest_route=\/wp\/v2\/types\/post"}],"author":[{"embeddable":true,"href":"http:\/\/delamanodemaria.com\/index.php?rest_route=\/wp\/v2\/users\/1"}],"replies":[{"embeddable":true,"href":"http:\/\/delamanodemaria.com\/index.php?rest_route=%2Fwp%2Fv2%2Fcomments&post=980"}],"version-history":[{"count":1,"href":"http:\/\/delamanodemaria.com\/index.php?rest_route=\/wp\/v2\/posts\/980\/revisions"}],"predecessor-version":[{"id":982,"href":"http:\/\/delamanodemaria.com\/index.php?rest_route=\/wp\/v2\/posts\/980\/revisions\/982"}],"wp:attachment":[{"href":"http:\/\/delamanodemaria.com\/index.php?rest_route=%2Fwp%2Fv2%2Fmedia&parent=980"}],"wp:term":[{"taxonomy":"category","embeddable":true,"href":"http:\/\/delamanodemaria.com\/index.php?rest_route=%2Fwp%2Fv2%2Fcategories&post=980"},{"taxonomy":"post_tag","embeddable":true,"href":"http:\/\/delamanodemaria.com\/index.php?rest_route=%2Fwp%2Fv2%2Ftags&post=980"}],"curies":[{"name":"wp","href":"https:\/\/api.w.org\/{rel}","templated":true}]}}