{"id":9803,"date":"2018-04-02T17:09:57","date_gmt":"2018-04-02T21:09:57","guid":{"rendered":"http:\/\/delamanodemaria.com\/?p=9803"},"modified":"2018-04-02T17:09:57","modified_gmt":"2018-04-02T21:09:57","slug":"reflexion-para-el-martes-de-la-octava-de-pascua-03-04-18","status":"publish","type":"post","link":"http:\/\/delamanodemaria.com\/?p=9803","title":{"rendered":"REFLEXI\u00d3N PARA EL MARTES DE LA OCTAVA DE PASCUA 03-04-18"},"content":{"rendered":"<p><img decoding=\"async\" loading=\"lazy\" class=\"alignnone size-full wp-image-6899\" src=\"http:\/\/delamanodemaria.com\/wp-content\/uploads\/2016\/03\/Mar\u00eda-Magdalena-encuentra-al-Resucitado.jpg\" alt=\"\" width=\"675\" height=\"413\" srcset=\"http:\/\/delamanodemaria.com\/wp-content\/uploads\/2016\/03\/Mar\u00eda-Magdalena-encuentra-al-Resucitado.jpg 675w, http:\/\/delamanodemaria.com\/wp-content\/uploads\/2016\/03\/Mar\u00eda-Magdalena-encuentra-al-Resucitado-300x184.jpg 300w, http:\/\/delamanodemaria.com\/wp-content\/uploads\/2016\/03\/Mar\u00eda-Magdalena-encuentra-al-Resucitado-490x300.jpg 490w\" sizes=\"(max-width: 675px) 100vw, 675px\" \/><\/p>\n<p>Como hab\u00edamos adelantado ayer, los pasajes evang\u00e9licos que vamos a contemplar durante la Octava de Pascua nos narran las apariciones de Jes\u00fas a sus disc\u00edpulos luego de su gloriosa resurrecci\u00f3n.<\/p>\n<p>Hoy la liturgia nos presenta la versi\u00f3n de Juan de la aparici\u00f3n de Jes\u00fas a Mar\u00eda Magdalena (Jn 20,11-18). En los vers\u00edculos anteriores Mar\u00eda hab\u00eda encontrado que la piedra que cubr\u00eda el sepulcro hab\u00eda sido removida, hab\u00eda ido a avisarles a Pedro y a Juan, estos hab\u00edan llegado y hab\u00edan encontrado el sepulcro vac\u00edo. Al regresarse a casa los disc\u00edpulos, Mar\u00eda se qued\u00f3 llorando junto al sepulcro.<\/p>\n<p>Al asomarse al sepulcro vio dos \u00e1ngeles en donde hab\u00eda estado el cuerpo del Se\u00f1or. \u201cEllos le preguntan: \u2018Mujer, \u00bfpor qu\u00e9 lloras?\u2019 Ella les contesta: \u2018Porque se han llevado a mi Se\u00f1or y no s\u00e9 d\u00f3nde lo han puesto\u2019\u201d. Vemos que el llanto de Mar\u00eda se ve acentuado por la ausencia del cad\u00e1ver. Ya no solo llora por la muerte de Jes\u00fas, sino porque no sabe d\u00f3nde est\u00e1 su cad\u00e1ver. No podr\u00eda sentirse m\u00e1s \u201cabandonada\u201d.<\/p>\n<p>Jes\u00fas lo hab\u00eda adelantado: \u201cLes aseguro que ustedes van a llorar y se van a lamentar;&#8230; Ustedes estar\u00e1n tristes, pero esa tristeza se convertir\u00e1 en gozo\u201d (Jn 16,20). Y esa Palabra no se hizo esperar. Estando Mar\u00eda ahogada en llanto se le presenta Jes\u00fas y le dice: \u201cMujer, \u00bfpor qu\u00e9 lloras?, \u00bfa qui\u00e9n buscas?\u201d. Pero Mar\u00eda no lo reconoce (Jes\u00fas estaba con su cuerpo glorificado) y le confunde con el jardinero, dici\u00e9ndole que si \u00e9l se ha llevado el cad\u00e1ver que le diga d\u00f3nde est\u00e1 para ir a recogerlo. Un acto de misericordia y caridad.<\/p>\n<p>Hasta este momento toda la conversaci\u00f3n, tanto con los \u00e1ngeles como con Jes\u00fas, ha trascurrido en un plano impersonal, se le ha llamado por el apelativo de \u201cmujer\u201d, tal vez reflejo del vac\u00edo y la tristeza que ella experimentaba en su coraz\u00f3n. Ese mismo vac\u00edo que sinti\u00f3 Mar\u00eda Magdalena, lo sentimos nosotros en nuestros corazones cuando estamos en pecado. En ese momento nuestra alma est\u00e1 tan vac\u00eda como lo estuvo aquel sepulcro hace casi dos mil a\u00f1os. Jes\u00fas no est\u00e1 y no lo podemos encontrar\u2026<\/p>\n<p>Pero todo cambia cuando Jes\u00fas se le revela y la llama por su nombre: \u201c\u00a1Mar\u00eda!\u201d En ese momento se le abren los ojos del alma, y su vac\u00edo y tristeza se convierten en gozo, y reconoce a Jes\u00fas: <em>\u201c\u00a1Rabboni!\u201d.<\/em> Trato de imaginar lo que Mar\u00eda debe haber sentido en ese momento. Sentir\u00eda que su pecho iba a estallar; no encontrar\u00eda palabras para expresar su alegr\u00eda, por eso trata de abrazarlo y Jes\u00fas no se lo permite: \u201cSu\u00e9ltame, que todav\u00eda no he subido al Padre\u201d. Y le env\u00eda a dar la buena noticia a sus hermanos.<\/p>\n<p>Del mismo modo, cuando nuestra alma est\u00e1 vac\u00eda por causa del pecado, cuando no encontramos a Jes\u00fas dentro de nosotros o, como Mar\u00eda, lo vemos pero no le reconocemos, si nos arrepentimos de coraz\u00f3n y lloramos nuestra culpa, Jes\u00fas nos llamar\u00e1 por nuestro propio nombre. Y entonces se nos abrir\u00e1n los ojos del alma y le reconoceremos. Pero a diferencia de Mar\u00eda, quien no pudo abrazar al Resucitado porque todav\u00eda no hab\u00eda subido al Padre, nosotros s\u00ed podemos fundirnos con \u00c9l en el abrazo m\u00e1s amoroso imaginable. Y saldremos con j\u00fabilo a decir a nuestros hermanos: <strong>\u00a1\u00c9l vive!<\/strong><\/p>\n<div style=\"padding-bottom:20px; padding-top:10px;\" class=\"hupso-share-buttons\"><!-- Hupso Share Buttons - https:\/\/www.hupso.com\/share\/ --><a class=\"hupso_toolbar\" href=\"https:\/\/www.hupso.com\/share\/\"><img src=\"http:\/\/static.hupso.com\/share\/buttons\/lang\/es\/share-medium.png\" style=\"border:0px; padding-top: 5px; float:left;\" alt=\"Share Button\"\/><\/a><script type=\"text\/javascript\">var hupso_services_t=new Array(\"Twitter\",\"Facebook\",\"Google Plus\",\"Pinterest\",\"Linkedin\",\"Email\",\"Print\");var hupso_background_t=\"#EAF4FF\";var hupso_border_t=\"#66CCFF\";var hupso_toolbar_size_t=\"medium\";var hupso_image_folder_url = \"\";var hupso_twitter_via=\"hectorops\";var hupso_url_t=\"\";var hupso_title_t=\"REFLEXI%C3%93N%20PARA%20EL%20MARTES%20DE%20LA%20OCTAVA%20DE%20PASCUA%2003-04-18\";<\/script><script type=\"text\/javascript\" src=\"http:\/\/static.hupso.com\/share\/js\/share_toolbar.js\"><\/script><!-- Hupso Share Buttons --><\/div>","protected":false},"excerpt":{"rendered":"<p>Como hab\u00edamos adelantado ayer, los pasajes evang\u00e9licos que vamos a contemplar durante la Octava de Pascua nos narran las apariciones de Jes\u00fas a sus disc\u00edpulos luego de su gloriosa resurrecci\u00f3n. Hoy la liturgia nos presenta la versi\u00f3n de Juan de &hellip; <a href=\"http:\/\/delamanodemaria.com\/?p=9803\">Continue reading <span class=\"meta-nav\">&rarr;<\/span><\/a><\/p>\n<div style=\"padding-bottom:20px; padding-top:10px;\" class=\"hupso-share-buttons\"><!-- Hupso Share Buttons - https:\/\/www.hupso.com\/share\/ --><a class=\"hupso_toolbar\" href=\"https:\/\/www.hupso.com\/share\/\"><img src=\"http:\/\/static.hupso.com\/share\/buttons\/lang\/es\/share-medium.png\" style=\"border:0px; padding-top: 5px; float:left;\" alt=\"Share Button\"\/><\/a><script type=\"text\/javascript\">var hupso_services_t=new Array(\"Twitter\",\"Facebook\",\"Google Plus\",\"Pinterest\",\"Linkedin\",\"Email\",\"Print\");var hupso_background_t=\"#EAF4FF\";var hupso_border_t=\"#66CCFF\";var hupso_toolbar_size_t=\"medium\";var hupso_image_folder_url = \"\";var hupso_twitter_via=\"hectorops\";var hupso_url_t=\"\";var hupso_title_t=\"REFLEXI%C3%93N%20PARA%20EL%20MARTES%20DE%20LA%20OCTAVA%20DE%20PASCUA%2003-04-18\";<\/script><script type=\"text\/javascript\" src=\"http:\/\/static.hupso.com\/share\/js\/share_toolbar.js\"><\/script><!-- Hupso Share Buttons --><\/div>","protected":false},"author":1,"featured_media":0,"comment_status":"open","ping_status":"open","sticky":false,"template":"","format":"standard","meta":{"jetpack_post_was_ever_published":false,"_jetpack_newsletter_access":"","_jetpack_newsletter_tier_id":0,"jetpack_publicize_message":"","jetpack_is_tweetstorm":false,"jetpack_publicize_feature_enabled":true,"jetpack_social_post_already_shared":true,"jetpack_social_options":{"image_generator_settings":{"template":"highway","enabled":false}}},"categories":[1],"tags":[695,175,66,1924,2280,62,64,67,869,2,519,868],"jetpack_publicize_connections":[],"jetpack_featured_media_url":"","jetpack_shortlink":"https:\/\/wp.me\/p3bBgS-2y7","jetpack_sharing_enabled":true,"jetpack_likes_enabled":true,"_links":{"self":[{"href":"http:\/\/delamanodemaria.com\/index.php?rest_route=\/wp\/v2\/posts\/9803"}],"collection":[{"href":"http:\/\/delamanodemaria.com\/index.php?rest_route=\/wp\/v2\/posts"}],"about":[{"href":"http:\/\/delamanodemaria.com\/index.php?rest_route=\/wp\/v2\/types\/post"}],"author":[{"embeddable":true,"href":"http:\/\/delamanodemaria.com\/index.php?rest_route=\/wp\/v2\/users\/1"}],"replies":[{"embeddable":true,"href":"http:\/\/delamanodemaria.com\/index.php?rest_route=%2Fwp%2Fv2%2Fcomments&post=9803"}],"version-history":[{"count":2,"href":"http:\/\/delamanodemaria.com\/index.php?rest_route=\/wp\/v2\/posts\/9803\/revisions"}],"predecessor-version":[{"id":9805,"href":"http:\/\/delamanodemaria.com\/index.php?rest_route=\/wp\/v2\/posts\/9803\/revisions\/9805"}],"wp:attachment":[{"href":"http:\/\/delamanodemaria.com\/index.php?rest_route=%2Fwp%2Fv2%2Fmedia&parent=9803"}],"wp:term":[{"taxonomy":"category","embeddable":true,"href":"http:\/\/delamanodemaria.com\/index.php?rest_route=%2Fwp%2Fv2%2Fcategories&post=9803"},{"taxonomy":"post_tag","embeddable":true,"href":"http:\/\/delamanodemaria.com\/index.php?rest_route=%2Fwp%2Fv2%2Ftags&post=9803"}],"curies":[{"name":"wp","href":"https:\/\/api.w.org\/{rel}","templated":true}]}}