{"id":9825,"date":"2018-04-07T17:23:50","date_gmt":"2018-04-07T21:23:50","guid":{"rendered":"http:\/\/delamanodemaria.com\/?p=9825"},"modified":"2018-04-07T17:23:50","modified_gmt":"2018-04-07T21:23:50","slug":"reflexion-para-el-segundo-domingo-octava-de-pascua-domingo-de-la-divina-misericordia-b-08-04-18","status":"publish","type":"post","link":"http:\/\/delamanodemaria.com\/?p=9825","title":{"rendered":"REFLEXI\u00d3N PARA EL SEGUNDO DOMINGO (OCTAVA) DE PASCUA, DOMINGO DE LA DIVINA MISERICORDIA (B) 08-04-18"},"content":{"rendered":"<p><img decoding=\"async\" loading=\"lazy\" class=\"alignnone size-full wp-image-9828\" src=\"http:\/\/delamanodemaria.com\/wp-content\/uploads\/2018\/04\/fano_dom2pascoa.jpg\" alt=\"\" width=\"580\" height=\"348\" srcset=\"http:\/\/delamanodemaria.com\/wp-content\/uploads\/2018\/04\/fano_dom2pascoa.jpg 580w, http:\/\/delamanodemaria.com\/wp-content\/uploads\/2018\/04\/fano_dom2pascoa-300x180.jpg 300w, http:\/\/delamanodemaria.com\/wp-content\/uploads\/2018\/04\/fano_dom2pascoa-500x300.jpg 500w\" sizes=\"(max-width: 580px) 100vw, 580px\" \/><\/p>\n<p>Hoy celebramos el segundo domingo de Pascua, tambi\u00e9n conocido como domingo de la Divina Misericordia.<\/p>\n<p>La primera lectura (Hc 4,32-35) nos narra c\u00f3mo las primeras comunidades cristianas \u201cdaban testimonio de la resurrecci\u00f3n del Se\u00f1or con mucho valor\u201d, y c\u00f3mo por ese gesto \u201cDios los miraba a todos con mucho agrado\u201d.<\/p>\n<p>No olvidemos que hoy concluye la \u201cOctava\u201d de Pascua y, por tanto, la celebraci\u00f3n que comenz\u00f3 el domingo de Pascua de Resurrecci\u00f3n y se prolong\u00f3 hasta hoy. De ah\u00ed que la lectura evang\u00e9lica (Jn 20,19-31) nos presenta las primeras dos apariciones de Jes\u00fas a sus disc\u00edpulos. La primera el mismo d\u00eda de la Resurrecci\u00f3n, encontr\u00e1ndose encerrados en la estancia superior, por temor a las autoridades jud\u00edas, luego de que Pedro y Juan encontraran la tumba vac\u00eda. La segunda tiene lugar una semana despu\u00e9s (un d\u00eda como hoy), pero esta vez los disc\u00edpulos estaban fortalecidos por la presencia del Resucitado. Ahora la controversia giraba en torno a la incredulidad de Tom\u00e1s.<\/p>\n<p>Este pasaje, que es la conclusi\u00f3n del evangelio seg\u00fan san Juan, es sumamente denso y lleno de s\u00edmbolos. Nos limitaremos a dos, comenzando con el segundo: la incredulidad de Tom\u00e1s.<\/p>\n<p>La pregunta obligada es: \u00bfD\u00f3nde estaba Tom\u00e1s cuando el Se\u00f1or se apareci\u00f3 a los disc\u00edpulos por primera vez? De seguro estaba vagando, triste y desilusionado porque Jes\u00fas hab\u00eda muerto; hab\u00eda visto esfumarse en una horas todas sus expectativas, sus sue\u00f1os mesi\u00e1nicos. Se hab\u00eda separado del grupo. Por eso no tuvo la experiencia de Jes\u00fas resucitado; como nos pasa a nosotros cuando nos alejamos de la Iglesia. Cuando regres\u00f3 se negaba a creer porque no lo hab\u00eda visto. Pero esta vez no se alej\u00f3, se mantuvo en comuni\u00f3n con sus hermanos, se congreg\u00f3, y entonces tuvo el encuentro con Jes\u00fas resucitado. Igual nos pasa a nosotros cuando regresamos la Iglesia y nos congregamos para la celebraci\u00f3n eucar\u00edstica; los ojos de la fe nos permiten tener un encuentro con Jes\u00fas resucitado. Por eso en el rito de la consagraci\u00f3n decimos, al igual que Tom\u00e1s: \u201c\u00a1Se\u00f1or m\u00edo y Dios m\u00edo!\u201d<\/p>\n<p>Jes\u00fas concluye el pasaje diciendo: \u201cDichosos los que crean sin haber visto\u201d. Los disc\u00edpulos tuvieron la dicha de ver a Jes\u00fas resucitado. Nosotros por fe creemos que \u00c9l se hace presente con todo su cuerpo, sangre, alma y divinidad, en las especies de pan y vino durante la celebraci\u00f3n eucar\u00edstica; presencia tan real como lo fue la aparici\u00f3n a los disc\u00edpulos en aqu\u00e9l primer domingo de Resurrecci\u00f3n. \u00a1Y por ello Jes\u00fas nos llama dichosos, bienaventurados!<\/p>\n<p>El otro aspecto que hay que resaltar es la instituci\u00f3n del Sacramento de la Reconciliaci\u00f3n. Jes\u00fas conoce nuestra naturaleza pecadora y no quiso dejarnos hu\u00e9rfanos: \u201cexhal\u00f3 su aliento sobre ellos y les dijo: \u2018Recibid el Esp\u00edritu Santo; a quienes les perdon\u00e9is los pecados, quedan perdonados; a quienes se los reteng\u00e1is, les quedan retenidos\u2019\u201d. Es el \u201cTribunal de la Divina Misericordia\u201d, la\u00a0 manifestaci\u00f3n m\u00e1s patente de la Misericordia Divina; llamado as\u00ed porque es el \u00fanico Tribunal en el cual uno, al declararse culpable, es absuelto.<\/p>\n<p>Durante la Cuaresma y Semana Santa la Iglesia nos hizo un llamado a reconciliarnos. Si no lo hiciste entonces, recuerda que <strong>HOY<\/strong> es el domingo de la Divina Misericordia. \u00a1Anda, decl\u00e1rate culpable; te garantizo que saldr\u00e1s absuelto!<\/p>\n<div style=\"padding-bottom:20px; padding-top:10px;\" class=\"hupso-share-buttons\"><!-- Hupso Share Buttons - https:\/\/www.hupso.com\/share\/ --><a class=\"hupso_toolbar\" href=\"https:\/\/www.hupso.com\/share\/\"><img src=\"http:\/\/static.hupso.com\/share\/buttons\/lang\/es\/share-medium.png\" style=\"border:0px; padding-top: 5px; float:left;\" alt=\"Share Button\"\/><\/a><script type=\"text\/javascript\">var hupso_services_t=new Array(\"Twitter\",\"Facebook\",\"Google Plus\",\"Pinterest\",\"Linkedin\",\"Email\",\"Print\");var hupso_background_t=\"#EAF4FF\";var hupso_border_t=\"#66CCFF\";var hupso_toolbar_size_t=\"medium\";var hupso_image_folder_url = \"\";var hupso_twitter_via=\"hectorops\";var hupso_url_t=\"\";var hupso_title_t=\"REFLEXI%C3%93N%20PARA%20EL%20SEGUNDO%20DOMINGO%20%28OCTAVA%29%20DE%20PASCUA%2C%20DOMINGO%20DE%20LA%20DIVINA%20MISERICORDIA%20%28B%29%2008-04-18\";<\/script><script type=\"text\/javascript\" src=\"http:\/\/static.hupso.com\/share\/js\/share_toolbar.js\"><\/script><!-- Hupso Share Buttons --><\/div>","protected":false},"excerpt":{"rendered":"<p>Hoy celebramos el segundo domingo de Pascua, tambi\u00e9n conocido como domingo de la Divina Misericordia. La primera lectura (Hc 4,32-35) nos narra c\u00f3mo las primeras comunidades cristianas \u201cdaban testimonio de la resurrecci\u00f3n del Se\u00f1or con mucho valor\u201d, y c\u00f3mo por &hellip; <a href=\"http:\/\/delamanodemaria.com\/?p=9825\">Continue reading <span class=\"meta-nav\">&rarr;<\/span><\/a><\/p>\n<div style=\"padding-bottom:20px; padding-top:10px;\" class=\"hupso-share-buttons\"><!-- Hupso Share Buttons - https:\/\/www.hupso.com\/share\/ --><a class=\"hupso_toolbar\" href=\"https:\/\/www.hupso.com\/share\/\"><img src=\"http:\/\/static.hupso.com\/share\/buttons\/lang\/es\/share-medium.png\" style=\"border:0px; padding-top: 5px; float:left;\" alt=\"Share Button\"\/><\/a><script type=\"text\/javascript\">var hupso_services_t=new Array(\"Twitter\",\"Facebook\",\"Google Plus\",\"Pinterest\",\"Linkedin\",\"Email\",\"Print\");var hupso_background_t=\"#EAF4FF\";var hupso_border_t=\"#66CCFF\";var hupso_toolbar_size_t=\"medium\";var hupso_image_folder_url = \"\";var hupso_twitter_via=\"hectorops\";var hupso_url_t=\"\";var hupso_title_t=\"REFLEXI%C3%93N%20PARA%20EL%20SEGUNDO%20DOMINGO%20%28OCTAVA%29%20DE%20PASCUA%2C%20DOMINGO%20DE%20LA%20DIVINA%20MISERICORDIA%20%28B%29%2008-04-18\";<\/script><script type=\"text\/javascript\" src=\"http:\/\/static.hupso.com\/share\/js\/share_toolbar.js\"><\/script><!-- Hupso Share Buttons --><\/div>","protected":false},"author":1,"featured_media":0,"comment_status":"open","ping_status":"open","sticky":false,"template":"","format":"standard","meta":{"jetpack_post_was_ever_published":false,"_jetpack_newsletter_access":"","_jetpack_newsletter_tier_id":0,"jetpack_publicize_message":"","jetpack_is_tweetstorm":false,"jetpack_publicize_feature_enabled":true,"jetpack_social_post_already_shared":true,"jetpack_social_options":{"image_generator_settings":{"template":"highway","enabled":false}}},"categories":[1],"tags":[66,1409,70,80,1934,96,408,139,2287,64,817,519,54,82,1001,2286,1267,2288],"jetpack_publicize_connections":[],"jetpack_featured_media_url":"","jetpack_shortlink":"https:\/\/wp.me\/p3bBgS-2yt","jetpack_sharing_enabled":true,"jetpack_likes_enabled":true,"_links":{"self":[{"href":"http:\/\/delamanodemaria.com\/index.php?rest_route=\/wp\/v2\/posts\/9825"}],"collection":[{"href":"http:\/\/delamanodemaria.com\/index.php?rest_route=\/wp\/v2\/posts"}],"about":[{"href":"http:\/\/delamanodemaria.com\/index.php?rest_route=\/wp\/v2\/types\/post"}],"author":[{"embeddable":true,"href":"http:\/\/delamanodemaria.com\/index.php?rest_route=\/wp\/v2\/users\/1"}],"replies":[{"embeddable":true,"href":"http:\/\/delamanodemaria.com\/index.php?rest_route=%2Fwp%2Fv2%2Fcomments&post=9825"}],"version-history":[{"count":3,"href":"http:\/\/delamanodemaria.com\/index.php?rest_route=\/wp\/v2\/posts\/9825\/revisions"}],"predecessor-version":[{"id":9829,"href":"http:\/\/delamanodemaria.com\/index.php?rest_route=\/wp\/v2\/posts\/9825\/revisions\/9829"}],"wp:attachment":[{"href":"http:\/\/delamanodemaria.com\/index.php?rest_route=%2Fwp%2Fv2%2Fmedia&parent=9825"}],"wp:term":[{"taxonomy":"category","embeddable":true,"href":"http:\/\/delamanodemaria.com\/index.php?rest_route=%2Fwp%2Fv2%2Fcategories&post=9825"},{"taxonomy":"post_tag","embeddable":true,"href":"http:\/\/delamanodemaria.com\/index.php?rest_route=%2Fwp%2Fv2%2Ftags&post=9825"}],"curies":[{"name":"wp","href":"https:\/\/api.w.org\/{rel}","templated":true}]}}