{"id":9841,"date":"2018-04-11T21:01:43","date_gmt":"2018-04-12T01:01:43","guid":{"rendered":"http:\/\/delamanodemaria.com\/?p=9841"},"modified":"2018-04-11T21:01:43","modified_gmt":"2018-04-12T01:01:43","slug":"reflexion-para-el-jueves-de-la-segunda-semana-de-pascua-12-04-18","status":"publish","type":"post","link":"http:\/\/delamanodemaria.com\/?p=9841","title":{"rendered":"REFLEXI\u00d3N PARA EL JUEVES DE LA SEGUNDA SEMANA DE PASCUA 12-04-18"},"content":{"rendered":"<p><img decoding=\"async\" loading=\"lazy\" class=\"alignnone size-full wp-image-9843\" src=\"http:\/\/delamanodemaria.com\/wp-content\/uploads\/2018\/04\/apostoles-ante-el-sanedrin-2.jpg\" alt=\"\" width=\"600\" height=\"300\" srcset=\"http:\/\/delamanodemaria.com\/wp-content\/uploads\/2018\/04\/apostoles-ante-el-sanedrin-2.jpg 600w, http:\/\/delamanodemaria.com\/wp-content\/uploads\/2018\/04\/apostoles-ante-el-sanedrin-2-300x150.jpg 300w, http:\/\/delamanodemaria.com\/wp-content\/uploads\/2018\/04\/apostoles-ante-el-sanedrin-2-500x250.jpg 500w\" sizes=\"(max-width: 600px) 100vw, 600px\" \/><\/p>\n<p>Durante el Tiempo Pascual, la primera lectura que nos propone la liturgia es del Nuevo Testamento, especialmente el libro de los Hechos de los Ap\u00f3stoles. Y en estas lecturas sobresale el testimonio de la fe Pascual de los Ap\u00f3stoles, inspirados y guiados por el Esp\u00edritu Santo, quien se nos presenta como el gran protagonista de este libro sagrado.<\/p>\n<p>El libro de los Hechos de los Ap\u00f3stoles se llama as\u00ed porque recoge la actividad misionera de los ap\u00f3stoles Pedro y Pablo. Pero sobre todo recoge la actividad divina del Esp\u00edritu Santo en el desarrollo de la Iglesia. Por eso se le ha llamado el \u201cEvangelio del Esp\u00edritu Santo\u201d. Como el Antiguo Testamento nos habla de Dios Padre y los relatos evang\u00e9licos de Jesucristo, el libro de los Hechos de los Ap\u00f3stoles nos habla del Esp\u00edritu Santo. Fue escrito por san Lucas, como secuela de su relato evang\u00e9lico, para documentar esos primeros a\u00f1os del desarrollo de la Iglesia. Por eso se le considera tambi\u00e9n el primer libro de historia de la Iglesia.<\/p>\n<p>En las lecturas de los d\u00edas anteriores hemos visto c\u00f3mo las autoridades jud\u00edas, amenazadas por el \u00e9xito de la predicaci\u00f3n de los ap\u00f3stoles, les hab\u00edan prohibido continuar predicando el Evangelio de Jesucristo y su Misterio Pascual. Por ello hab\u00edan sido encarcelados.<\/p>\n<p>La lectura de hoy (Hc 5,27-33) nos muestra a los ap\u00f3stoles conducidos nuevamente ante el Sanedr\u00edn e increpados por haber continuado predicando el Evangelio a pesar de las advertencias, luego de haber sido liberados de la c\u00e1rcel por un \u00e1ngel del Se\u00f1or. En ese momento se hacen realidad las palabras de Jes\u00fas a sus ap\u00f3stoles: \u201cA causa de m\u00ed, ser\u00e1n llevados ante gobernadores y reyes, para dar testimonio delante de ellos y de los paganos. Cuando los entreguen, no se preocupen de c\u00f3mo van a hablar o qu\u00e9 van a decir: lo que deban decir se les dar\u00e1 a conocer en ese momento, porque no ser\u00e1n ustedes los que hablar\u00e1n, sino que el Esp\u00edritu de su Padre hablar\u00e1 en ustedes\u201d (Mt 10,18-20).<\/p>\n<p>Inspirados por el Esp\u00edritu Santo, Pedro y los ap\u00f3stoles replicaron: \u201cHay que obedecer a Dios antes que a los hombres. El Dios de nuestros padres resucit\u00f3 a Jes\u00fas, a quien vosotros matasteis, colg\u00e1ndolo de un madero. La diestra de Dios lo exalt\u00f3, haci\u00e9ndolo jefe y salvador, para otorgarle a Israel la conversi\u00f3n con el perd\u00f3n de los pecados. Testigos de esto somos nosotros y el Esp\u00edritu Santo, que Dios da a los que le obedecen\u201d. En la continuaci\u00f3n de este pasaje que leeremos ma\u00f1ana, veremos el resultado de estas palabras inspiradas.<\/p>\n<p>\u201cEl Dios de nuestros padres resucit\u00f3 a Jes\u00fas, a quien vosotros matasteis, colg\u00e1ndolo de un madero\u201d. Vemos c\u00f3mo la fe Pascual es la que les lanza con valent\u00eda y coherencia, inspirados y asistidos por el Esp\u00edritu Santo, a predicar la Buena Noticia del Reino en la persona de Jesucristo.<\/p>\n<p>Esto los llevar\u00e1 (junto a miles a trav\u00e9s de la historia) a dar testimonio, incluso con sus vidas, de su fe en el Resucitado. Si nosotros estuvi\u00e9ramos tan llenos de fe Pascual como aquellos ap\u00f3stoles, y nos dej\u00e1ramos guiar por el Esp\u00edritu santo como ellos, estar\u00edamos proclamando esa fe con valent\u00eda en nuestros hogares, nuestros lugares de trabajo, nuestras comunidades y, hoy en d\u00eda, en las redes sociales. \u00a1Atr\u00e9vete!<\/p>\n<div style=\"padding-bottom:20px; padding-top:10px;\" class=\"hupso-share-buttons\"><!-- Hupso Share Buttons - https:\/\/www.hupso.com\/share\/ --><a class=\"hupso_toolbar\" href=\"https:\/\/www.hupso.com\/share\/\"><img src=\"http:\/\/static.hupso.com\/share\/buttons\/lang\/es\/share-medium.png\" style=\"border:0px; padding-top: 5px; float:left;\" alt=\"Share Button\"\/><\/a><script type=\"text\/javascript\">var hupso_services_t=new Array(\"Twitter\",\"Facebook\",\"Google Plus\",\"Pinterest\",\"Linkedin\",\"Email\",\"Print\");var hupso_background_t=\"#EAF4FF\";var hupso_border_t=\"#66CCFF\";var hupso_toolbar_size_t=\"medium\";var hupso_image_folder_url = \"\";var hupso_twitter_via=\"hectorops\";var hupso_url_t=\"\";var hupso_title_t=\"REFLEXI%C3%93N%20PARA%20EL%20JUEVES%20DE%20LA%20SEGUNDA%20SEMANA%20DE%20PASCUA%2012-04-18\";<\/script><script type=\"text\/javascript\" src=\"http:\/\/static.hupso.com\/share\/js\/share_toolbar.js\"><\/script><!-- Hupso Share Buttons --><\/div>","protected":false},"excerpt":{"rendered":"<p>Durante el Tiempo Pascual, la primera lectura que nos propone la liturgia es del Nuevo Testamento, especialmente el libro de los Hechos de los Ap\u00f3stoles. Y en estas lecturas sobresale el testimonio de la fe Pascual de los Ap\u00f3stoles, inspirados &hellip; <a href=\"http:\/\/delamanodemaria.com\/?p=9841\">Continue reading <span class=\"meta-nav\">&rarr;<\/span><\/a><\/p>\n<div style=\"padding-bottom:20px; padding-top:10px;\" class=\"hupso-share-buttons\"><!-- Hupso Share Buttons - https:\/\/www.hupso.com\/share\/ --><a class=\"hupso_toolbar\" href=\"https:\/\/www.hupso.com\/share\/\"><img src=\"http:\/\/static.hupso.com\/share\/buttons\/lang\/es\/share-medium.png\" style=\"border:0px; padding-top: 5px; float:left;\" alt=\"Share Button\"\/><\/a><script type=\"text\/javascript\">var hupso_services_t=new Array(\"Twitter\",\"Facebook\",\"Google Plus\",\"Pinterest\",\"Linkedin\",\"Email\",\"Print\");var hupso_background_t=\"#EAF4FF\";var hupso_border_t=\"#66CCFF\";var hupso_toolbar_size_t=\"medium\";var hupso_image_folder_url = \"\";var hupso_twitter_via=\"hectorops\";var hupso_url_t=\"\";var hupso_title_t=\"REFLEXI%C3%93N%20PARA%20EL%20JUEVES%20DE%20LA%20SEGUNDA%20SEMANA%20DE%20PASCUA%2012-04-18\";<\/script><script type=\"text\/javascript\" src=\"http:\/\/static.hupso.com\/share\/js\/share_toolbar.js\"><\/script><!-- Hupso Share Buttons --><\/div>","protected":false},"author":1,"featured_media":0,"comment_status":"open","ping_status":"open","sticky":false,"template":"","format":"standard","meta":{"jetpack_post_was_ever_published":false,"_jetpack_newsletter_access":"","_jetpack_newsletter_tier_id":0,"jetpack_publicize_message":"","jetpack_is_tweetstorm":false,"jetpack_publicize_feature_enabled":true,"jetpack_social_post_already_shared":true,"jetpack_social_options":{"image_generator_settings":{"template":"highway","enabled":false}}},"categories":[1],"tags":[89,2292,498,1289,517,137,582,139,13,55,111,140,10,471,2,510,127,1267],"jetpack_publicize_connections":[],"jetpack_featured_media_url":"","jetpack_shortlink":"https:\/\/wp.me\/p3bBgS-2yJ","jetpack_sharing_enabled":true,"jetpack_likes_enabled":true,"_links":{"self":[{"href":"http:\/\/delamanodemaria.com\/index.php?rest_route=\/wp\/v2\/posts\/9841"}],"collection":[{"href":"http:\/\/delamanodemaria.com\/index.php?rest_route=\/wp\/v2\/posts"}],"about":[{"href":"http:\/\/delamanodemaria.com\/index.php?rest_route=\/wp\/v2\/types\/post"}],"author":[{"embeddable":true,"href":"http:\/\/delamanodemaria.com\/index.php?rest_route=\/wp\/v2\/users\/1"}],"replies":[{"embeddable":true,"href":"http:\/\/delamanodemaria.com\/index.php?rest_route=%2Fwp%2Fv2%2Fcomments&post=9841"}],"version-history":[{"count":2,"href":"http:\/\/delamanodemaria.com\/index.php?rest_route=\/wp\/v2\/posts\/9841\/revisions"}],"predecessor-version":[{"id":9844,"href":"http:\/\/delamanodemaria.com\/index.php?rest_route=\/wp\/v2\/posts\/9841\/revisions\/9844"}],"wp:attachment":[{"href":"http:\/\/delamanodemaria.com\/index.php?rest_route=%2Fwp%2Fv2%2Fmedia&parent=9841"}],"wp:term":[{"taxonomy":"category","embeddable":true,"href":"http:\/\/delamanodemaria.com\/index.php?rest_route=%2Fwp%2Fv2%2Fcategories&post=9841"},{"taxonomy":"post_tag","embeddable":true,"href":"http:\/\/delamanodemaria.com\/index.php?rest_route=%2Fwp%2Fv2%2Ftags&post=9841"}],"curies":[{"name":"wp","href":"https:\/\/api.w.org\/{rel}","templated":true}]}}