{"id":9852,"date":"2018-04-14T23:48:16","date_gmt":"2018-04-15T03:48:16","guid":{"rendered":"http:\/\/delamanodemaria.com\/?p=9852"},"modified":"2018-04-14T23:48:16","modified_gmt":"2018-04-15T03:48:16","slug":"reflexion-para-el-tercer-domingo-de-pascua-15-04-18","status":"publish","type":"post","link":"http:\/\/delamanodemaria.com\/?p=9852","title":{"rendered":"REFLEXI\u00d3N PARA EL TERCER DOMINGO DE PASCUA 15-04-18"},"content":{"rendered":"<p><img decoding=\"async\" loading=\"lazy\" class=\"alignnone size-full wp-image-9854\" src=\"http:\/\/delamanodemaria.com\/wp-content\/uploads\/2018\/04\/Jesus-se-aparece-a-sus-disc\u00edpulo-2.jpg\" alt=\"\" width=\"706\" height=\"474\" srcset=\"http:\/\/delamanodemaria.com\/wp-content\/uploads\/2018\/04\/Jesus-se-aparece-a-sus-disc\u00edpulo-2.jpg 706w, http:\/\/delamanodemaria.com\/wp-content\/uploads\/2018\/04\/Jesus-se-aparece-a-sus-disc\u00edpulo-2-300x201.jpg 300w, http:\/\/delamanodemaria.com\/wp-content\/uploads\/2018\/04\/Jesus-se-aparece-a-sus-disc\u00edpulo-2-447x300.jpg 447w\" sizes=\"(max-width: 706px) 100vw, 706px\" \/><\/p>\n<p>La liturgia para este tercer domingo de Pascua nos presenta la versi\u00f3n de Lucas de la primera aparici\u00f3n de Jes\u00fas a sus disc\u00edpulos (Lc 24,35-48). Para ponernos en contexto, comienza diciendo que los que se hab\u00edan topado con \u00e9l en el camino a Ema\u00fas, \u201ccontaban los disc\u00edpulos lo que les hab\u00eda pasado por el camino y c\u00f3mo hab\u00edan reconocido a Jes\u00fas al partir el pan\u201d. En ese momento, Jes\u00fas \u201cse presenta\u201d en medio de ellos y les dice: \u201cPaz a vosotros\u201d.<\/p>\n<p>Nos dice la escritura que los disc\u00edpulos de llenaron de miedo ante esa aparici\u00f3n sorpresiva, \u201cporque cre\u00edan ver un fantasma\u201d. Sus mentes no pod\u00edan procesar lo que sus sentidos le dec\u00edan. Jes\u00fas percibe la confusi\u00f3n que su presencia hab\u00eda causado entre los disc\u00edpulos, y decide demostrarles su corporeidad. Quiere demostrarles que su Resurrecci\u00f3n es real, que no se trata meramente de que su esp\u00edritu ha vencido la muerte. No, \u00a1\u00c9l vive; verdaderamente ha resucitado! Estaba all\u00ed, en medio de ellos.<\/p>\n<p>Entonces, mostr\u00e1ndole sus manos y sus pies les dice: \u201cMirad mis manos y mis pies: soy yo en persona. Palpadme y daos cuenta de que un fantasma no tiene carne y huesos, como veis que yo tengo\u201d. Ah\u00ed los disc\u00edpulos comienzan a caer en la cuenta que efectivamente era el Se\u00f1or que hab\u00eda resucitado tal como \u00c9l se los hab\u00eda adelantado, pero ellos no hab\u00edan comprendido. Los disc\u00edpulos se llenaron de alegr\u00eda, pero Jes\u00fas percibi\u00f3 que a\u00fan estaban aturdidos por la intensidad de la experiencia. Por eso a\u00f1ade: \u201c\u00bfTen\u00e9is ah\u00ed algo que comer?\u201d Ellos le ofrecieron un pescado, \u201c\u00c9l lo tom\u00f3 y comi\u00f3 delante de ellos\u201d.<\/p>\n<p>No solo lo pod\u00edan ver, escuchar, tocar, sino que hab\u00eda comido delante de ellos. \u00bfQu\u00e9 gesto m\u00e1s humano que ese? El mensaje que Jes\u00fas quer\u00eda transmitir a sus disc\u00edpulos (y a nosotros) es el car\u00e1cter totalizante de su Resurrecci\u00f3n; que est\u00e1 vivo, que ha vencido la muerte. Esa es la misma resurrecci\u00f3n de la que todos hemos de participar al final de los tiempos. \u201cEl que come mi carne y bebe mi sangre, tiene vida eterna, y yo le resucitar\u00e9 el \u00faltimo d\u00eda\u201d (Jn 6,54). \u00a1Qu\u00e9 promesa!<\/p>\n<p>Establecida su identidad, el centro de atenci\u00f3n de la narraci\u00f3n se desplaza a las Escrituras, o m\u00e1s bien, a la relaci\u00f3n entre Jes\u00fas y las Escrituras. \u201cEsto es lo que os dec\u00eda mientras estaba con vosotros: que todo lo escrito en la ley de Mois\u00e9s y en los profetas y salmos acerca de m\u00ed ten\u00eda que cumplirse\u201d. Contin\u00faa el relato diciendo que \u201centonces les abri\u00f3 el entendimiento para comprender las Escrituras\u201d. Luego a\u00f1adi\u00f3: \u201cAs\u00ed estaba escrito: el Mes\u00edas padecer\u00e1, resucitar\u00e1 de entre los muertos al tercer d\u00eda, y en su nombre se predicar\u00e1 la conversi\u00f3n y el perd\u00f3n de los pecados a todos los pueblos, comenzando por Jerusal\u00e9n. Vosotros sois testigos de esto\u201d. Ese \u201custedes\u201d nos incluye a nosotros.<\/p>\n<p>S\u00ed; estamos llamados a ser sus testigos, esa fue la misi\u00f3n que Jes\u00fas encomend\u00f3 a sus disc\u00edpulos antes de su Ascensi\u00f3n (<em>Cfr.<\/em> Hc 1,8). Pero para ser \u201ctestigos\u201d, para dar testimonio de algo o alguien, tenemos que tener conocimiento personal. Por tanto, para poder dar testimonio de Jes\u00fas tenemos que haber tenido primero un encuentro personal con \u00c9l, con ese Jes\u00fas Resucitado que comi\u00f3 frente a sus disc\u00edpulos y que hoy nos invita a \u201ccomerle\u201d en el banquete eucar\u00edstico.<\/p>\n<p>Estamos viviendo este tiempo especial de la Pascua en que celebramos Su gloriosa Resurrecci\u00f3n. Si nos hemos limitado a las devociones y los ritos del Triduo Pascual, sin haber experimentado la vivencia del Resucitado no podemos ser sus testigos.<\/p>\n<p>Te invito a hacer introspecci\u00f3n. \u00bfVerdaderamente he tenido una experiencia con el Resucitado?<\/p>\n<div style=\"padding-bottom:20px; padding-top:10px;\" class=\"hupso-share-buttons\"><!-- Hupso Share Buttons - https:\/\/www.hupso.com\/share\/ --><a class=\"hupso_toolbar\" href=\"https:\/\/www.hupso.com\/share\/\"><img src=\"http:\/\/static.hupso.com\/share\/buttons\/lang\/es\/share-medium.png\" style=\"border:0px; padding-top: 5px; float:left;\" alt=\"Share Button\"\/><\/a><script type=\"text\/javascript\">var hupso_services_t=new Array(\"Twitter\",\"Facebook\",\"Google Plus\",\"Pinterest\",\"Linkedin\",\"Email\",\"Print\");var hupso_background_t=\"#EAF4FF\";var hupso_border_t=\"#66CCFF\";var hupso_toolbar_size_t=\"medium\";var hupso_image_folder_url = \"\";var hupso_twitter_via=\"hectorops\";var hupso_url_t=\"\";var hupso_title_t=\"REFLEXI%C3%93N%20PARA%20EL%20TERCER%20DOMINGO%20DE%20PASCUA%2015-04-18\";<\/script><script type=\"text\/javascript\" src=\"http:\/\/static.hupso.com\/share\/js\/share_toolbar.js\"><\/script><!-- Hupso Share Buttons --><\/div>","protected":false},"excerpt":{"rendered":"<p>La liturgia para este tercer domingo de Pascua nos presenta la versi\u00f3n de Lucas de la primera aparici\u00f3n de Jes\u00fas a sus disc\u00edpulos (Lc 24,35-48). Para ponernos en contexto, comienza diciendo que los que se hab\u00edan topado con \u00e9l en &hellip; <a href=\"http:\/\/delamanodemaria.com\/?p=9852\">Continue reading <span class=\"meta-nav\">&rarr;<\/span><\/a><\/p>\n<div style=\"padding-bottom:20px; padding-top:10px;\" class=\"hupso-share-buttons\"><!-- Hupso Share Buttons - https:\/\/www.hupso.com\/share\/ --><a class=\"hupso_toolbar\" href=\"https:\/\/www.hupso.com\/share\/\"><img src=\"http:\/\/static.hupso.com\/share\/buttons\/lang\/es\/share-medium.png\" style=\"border:0px; padding-top: 5px; float:left;\" alt=\"Share Button\"\/><\/a><script type=\"text\/javascript\">var hupso_services_t=new Array(\"Twitter\",\"Facebook\",\"Google Plus\",\"Pinterest\",\"Linkedin\",\"Email\",\"Print\");var hupso_background_t=\"#EAF4FF\";var hupso_border_t=\"#66CCFF\";var hupso_toolbar_size_t=\"medium\";var hupso_image_folder_url = \"\";var hupso_twitter_via=\"hectorops\";var hupso_url_t=\"\";var hupso_title_t=\"REFLEXI%C3%93N%20PARA%20EL%20TERCER%20DOMINGO%20DE%20PASCUA%2015-04-18\";<\/script><script type=\"text\/javascript\" src=\"http:\/\/static.hupso.com\/share\/js\/share_toolbar.js\"><\/script><!-- Hupso Share Buttons --><\/div>","protected":false},"author":1,"featured_media":0,"comment_status":"open","ping_status":"open","sticky":false,"template":"","format":"standard","meta":{"jetpack_post_was_ever_published":false,"_jetpack_newsletter_access":"","_jetpack_newsletter_tier_id":0,"jetpack_publicize_message":"","jetpack_is_tweetstorm":false,"jetpack_publicize_feature_enabled":true,"jetpack_social_post_already_shared":true,"jetpack_social_options":{"image_generator_settings":{"template":"highway","enabled":false}}},"categories":[1],"tags":[66,770,2293,2284,1034,1777,1323,42,1927,2,519,54,750,127,2294],"jetpack_publicize_connections":[],"jetpack_featured_media_url":"","jetpack_shortlink":"https:\/\/wp.me\/p3bBgS-2yU","jetpack_sharing_enabled":true,"jetpack_likes_enabled":true,"_links":{"self":[{"href":"http:\/\/delamanodemaria.com\/index.php?rest_route=\/wp\/v2\/posts\/9852"}],"collection":[{"href":"http:\/\/delamanodemaria.com\/index.php?rest_route=\/wp\/v2\/posts"}],"about":[{"href":"http:\/\/delamanodemaria.com\/index.php?rest_route=\/wp\/v2\/types\/post"}],"author":[{"embeddable":true,"href":"http:\/\/delamanodemaria.com\/index.php?rest_route=\/wp\/v2\/users\/1"}],"replies":[{"embeddable":true,"href":"http:\/\/delamanodemaria.com\/index.php?rest_route=%2Fwp%2Fv2%2Fcomments&post=9852"}],"version-history":[{"count":2,"href":"http:\/\/delamanodemaria.com\/index.php?rest_route=\/wp\/v2\/posts\/9852\/revisions"}],"predecessor-version":[{"id":9855,"href":"http:\/\/delamanodemaria.com\/index.php?rest_route=\/wp\/v2\/posts\/9852\/revisions\/9855"}],"wp:attachment":[{"href":"http:\/\/delamanodemaria.com\/index.php?rest_route=%2Fwp%2Fv2%2Fmedia&parent=9852"}],"wp:term":[{"taxonomy":"category","embeddable":true,"href":"http:\/\/delamanodemaria.com\/index.php?rest_route=%2Fwp%2Fv2%2Fcategories&post=9852"},{"taxonomy":"post_tag","embeddable":true,"href":"http:\/\/delamanodemaria.com\/index.php?rest_route=%2Fwp%2Fv2%2Ftags&post=9852"}],"curies":[{"name":"wp","href":"https:\/\/api.w.org\/{rel}","templated":true}]}}