{"id":9884,"date":"2018-04-30T12:56:16","date_gmt":"2018-04-30T16:56:16","guid":{"rendered":"http:\/\/delamanodemaria.com\/?p=9884"},"modified":"2018-04-30T12:57:06","modified_gmt":"2018-04-30T16:57:06","slug":"que-es-la-infalibilidad-pontificia","status":"publish","type":"post","link":"http:\/\/delamanodemaria.com\/?p=9884","title":{"rendered":"\u00bfQu\u00e9 es la infalibilidad pontificia?"},"content":{"rendered":"<h2><img decoding=\"async\" loading=\"lazy\" class=\"alignnone size-large wp-image-9886\" src=\"http:\/\/delamanodemaria.com\/wp-content\/uploads\/2018\/04\/llaves-san-Pedro-1024x768.jpg\" alt=\"\" width=\"584\" height=\"438\" srcset=\"http:\/\/delamanodemaria.com\/wp-content\/uploads\/2018\/04\/llaves-san-Pedro-1024x768.jpg 1024w, http:\/\/delamanodemaria.com\/wp-content\/uploads\/2018\/04\/llaves-san-Pedro-300x225.jpg 300w, http:\/\/delamanodemaria.com\/wp-content\/uploads\/2018\/04\/llaves-san-Pedro-768x576.jpg 768w, http:\/\/delamanodemaria.com\/wp-content\/uploads\/2018\/04\/llaves-san-Pedro-400x300.jpg 400w, http:\/\/delamanodemaria.com\/wp-content\/uploads\/2018\/04\/llaves-san-Pedro.jpg 1280w\" sizes=\"(max-width: 584px) 100vw, 584px\" \/><\/h2>\n<h2 class=\"subtitle\"><em>\u00bfTodo lo que dice el Papa es infalible? \u00bfNo puede equivocarse?<\/em><\/h2>\n<p><strong>1. Fue el Concilio de Vaticano I quien<\/strong><strong>\u00a0defini\u00f3 la infalibilidad papal como una verdad de fe para los cat\u00f3licos.<\/strong><\/p>\n<p>En 1854, el papa P\u00edo IX \u201cdeclar\u00f3, pronunci\u00f3 y defini\u00f3\u201d el Dogma de la Inmaculada Concepci\u00f3n de la Virgen Mar\u00eda. Esto dio lugar a debate que se arrastra desde hace siglos: \u00bfMar\u00eda, es la \u201cllena de gracia\u201d fue \u00a0preservada de todo pecado original?<\/p>\n<p>Los Papas y el Concilio de Trento hab\u00edan pedido dejar de lado esta pregunta, pero la devoci\u00f3n a la Inmaculada Concepci\u00f3n de la Virgen continuaba creciendo.<\/p>\n<p>La medalla acu\u00f1ada en millones de copias despu\u00e9s de las apariciones de la Rue du Bac, en Par\u00eds en 1830, invoca a Mar\u00eda \u201csin pecado concebida\u201d. Y las peticiones instaron a que el Papa se pronuncie.<\/p>\n<p>En 1849, el Papa escribi\u00f3 a todos los obispos para pedirles su opini\u00f3n. Esta fue mayoritariamente a favor de una definici\u00f3n. Las cartas se conservan a\u00fan en el Vaticano, en una \u201clibrer\u00eda\u201d que es una obra maestra de orfebrer\u00eda otorgada por Lourdes en 1877.<\/p>\n<p>Gracias a las respuestas que le dieron, \u00a0el Papa proclam\u00f3 el dogma de la Inmaculada Concepci\u00f3n en la fecha tradicional de la fiesta, el 8 de diciembre de 1854.<\/p>\n<p>Menos de cuatro a\u00f1os despu\u00e9s, la Virgen se apareci\u00f3 a Bernadette Soubirous y le revel\u00f3 \u00a0su nombre: \u201cYo soy la\u00a0<strong>Inmaculada Concepci\u00f3n\u201d. \u00a0<\/strong><\/p>\n<p>A pesar del car\u00e1cter extra\u00f1o de esta denominaci\u00f3n -\u201cUna mujer no puede llevar ese nombre\u201d, dijo el sacerdote \u2013 las apariciones fueron reconocidas aut\u00e9nticas en 1862. \u00bfPor qu\u00e9 el Papa no hubiera percibido esta se\u00f1al como una confirmaci\u00f3n del dogma? Incluso Bernadette lo ve\u00eda as\u00ed.<\/p>\n<p>Al mismo tiempo, el poder temporal del Papa disminu\u00eda en Italia, en marcha hacia su unidad\u00a0 pol\u00edtica. La fe cristiana era cuestionada cada vez m\u00e1s por las diversas doctrinas. Parec\u00eda mucho m\u00e1s oportuno afirmar la autoridad doctrinal del Papa.<\/p>\n<p>El Concilio Vaticano I vot\u00f3 en este sentido el 18 de julio de 1870. El 20 de septiembre, la ciudad fue tomada y el Concilio se suspendi\u00f3.<\/p>\n<p><strong>El texto dice exactamente:\u00a0<\/strong><\/p>\n<p>(<em><strong>Continuar leyendo<\/strong><\/em>:\u00a0<a href=\"https:\/\/es.aleteia.org\/2013\/03\/22\/que-es-la-infalibilidad-pontificia\/\" target=\"_blank\" rel=\"noopener\">https:\/\/es.aleteia.org\/2013\/03\/22\/que-es-la-infalibilidad-pontificia\/<\/a>)<\/p>\n<div style=\"padding-bottom:20px; padding-top:10px;\" class=\"hupso-share-buttons\"><!-- Hupso Share Buttons - https:\/\/www.hupso.com\/share\/ --><a class=\"hupso_toolbar\" href=\"https:\/\/www.hupso.com\/share\/\"><img src=\"http:\/\/static.hupso.com\/share\/buttons\/lang\/es\/share-medium.png\" style=\"border:0px; padding-top: 5px; float:left;\" alt=\"Share Button\"\/><\/a><script type=\"text\/javascript\">var hupso_services_t=new Array(\"Twitter\",\"Facebook\",\"Google Plus\",\"Pinterest\",\"Linkedin\",\"Email\",\"Print\");var hupso_background_t=\"#EAF4FF\";var hupso_border_t=\"#66CCFF\";var hupso_toolbar_size_t=\"medium\";var hupso_image_folder_url = \"\";var hupso_twitter_via=\"hectorops\";var hupso_url_t=\"\";var hupso_title_t=\"%C2%BFQu%C3%A9%20es%20la%20infalibilidad%20pontificia%3F\";<\/script><script type=\"text\/javascript\" src=\"http:\/\/static.hupso.com\/share\/js\/share_toolbar.js\"><\/script><!-- Hupso Share Buttons --><\/div>","protected":false},"excerpt":{"rendered":"<p>\u00bfTodo lo que dice el Papa es infalible? \u00bfNo puede equivocarse? 1. Fue el Concilio de Vaticano I quien\u00a0defini\u00f3 la infalibilidad papal como una verdad de fe para los cat\u00f3licos. En 1854, el papa P\u00edo IX \u201cdeclar\u00f3, pronunci\u00f3 y defini\u00f3\u201d &hellip; <a href=\"http:\/\/delamanodemaria.com\/?p=9884\">Continue reading <span class=\"meta-nav\">&rarr;<\/span><\/a><\/p>\n<div style=\"padding-bottom:20px; padding-top:10px;\" class=\"hupso-share-buttons\"><!-- Hupso Share Buttons - https:\/\/www.hupso.com\/share\/ --><a class=\"hupso_toolbar\" href=\"https:\/\/www.hupso.com\/share\/\"><img src=\"http:\/\/static.hupso.com\/share\/buttons\/lang\/es\/share-medium.png\" style=\"border:0px; padding-top: 5px; float:left;\" alt=\"Share Button\"\/><\/a><script type=\"text\/javascript\">var hupso_services_t=new Array(\"Twitter\",\"Facebook\",\"Google Plus\",\"Pinterest\",\"Linkedin\",\"Email\",\"Print\");var hupso_background_t=\"#EAF4FF\";var hupso_border_t=\"#66CCFF\";var hupso_toolbar_size_t=\"medium\";var hupso_image_folder_url = \"\";var hupso_twitter_via=\"hectorops\";var hupso_url_t=\"\";var hupso_title_t=\"%C2%BFQu%C3%A9%20es%20la%20infalibilidad%20pontificia%3F\";<\/script><script type=\"text\/javascript\" src=\"http:\/\/static.hupso.com\/share\/js\/share_toolbar.js\"><\/script><!-- Hupso Share Buttons --><\/div>","protected":false},"author":1,"featured_media":0,"comment_status":"open","ping_status":"open","sticky":false,"template":"","format":"standard","meta":{"jetpack_post_was_ever_published":false,"_jetpack_newsletter_access":"","_jetpack_newsletter_tier_id":0,"jetpack_publicize_message":"","jetpack_is_tweetstorm":false,"jetpack_publicize_feature_enabled":true,"jetpack_social_post_already_shared":true,"jetpack_social_options":{"image_generator_settings":{"template":"highway","enabled":false}}},"categories":[1],"tags":[2302],"jetpack_publicize_connections":[],"jetpack_featured_media_url":"","jetpack_shortlink":"https:\/\/wp.me\/p3bBgS-2zq","jetpack_sharing_enabled":true,"jetpack_likes_enabled":true,"_links":{"self":[{"href":"http:\/\/delamanodemaria.com\/index.php?rest_route=\/wp\/v2\/posts\/9884"}],"collection":[{"href":"http:\/\/delamanodemaria.com\/index.php?rest_route=\/wp\/v2\/posts"}],"about":[{"href":"http:\/\/delamanodemaria.com\/index.php?rest_route=\/wp\/v2\/types\/post"}],"author":[{"embeddable":true,"href":"http:\/\/delamanodemaria.com\/index.php?rest_route=\/wp\/v2\/users\/1"}],"replies":[{"embeddable":true,"href":"http:\/\/delamanodemaria.com\/index.php?rest_route=%2Fwp%2Fv2%2Fcomments&post=9884"}],"version-history":[{"count":1,"href":"http:\/\/delamanodemaria.com\/index.php?rest_route=\/wp\/v2\/posts\/9884\/revisions"}],"predecessor-version":[{"id":9887,"href":"http:\/\/delamanodemaria.com\/index.php?rest_route=\/wp\/v2\/posts\/9884\/revisions\/9887"}],"wp:attachment":[{"href":"http:\/\/delamanodemaria.com\/index.php?rest_route=%2Fwp%2Fv2%2Fmedia&parent=9884"}],"wp:term":[{"taxonomy":"category","embeddable":true,"href":"http:\/\/delamanodemaria.com\/index.php?rest_route=%2Fwp%2Fv2%2Fcategories&post=9884"},{"taxonomy":"post_tag","embeddable":true,"href":"http:\/\/delamanodemaria.com\/index.php?rest_route=%2Fwp%2Fv2%2Ftags&post=9884"}],"curies":[{"name":"wp","href":"https:\/\/api.w.org\/{rel}","templated":true}]}}