{"id":9898,"date":"2018-05-03T08:00:51","date_gmt":"2018-05-03T12:00:51","guid":{"rendered":"http:\/\/delamanodemaria.com\/?p=9898"},"modified":"2018-05-03T08:00:51","modified_gmt":"2018-05-03T12:00:51","slug":"reflexion-para-la-fiesta-liturgica-de-los-apostoles-felipe-y-santiago-03-05-18","status":"publish","type":"post","link":"http:\/\/delamanodemaria.com\/?p=9898","title":{"rendered":"REFLEXI\u00d3N PARA LA FIESTA LIT\u00daRGICA DE LOS AP\u00d3STOLES FELIPE Y SANTIAGO 03-05-18"},"content":{"rendered":"<p><img decoding=\"async\" loading=\"lazy\" class=\"alignnone size-full wp-image-3483\" src=\"http:\/\/delamanodemaria.com\/wp-content\/uploads\/2014\/05\/SANTOS-FELIPE-Y-SANTIAGO.jpg\" alt=\"\" width=\"602\" height=\"433\" srcset=\"http:\/\/delamanodemaria.com\/wp-content\/uploads\/2014\/05\/SANTOS-FELIPE-Y-SANTIAGO.jpg 602w, http:\/\/delamanodemaria.com\/wp-content\/uploads\/2014\/05\/SANTOS-FELIPE-Y-SANTIAGO-300x215.jpg 300w, http:\/\/delamanodemaria.com\/wp-content\/uploads\/2014\/05\/SANTOS-FELIPE-Y-SANTIAGO-417x300.jpg 417w\" sizes=\"(max-width: 602px) 100vw, 602px\" \/><\/p>\n<p>Ya para hoy hemos comentado las lecturas correspondientes al jueves de la quinta semana de Pascua. Sin embargo, hoy la Iglesia celebra la Fiesta Lit\u00fargica de los Ap\u00f3stoles Felipe y Santiago. Aqu\u00ed nuestra reflexi\u00f3n para la Fiesta.<\/p>\n<p>Hoy celebramos la Fiesta lit\u00fargica de los santos Felipe y Santiago, ap\u00f3stoles. La lectura evang\u00e9lica que nos presenta la liturgia para hoy coincide con la que contempl\u00e1ramos el s\u00e1bado de la cuarta semana de Pascua (Jn 14,6-14), que ya hab\u00edamos comentado anteriormente. En este pasaje Jes\u00fas se presenta como el \u00fanico camino al Padre, por la identidad que existe entre ambos: \u201cYo soy el camino, y la verdad, y la vida. Nadie va al Padre, sino por m\u00ed. Si me conoc\u00e9is a m\u00ed, conocer\u00e9is tambi\u00e9n a mi Padre. Ahora ya lo conoc\u00e9is y lo hab\u00e9is visto\u201d. Les refiero a nuestra reflexi\u00f3n anterior, publicada en <a href=\"http:\/\/delamanodemaria.com\/?p=7053\">http:\/\/delamanodemaria.com\/?p=7053<\/a>.<\/p>\n<p>Como primera lectura para esta Fiesta, nos apartamos moment\u00e1neamente del libro de los Hechos de los Ap\u00f3stoles para visitar la primera carta del ap\u00f3stol san Pablo a los Corintios (15, 1-8). En este pasaje encontramos a Pablo reiterando la proclamaci\u00f3n de su fe pascual a los cristianos de la comunidad de Corinto: \u201cPorque lo primero que yo os transmit\u00ed, tal como lo hab\u00eda recibido, fue esto: que Cristo muri\u00f3 por nuestros pecados, seg\u00fan las Escrituras; que fue sepultado y que resucit\u00f3 al tercer d\u00eda, seg\u00fan las Escrituras; que se le apareci\u00f3 a Cefas y m\u00e1s tarde a los Doce; despu\u00e9s se apareci\u00f3 a m\u00e1s de quinientos hermanos juntos, la mayor\u00eda de los cuales viven todav\u00eda, otros han muerto; despu\u00e9s se le apareci\u00f3 a Santiago, despu\u00e9s a todos los ap\u00f3stoles; por \u00faltimo, se me apareci\u00f3 tambi\u00e9n a m\u00ed\u201d. Como parte de la proclamaci\u00f3n de fe pascual, Pablo nos presenta a Santiago y los dem\u00e1s ap\u00f3stoles (lo que incluir\u00eda a Felipe) como testigos de la Resurrecci\u00f3n.<\/p>\n<p>La comunidad de Corinto fue una de las que m\u00e1s dolores de cabeza le causaron a Pablo. Basta leer ambas cartas para ver la cantidad de problemas que enfrentaba esa joven comunidad, causados primordialmente por estar ubicada en un puerto mar\u00edtimo lleno de vicios, pecado (especialmente de \u00edndole sexual), idolatr\u00eda, etc. De ah\u00ed la insistencia de Pablo en reiterarles la tradici\u00f3n apost\u00f3lica que \u00e9l hab\u00eda recibido, \u00a0no sin antes recordarles que hay una sola fe y una sola doctrina: el Evangelio de Jesucristo. Les dice que no pueden apartarse de ese Evangelio, pues, \u201cde lo contrario, se ha malogrado vuestra adhesi\u00f3n a la fe\u201d. Ese es nuestro Camino de salvaci\u00f3n, el \u00fanico Camino que nos ha de conducir al Padre, como nos recuerda Jes\u00fas en la lectura evang\u00e9lica.<\/p>\n<p>Se trata de un Cristo que nos am\u00f3 \u201chasta el extremo\u201d, que muri\u00f3 por nuestros pecados. Por eso, si nos adherimos plenamente a \u00c9l (como tiene que ser, pues para Jes\u00fas no hay t\u00e9rminos medios; el seguimiento ha de ser radical), no solo anunciaremos lo que sabemos de \u00c9l que hemos recibido de las Escrituras y la santa Tradici\u00f3n, sino que daremos testimonio con nuestra propia vida, que se convertir\u00e1 en predicaci\u00f3n viviente de la Buena Noticia del amor salvador de Jes\u00fas para toda la humanidad.<\/p>\n<p>Se\u00f1or, hoy que celebramos la Fiesta de los ap\u00f3stoles Felipe y Santiago, conc\u00e9denos la gracia de convertirnos en testigos del Resucitado mediante nuestro testimonio de vida, para que todos le conozcan y, conoci\u00e9ndole crean en la Buena Noticia y le reconozcan como el \u00fanico Camino que conduce a Ti.<\/p>\n<div style=\"padding-bottom:20px; padding-top:10px;\" class=\"hupso-share-buttons\"><!-- Hupso Share Buttons - https:\/\/www.hupso.com\/share\/ --><a class=\"hupso_toolbar\" href=\"https:\/\/www.hupso.com\/share\/\"><img src=\"http:\/\/static.hupso.com\/share\/buttons\/lang\/es\/share-medium.png\" style=\"border:0px; padding-top: 5px; float:left;\" alt=\"Share Button\"\/><\/a><script type=\"text\/javascript\">var hupso_services_t=new Array(\"Twitter\",\"Facebook\",\"Google Plus\",\"Pinterest\",\"Linkedin\",\"Email\",\"Print\");var hupso_background_t=\"#EAF4FF\";var hupso_border_t=\"#66CCFF\";var hupso_toolbar_size_t=\"medium\";var hupso_image_folder_url = \"\";var hupso_twitter_via=\"hectorops\";var hupso_url_t=\"\";var hupso_title_t=\"REFLEXI%C3%93N%20PARA%20LA%20FIESTA%20LIT%C3%9ARGICA%20DE%20LOS%20AP%C3%93STOLES%20FELIPE%20Y%20SANTIAGO%2003-05-18\";<\/script><script type=\"text\/javascript\" src=\"http:\/\/static.hupso.com\/share\/js\/share_toolbar.js\"><\/script><!-- Hupso Share Buttons --><\/div>","protected":false},"excerpt":{"rendered":"<p>Ya para hoy hemos comentado las lecturas correspondientes al jueves de la quinta semana de Pascua. Sin embargo, hoy la Iglesia celebra la Fiesta Lit\u00fargica de los Ap\u00f3stoles Felipe y Santiago. Aqu\u00ed nuestra reflexi\u00f3n para la Fiesta. Hoy celebramos la &hellip; <a href=\"http:\/\/delamanodemaria.com\/?p=9898\">Continue reading <span class=\"meta-nav\">&rarr;<\/span><\/a><\/p>\n<div style=\"padding-bottom:20px; padding-top:10px;\" class=\"hupso-share-buttons\"><!-- Hupso Share Buttons - https:\/\/www.hupso.com\/share\/ --><a class=\"hupso_toolbar\" href=\"https:\/\/www.hupso.com\/share\/\"><img src=\"http:\/\/static.hupso.com\/share\/buttons\/lang\/es\/share-medium.png\" style=\"border:0px; padding-top: 5px; float:left;\" alt=\"Share Button\"\/><\/a><script type=\"text\/javascript\">var hupso_services_t=new Array(\"Twitter\",\"Facebook\",\"Google Plus\",\"Pinterest\",\"Linkedin\",\"Email\",\"Print\");var hupso_background_t=\"#EAF4FF\";var hupso_border_t=\"#66CCFF\";var hupso_toolbar_size_t=\"medium\";var hupso_image_folder_url = \"\";var hupso_twitter_via=\"hectorops\";var hupso_url_t=\"\";var hupso_title_t=\"REFLEXI%C3%93N%20PARA%20LA%20FIESTA%20LIT%C3%9ARGICA%20DE%20LOS%20AP%C3%93STOLES%20FELIPE%20Y%20SANTIAGO%2003-05-18\";<\/script><script type=\"text\/javascript\" src=\"http:\/\/static.hupso.com\/share\/js\/share_toolbar.js\"><\/script><!-- Hupso Share Buttons --><\/div>","protected":false},"author":1,"featured_media":0,"comment_status":"open","ping_status":"open","sticky":false,"template":"","format":"standard","meta":{"jetpack_post_was_ever_published":false,"_jetpack_newsletter_access":"","_jetpack_newsletter_tier_id":0,"jetpack_publicize_message":"","jetpack_is_tweetstorm":false,"jetpack_publicize_feature_enabled":true,"jetpack_social_post_already_shared":true,"jetpack_social_options":{"image_generator_settings":{"template":"highway","enabled":false}}},"categories":[1],"tags":[30,89,105,537,1925,2308,517,1946,2,519,54,418,2075,120,750,36,98,536],"jetpack_publicize_connections":[],"jetpack_featured_media_url":"","jetpack_shortlink":"https:\/\/wp.me\/p3bBgS-2zE","jetpack_sharing_enabled":true,"jetpack_likes_enabled":true,"_links":{"self":[{"href":"http:\/\/delamanodemaria.com\/index.php?rest_route=\/wp\/v2\/posts\/9898"}],"collection":[{"href":"http:\/\/delamanodemaria.com\/index.php?rest_route=\/wp\/v2\/posts"}],"about":[{"href":"http:\/\/delamanodemaria.com\/index.php?rest_route=\/wp\/v2\/types\/post"}],"author":[{"embeddable":true,"href":"http:\/\/delamanodemaria.com\/index.php?rest_route=\/wp\/v2\/users\/1"}],"replies":[{"embeddable":true,"href":"http:\/\/delamanodemaria.com\/index.php?rest_route=%2Fwp%2Fv2%2Fcomments&post=9898"}],"version-history":[{"count":1,"href":"http:\/\/delamanodemaria.com\/index.php?rest_route=\/wp\/v2\/posts\/9898\/revisions"}],"predecessor-version":[{"id":9899,"href":"http:\/\/delamanodemaria.com\/index.php?rest_route=\/wp\/v2\/posts\/9898\/revisions\/9899"}],"wp:attachment":[{"href":"http:\/\/delamanodemaria.com\/index.php?rest_route=%2Fwp%2Fv2%2Fmedia&parent=9898"}],"wp:term":[{"taxonomy":"category","embeddable":true,"href":"http:\/\/delamanodemaria.com\/index.php?rest_route=%2Fwp%2Fv2%2Fcategories&post=9898"},{"taxonomy":"post_tag","embeddable":true,"href":"http:\/\/delamanodemaria.com\/index.php?rest_route=%2Fwp%2Fv2%2Ftags&post=9898"}],"curies":[{"name":"wp","href":"https:\/\/api.w.org\/{rel}","templated":true}]}}