{"id":9937,"date":"2018-05-13T20:18:00","date_gmt":"2018-05-14T00:18:00","guid":{"rendered":"http:\/\/delamanodemaria.com\/?p=9937"},"modified":"2018-05-13T20:22:54","modified_gmt":"2018-05-14T00:22:54","slug":"reflexion-para-la-fiesta-de-san-matias-apostol-14-05-18","status":"publish","type":"post","link":"http:\/\/delamanodemaria.com\/?p=9937","title":{"rendered":"REFLEXI\u00d3N PARA LA FIESTA DE SAN MAT\u00cdAS, AP\u00d3STOL 14-05-18"},"content":{"rendered":"<p><img decoding=\"async\" loading=\"lazy\" class=\"alignnone size-full wp-image-3544\" src=\"http:\/\/delamanodemaria.com\/wp-content\/uploads\/2014\/05\/San-Matias-2.jpg\" alt=\"\" width=\"575\" height=\"728\" srcset=\"http:\/\/delamanodemaria.com\/wp-content\/uploads\/2014\/05\/San-Matias-2.jpg 575w, http:\/\/delamanodemaria.com\/wp-content\/uploads\/2014\/05\/San-Matias-2-236x300.jpg 236w\" sizes=\"(max-width: 575px) 100vw, 575px\" \/><\/p>\n<p>La liturgia de hoy, Fiesta de San Mat\u00edas, ap\u00f3stol, nos presenta como lectura evang\u00e9lica la misma que le\u00edmos el <a href=\"http:\/\/delamanodemaria.com\/?p=9909\" target=\"_blank\" rel=\"noopener\">pasado domingo sexto de Pascua<\/a> (Jn 15,9-17), el pasaje en el que Jes\u00fas nos insta a permanecer en su amor, reiterando que \u00c9l es quien nos ha elegido (la fe es un don, un regalo). De paso a\u00f1ade que todo lo que pidamos al Padre en su nombre, el Padre nos lo dar\u00e1.<\/p>\n<p>Y esta relaci\u00f3n entre elecci\u00f3n y petici\u00f3n (oraci\u00f3n) al Padre la vemos recogida en la primera lectura (Hc 1,15-17.20-26), que nos narra la elecci\u00f3n de Mat\u00edas para ocupar el lugar de Judas. As\u00ed, de la misma manera que Jes\u00fas se retir\u00f3 a orar antes de elegir a los doce (Lc 6,12), ahora los ap\u00f3stoles, a instancias de Pedro, oran al Padre pidiendo discernimiento para elegir al que habr\u00eda de suceder a Judas. En <a href=\"http:\/\/delamanodemaria.com\/?p=1021\" target=\"_blank\" rel=\"noopener\">nuestra reflexi\u00f3n para esta fiesta el a\u00f1o 2013<\/a> se\u00f1alamos que, tal como les hab\u00eda prometido Jes\u00fas, el Padre derram\u00f3 el Esp\u00edritu sobre ellos y les dio el discernimiento para elegir a Mat\u00edas.<\/p>\n<p>Jes\u00fas nos mostr\u00f3 el camino y nos insta a seguirle. Por ello, antes de tomar cualquier decisi\u00f3n importante pidamos al Padre en nombre de Jes\u00fas que derrame su Santo Esp\u00edritu sobre nosotros.<\/p>\n<p>En ocasiones anteriores hemos dicho que el Esp\u00edritu Santo no es otra cosa que el amor infinito que se profesan entre s\u00ed el Padre y el Hijo, que se derrama sobre nosotros. De ah\u00ed la insistencia de Jes\u00fas a lo largo de este pasaje, en repetir una y otra vez que permanezcamos en Su amor, y que nos amemos como \u00c9l nos ha amado. Y por si no lo hab\u00edamos entendido, termina dici\u00e9ndonos de manera tan inequ\u00edvoca como hermosa: \u201cEsto os mando: que os am\u00e9is unos a otros\u201d. Las mismas palabras que pronunciar\u00e1 al despedirse de sus ap\u00f3stoles durante la \u00faltima cena (Jn 13,34).<\/p>\n<p>Pero no se trata de un amor fraterno cualquiera. \u00c9l mismo nos da la medida. Primero nos dice que \u00c9l nos ama como el Padre lo ama a \u00c9l (\u00bfqu\u00e9 amor m\u00e1s grande puede existir?), para luego pedirnos que nos amemos como \u00c9l nos ama a nosotros, con el amor de quien es capaz de dar la vida por sus amigos (Jn 15,13); de quien es capaz de amarnos con todos nuestros defectos, con todas nuestras miserias, a pesar de nuestras afrentas.<\/p>\n<p>\u00bfDif\u00edcil? S\u00ed. \u00bfImposible? No. Si dependemos exclusivamente de nuestra capacidad humana tal vez nunca lo logremos. Pero para el que ha tenido un encuentro personal con el Resucitado y se ha dejado arropar por el Amor infinito e incondicional de Dios, nada es imposible.<\/p>\n<p>Como nos dice Piet van Breemen: \u201cCristo no vivi\u00f3 m\u00e1s que para eso: para convencernos de la verdad de que somos amados por Dios y de que ese amor es de fiar, hagamos lo que hagamos\u201d. Pablo por su parte nos recuerda que solo cuando llegamos a ese conocimiento podemos llegar a nuestra \u201cplenitud, seg\u00fan la plenitud total de Dios\u201d.<\/p>\n<p>\u201cVen, Esp\u00edritu Santo, llena los corazones de tus fieles, y enciende en ellos el fuego de tu amor. Env\u00eda tu Esp\u00edritu Creador y renueva la faz de la tierra\u201d. Am\u00e9n.<\/p>\n<div style=\"padding-bottom:20px; padding-top:10px;\" class=\"hupso-share-buttons\"><!-- Hupso Share Buttons - https:\/\/www.hupso.com\/share\/ --><a class=\"hupso_toolbar\" href=\"https:\/\/www.hupso.com\/share\/\"><img src=\"http:\/\/static.hupso.com\/share\/buttons\/lang\/es\/share-medium.png\" style=\"border:0px; padding-top: 5px; float:left;\" alt=\"Share Button\"\/><\/a><script type=\"text\/javascript\">var hupso_services_t=new Array(\"Twitter\",\"Facebook\",\"Google Plus\",\"Pinterest\",\"Linkedin\",\"Email\",\"Print\");var hupso_background_t=\"#EAF4FF\";var hupso_border_t=\"#66CCFF\";var hupso_toolbar_size_t=\"medium\";var hupso_image_folder_url = \"\";var hupso_twitter_via=\"hectorops\";var hupso_url_t=\"\";var hupso_title_t=\"REFLEXI%C3%93N%20PARA%20LA%20FIESTA%20DE%20SAN%20MAT%C3%8DAS%2C%20AP%C3%93STOL%2014-05-18\";<\/script><script type=\"text\/javascript\" src=\"http:\/\/static.hupso.com\/share\/js\/share_toolbar.js\"><\/script><!-- Hupso Share Buttons --><\/div>","protected":false},"excerpt":{"rendered":"<p>La liturgia de hoy, Fiesta de San Mat\u00edas, ap\u00f3stol, nos presenta como lectura evang\u00e9lica la misma que le\u00edmos el pasado domingo sexto de Pascua (Jn 15,9-17), el pasaje en el que Jes\u00fas nos insta a permanecer en su amor, reiterando &hellip; <a href=\"http:\/\/delamanodemaria.com\/?p=9937\">Continue reading <span class=\"meta-nav\">&rarr;<\/span><\/a><\/p>\n<div style=\"padding-bottom:20px; padding-top:10px;\" class=\"hupso-share-buttons\"><!-- Hupso Share Buttons - https:\/\/www.hupso.com\/share\/ --><a class=\"hupso_toolbar\" href=\"https:\/\/www.hupso.com\/share\/\"><img src=\"http:\/\/static.hupso.com\/share\/buttons\/lang\/es\/share-medium.png\" style=\"border:0px; padding-top: 5px; float:left;\" alt=\"Share Button\"\/><\/a><script type=\"text\/javascript\">var hupso_services_t=new Array(\"Twitter\",\"Facebook\",\"Google Plus\",\"Pinterest\",\"Linkedin\",\"Email\",\"Print\");var hupso_background_t=\"#EAF4FF\";var hupso_border_t=\"#66CCFF\";var hupso_toolbar_size_t=\"medium\";var hupso_image_folder_url = \"\";var hupso_twitter_via=\"hectorops\";var hupso_url_t=\"\";var hupso_title_t=\"REFLEXI%C3%93N%20PARA%20LA%20FIESTA%20DE%20SAN%20MAT%C3%8DAS%2C%20AP%C3%93STOL%2014-05-18\";<\/script><script type=\"text\/javascript\" src=\"http:\/\/static.hupso.com\/share\/js\/share_toolbar.js\"><\/script><!-- Hupso Share Buttons --><\/div>","protected":false},"author":1,"featured_media":0,"comment_status":"open","ping_status":"open","sticky":false,"template":"","format":"standard","meta":{"jetpack_post_was_ever_published":false,"_jetpack_newsletter_access":"","_jetpack_newsletter_tier_id":0,"jetpack_publicize_message":"","jetpack_is_tweetstorm":false,"jetpack_publicize_feature_enabled":true,"jetpack_social_post_already_shared":true,"jetpack_social_options":{"image_generator_settings":{"template":"highway","enabled":false}}},"categories":[1],"tags":[2002,534,2020,364,2323,29,1007,610,42,1317,1588,2,533,144,36],"jetpack_publicize_connections":[],"jetpack_featured_media_url":"","jetpack_shortlink":"https:\/\/wp.me\/p3bBgS-2Ah","jetpack_sharing_enabled":true,"jetpack_likes_enabled":true,"_links":{"self":[{"href":"http:\/\/delamanodemaria.com\/index.php?rest_route=\/wp\/v2\/posts\/9937"}],"collection":[{"href":"http:\/\/delamanodemaria.com\/index.php?rest_route=\/wp\/v2\/posts"}],"about":[{"href":"http:\/\/delamanodemaria.com\/index.php?rest_route=\/wp\/v2\/types\/post"}],"author":[{"embeddable":true,"href":"http:\/\/delamanodemaria.com\/index.php?rest_route=\/wp\/v2\/users\/1"}],"replies":[{"embeddable":true,"href":"http:\/\/delamanodemaria.com\/index.php?rest_route=%2Fwp%2Fv2%2Fcomments&post=9937"}],"version-history":[{"count":2,"href":"http:\/\/delamanodemaria.com\/index.php?rest_route=\/wp\/v2\/posts\/9937\/revisions"}],"predecessor-version":[{"id":9939,"href":"http:\/\/delamanodemaria.com\/index.php?rest_route=\/wp\/v2\/posts\/9937\/revisions\/9939"}],"wp:attachment":[{"href":"http:\/\/delamanodemaria.com\/index.php?rest_route=%2Fwp%2Fv2%2Fmedia&parent=9937"}],"wp:term":[{"taxonomy":"category","embeddable":true,"href":"http:\/\/delamanodemaria.com\/index.php?rest_route=%2Fwp%2Fv2%2Fcategories&post=9937"},{"taxonomy":"post_tag","embeddable":true,"href":"http:\/\/delamanodemaria.com\/index.php?rest_route=%2Fwp%2Fv2%2Ftags&post=9937"}],"curies":[{"name":"wp","href":"https:\/\/api.w.org\/{rel}","templated":true}]}}