{"id":9947,"date":"2018-05-15T19:21:49","date_gmt":"2018-05-15T23:21:49","guid":{"rendered":"http:\/\/delamanodemaria.com\/?p=9947"},"modified":"2018-05-15T19:21:49","modified_gmt":"2018-05-15T23:21:49","slug":"reflexion-para-el-miercoles-de-la-septima-semana-de-pascua-16-05-18","status":"publish","type":"post","link":"http:\/\/delamanodemaria.com\/?p=9947","title":{"rendered":"REFLEXI\u00d3N PARA EL MI\u00c9RCOLES DE LA S\u00c9PTIMA SEMANA DE PASCUA 16-05-18"},"content":{"rendered":"<div id=\"attachment_7177\" style=\"width: 788px\" class=\"wp-caption alignnone\"><img aria-describedby=\"caption-attachment-7177\" decoding=\"async\" loading=\"lazy\" class=\"size-full wp-image-7177\" src=\"http:\/\/delamanodemaria.com\/wp-content\/uploads\/2016\/05\/\u00c9feso.jpg\" alt=\"\" width=\"778\" height=\"519\" srcset=\"http:\/\/delamanodemaria.com\/wp-content\/uploads\/2016\/05\/\u00c9feso.jpg 778w, http:\/\/delamanodemaria.com\/wp-content\/uploads\/2016\/05\/\u00c9feso-300x200.jpg 300w, http:\/\/delamanodemaria.com\/wp-content\/uploads\/2016\/05\/\u00c9feso-768x512.jpg 768w, http:\/\/delamanodemaria.com\/wp-content\/uploads\/2016\/05\/\u00c9feso-450x300.jpg 450w\" sizes=\"(max-width: 778px) 100vw, 778px\" \/><p id=\"caption-attachment-7177\" class=\"wp-caption-text\">Calle principal de la ciudad de \u00c9feso, por donde san Pablo seguramente camin\u00f3 muchas veces durante el a\u00f1o y medio que permaneci\u00f3 all\u00ed.<\/p><\/div>\n<p>La lectura del evangelio que nos propone la liturgia de hoy (Jn 17,11-29), es la continuaci\u00f3n de la llamada \u201coraci\u00f3n\u201d sacerdotal de Jes\u00fas, que ocupa todo el cap\u00edtulo 17 del evangelio seg\u00fan san Juan. En el evangelio de ayer Jes\u00fas le encomendaba sus ap\u00f3stoles al Padre: \u201cTe ruego por ellos; no ruego por el mundo, sino por \u00e9stos que t\u00fa me diste, y son tuyos. S\u00ed, todo lo m\u00edo es tuyo, y lo tuyo m\u00edo; y en ellos he sido glorificado. Ya no voy a estar en el mundo, pero ellos est\u00e1n en el mundo, mientras yo voy a ti\u201d.<\/p>\n<p>Los ap\u00f3stoles se encuentran en una situaci\u00f3n dif\u00edcil; Jes\u00fas los llam\u00f3 y ahora se regresa al Padre. Se sienten como hu\u00e9rfanos, asustados. Jes\u00fas los ha instruido acerca de su misi\u00f3n, les ha revelado todo lo que el Padre le encomend\u00f3, les ha advertido de las luchas y persecuciones que han de enfrentar en el mundo. Pero Jes\u00fas les asegura que \u00c9l se va, mas no los deja abandonados a su suerte, les ha prometido enviar el Par\u00e1clito que va a continuar su obra por lo siglos de los siglos.<\/p>\n<p>Por otro lado, antes de irse les recuerda que al haber sido escogidos por \u00c9l, al igual que \u00c9l \u201cno son del mundo\u201d, pero van a estar \u201cen el mundo\u201d, en el que tienen que permanecer unidos, como \u00c9l y el Padre son uno. Por eso le pide al Padre por ellos, no para que los retire del mundo, sino para que los mantenga unidos y los guarde del mal, de las fuerzas del maligno que va a estar al acecho constantemente en su misi\u00f3n.<\/p>\n<p>Lo mismo vemos en la primera lectura (Hc 20,28-38) cuando Pablo termina su despedida de los presb\u00edteros de la Iglesia de \u00c9feso. \u00c9l tiene que marcharse y ya no lo volver\u00e1n a ver. Ellos lloran su partida, se sienten tristes, como los ap\u00f3stoles cuando Jes\u00fas se despidi\u00f3 de ellos. Al igual que Jes\u00fas, Pablo les encomienda continuar su misi\u00f3n cuidando del \u201creba\u00f1o\u201d, les advierte de los peligros, de los \u201clobos\u201d feroces que se van a meter entre ellos, y se los encomienda al Padre.<\/p>\n<p>El Concilio Vaticano II ha dejado meridianamente claro que la misi\u00f3n evangelizadora que Jes\u00fas encomend\u00f3 a los ap\u00f3stoles es la que todos, sacerdotes, religiosos y religiosas, y laicos estamos llamados a continuar. Y como lo hizo por los ap\u00f3stoles, Jes\u00fas nos env\u00eda y nos presenta ante el Padre, intercede por nosotros; nos \u201cescoge\u201d, nos instruye, pertenecemos a \u00c9l, y aunque al igual que \u00c9l no \u201cpertenecemos al mundo\u201d estamos llamados a llevar a cabo nuestra misi\u00f3n \u201cen el mundo\u201d. Somos sus misioneros para lograr la transformaci\u00f3n este mundo tan convulsionado que nos ha tocado vivir. Si nos consagramos en la verdad, es decir si hacemos la voluntad del Padre, como lo hizo Jes\u00fas, tendremos una morada asegurada en la Casa del Padre, tal y como \u00c9l nos prometi\u00f3 (Jn 14,2).<\/p>\n<p>Hermanos, estamos a unos d\u00edas de Pentecost\u00e9s. Oremos al Esp\u00edritu Par\u00e1clito, para que nos gu\u00ede en la misi\u00f3n que Jes\u00fas nos encomend\u00f3.<\/p>\n<div style=\"padding-bottom:20px; padding-top:10px;\" class=\"hupso-share-buttons\"><!-- Hupso Share Buttons - https:\/\/www.hupso.com\/share\/ --><a class=\"hupso_toolbar\" href=\"https:\/\/www.hupso.com\/share\/\"><img src=\"http:\/\/static.hupso.com\/share\/buttons\/lang\/es\/share-medium.png\" style=\"border:0px; padding-top: 5px; float:left;\" alt=\"Share Button\"\/><\/a><script type=\"text\/javascript\">var hupso_services_t=new Array(\"Twitter\",\"Facebook\",\"Google Plus\",\"Pinterest\",\"Linkedin\",\"Email\",\"Print\");var hupso_background_t=\"#EAF4FF\";var hupso_border_t=\"#66CCFF\";var hupso_toolbar_size_t=\"medium\";var hupso_image_folder_url = \"\";var hupso_twitter_via=\"hectorops\";var hupso_url_t=\"\";var hupso_title_t=\"REFLEXI%C3%93N%20PARA%20EL%20MI%C3%89RCOLES%20DE%20LA%20S%C3%89PTIMA%20SEMANA%20DE%20PASCUA%2016-05-18\";<\/script><script type=\"text\/javascript\" src=\"http:\/\/static.hupso.com\/share\/js\/share_toolbar.js\"><\/script><!-- Hupso Share Buttons --><\/div>","protected":false},"excerpt":{"rendered":"<p>La lectura del evangelio que nos propone la liturgia de hoy (Jn 17,11-29), es la continuaci\u00f3n de la llamada \u201coraci\u00f3n\u201d sacerdotal de Jes\u00fas, que ocupa todo el cap\u00edtulo 17 del evangelio seg\u00fan san Juan. En el evangelio de ayer Jes\u00fas &hellip; <a href=\"http:\/\/delamanodemaria.com\/?p=9947\">Continue reading <span class=\"meta-nav\">&rarr;<\/span><\/a><\/p>\n<div style=\"padding-bottom:20px; padding-top:10px;\" class=\"hupso-share-buttons\"><!-- Hupso Share Buttons - https:\/\/www.hupso.com\/share\/ --><a class=\"hupso_toolbar\" href=\"https:\/\/www.hupso.com\/share\/\"><img src=\"http:\/\/static.hupso.com\/share\/buttons\/lang\/es\/share-medium.png\" style=\"border:0px; padding-top: 5px; float:left;\" alt=\"Share Button\"\/><\/a><script type=\"text\/javascript\">var hupso_services_t=new Array(\"Twitter\",\"Facebook\",\"Google Plus\",\"Pinterest\",\"Linkedin\",\"Email\",\"Print\");var hupso_background_t=\"#EAF4FF\";var hupso_border_t=\"#66CCFF\";var hupso_toolbar_size_t=\"medium\";var hupso_image_folder_url = \"\";var hupso_twitter_via=\"hectorops\";var hupso_url_t=\"\";var hupso_title_t=\"REFLEXI%C3%93N%20PARA%20EL%20MI%C3%89RCOLES%20DE%20LA%20S%C3%89PTIMA%20SEMANA%20DE%20PASCUA%2016-05-18\";<\/script><script type=\"text\/javascript\" src=\"http:\/\/static.hupso.com\/share\/js\/share_toolbar.js\"><\/script><!-- Hupso Share Buttons --><\/div>","protected":false},"author":1,"featured_media":0,"comment_status":"open","ping_status":"open","sticky":false,"template":"","format":"standard","meta":{"jetpack_post_was_ever_published":false,"_jetpack_newsletter_access":"","_jetpack_newsletter_tier_id":0,"jetpack_publicize_message":"","jetpack_is_tweetstorm":false,"jetpack_publicize_feature_enabled":true,"jetpack_social_post_already_shared":true,"jetpack_social_options":{"image_generator_settings":{"template":"highway","enabled":false}}},"categories":[1],"tags":[89,211,1310,905,29,215,2327,906,111,152,42,71,158,910,2,568,677],"jetpack_publicize_connections":[],"jetpack_featured_media_url":"","jetpack_shortlink":"https:\/\/wp.me\/p3bBgS-2Ar","jetpack_sharing_enabled":true,"jetpack_likes_enabled":true,"_links":{"self":[{"href":"http:\/\/delamanodemaria.com\/index.php?rest_route=\/wp\/v2\/posts\/9947"}],"collection":[{"href":"http:\/\/delamanodemaria.com\/index.php?rest_route=\/wp\/v2\/posts"}],"about":[{"href":"http:\/\/delamanodemaria.com\/index.php?rest_route=\/wp\/v2\/types\/post"}],"author":[{"embeddable":true,"href":"http:\/\/delamanodemaria.com\/index.php?rest_route=\/wp\/v2\/users\/1"}],"replies":[{"embeddable":true,"href":"http:\/\/delamanodemaria.com\/index.php?rest_route=%2Fwp%2Fv2%2Fcomments&post=9947"}],"version-history":[{"count":3,"href":"http:\/\/delamanodemaria.com\/index.php?rest_route=\/wp\/v2\/posts\/9947\/revisions"}],"predecessor-version":[{"id":9951,"href":"http:\/\/delamanodemaria.com\/index.php?rest_route=\/wp\/v2\/posts\/9947\/revisions\/9951"}],"wp:attachment":[{"href":"http:\/\/delamanodemaria.com\/index.php?rest_route=%2Fwp%2Fv2%2Fmedia&parent=9947"}],"wp:term":[{"taxonomy":"category","embeddable":true,"href":"http:\/\/delamanodemaria.com\/index.php?rest_route=%2Fwp%2Fv2%2Fcategories&post=9947"},{"taxonomy":"post_tag","embeddable":true,"href":"http:\/\/delamanodemaria.com\/index.php?rest_route=%2Fwp%2Fv2%2Ftags&post=9947"}],"curies":[{"name":"wp","href":"https:\/\/api.w.org\/{rel}","templated":true}]}}