{"id":996,"date":"2013-05-10T15:29:27","date_gmt":"2013-05-10T19:29:27","guid":{"rendered":"http:\/\/delamanodemaria.com\/?p=996"},"modified":"2013-05-10T16:29:55","modified_gmt":"2013-05-10T20:29:55","slug":"el-papa-francisco-dice-que-hay-cristianos-que-tienen-la-cara-avinagrada","status":"publish","type":"post","link":"http:\/\/delamanodemaria.com\/?p=996","title":{"rendered":"El papa Francisco dice que hay cristianos que tienen la cara avinagrada"},"content":{"rendered":"<p style=\"text-align: center;\"><a href=\"http:\/\/delamanodemaria.com\/wp-content\/uploads\/2013\/05\/papa-Francisco_AP.jpg\"><img decoding=\"async\" loading=\"lazy\" class=\"alignnone size-full wp-image-997\" alt=\"papa-Francisco_AP\" src=\"http:\/\/delamanodemaria.com\/wp-content\/uploads\/2013\/05\/papa-Francisco_AP.jpg\" width=\"460\" height=\"257\" srcset=\"http:\/\/delamanodemaria.com\/wp-content\/uploads\/2013\/05\/papa-Francisco_AP.jpg 460w, http:\/\/delamanodemaria.com\/wp-content\/uploads\/2013\/05\/papa-Francisco_AP-300x167.jpg 300w\" sizes=\"(max-width: 460px) 100vw, 460px\" \/><\/a><\/p>\n<p><span style=\"font-size: large;\">EFE <small>10 de mayo 2013 &#8211; 12:53 pm<\/small><\/span><\/p>\n<p><!-- MCE BODY CONTENT --><\/p>\n<div>\n<p><span style=\"font-size: large;\">El papa Francisco dijo hoy que el cristiano tiene que ser un\u00a0hombre gozoso, porque sabe que Jes\u00fas est\u00e1 con \u00e9l, pero que hay muchos\u00a0 cristianos melanc\u00f3licos &#8220;que tienen m\u00e1s cara avinagrada que la gozosa de\u00a0los que tienen una vida bella&#8221;. <\/span><\/p>\n<p><span style=\"font-size: large;\">El pont\u00edfice hizo estas\u00a0manifestaciones en la misa que celebr\u00f3 en la capilla de la residencia de\u00a0Santa Marta, donde se aloja, en cuya homil\u00eda afirm\u00f3 que el gozo del\u00a0cristiano no es la alegr\u00eda que proviene de un momento, sino un don del\u00a0Se\u00f1or que llena el interior.<\/span><\/p>\n<p><span style=\"font-size: large;\">Francisco agreg\u00f3 que el gozo es\u00a0m\u00e1s profundo que la alegr\u00eda, ya que \u00e9sta, &#8220;si queremos vivirla en todo\u00a0momento, al final se transforma en ligereza, superficialidad, y tambi\u00e9n\u00a0nos conduce a aquel estado de falta de sabidur\u00eda cristiana, nos hace un\u00a0poco tontos, ingenuos&#8221;.<\/span><\/p>\n<p><span style=\"font-size: large;\">El gozo, precis\u00f3 el obispo de Roma, es\u00a0como &#8220;una unci\u00f3n del Esp\u00edritu y se encuentra en la seguridad de que\u00a0Jes\u00fas est\u00e1 con nosotros y con el Padre&#8221;.<\/span><\/p>\n<p><span style=\"font-size: large;\">El papa Bergoglio se\u00a0 pregunt\u00f3 si el gozo se puede &#8220;embotellar, para tenerlo siempre con\u00a0 nosotros&#8221;, y dijo que no, &#8220;ya que si queremos tenerlo solo para nosotros\u00a0al final se enferma y nuestro coraz\u00f3n se encoge un poco, y nuestra cara\u00a0no transmite aquel gran gozo sino aquella nostalgia, aquella melancol\u00eda\u00a0que no es sana&#8221;.<\/span><\/p>\n<p><span style=\"font-size: large;\">&#8220;Algunas veces estos cristianos melanc\u00f3licos\u00a0tienen m\u00e1s cara avinagrada (peperoncini all&#8217;aceto, guindillas en\u00a0vinagre, seg\u00fan sus palabras) que la gozosa de los que tienen una vida\u00a0bella. El gozo no puede estancarse: debe avanzar&#8221;, asegur\u00f3.<\/span><\/p>\n<p><span style=\"font-size: large;\">El pont\u00edfice a\u00f1adi\u00f3 que el gozo es una virtud peregrina, que camina con Jes\u00fas y supone predicar y anunciarlo.<\/span><\/p>\n<p><span style=\"font-size: large;\">&#8220;Es propiamente una virtud de los grandes, de aquellos grandes que\u00a0 est\u00e1n por encima de las mezquindades, que est\u00e1n por encima de las\u00a0 peque\u00f1eces humanas, que no se dejan involucrar en aquellas peque\u00f1as\u00a0cosas internas de la comunidad, de la Iglesia: miran siempre al horizonte&#8221;, subray\u00f3.<\/span><\/p>\n<p><span style=\"font-size: large;\">Desde que fue elegido papa, el argentino\u00a0Jorge Mario Bergoglio oficia todos los d\u00edas misa en la capilla de la\u00a0residencia de Santa Marta, a la que asiste el personal que presta\u00a0servicio en el Vaticano, as\u00ed como cardenales, obispos y religiosos.<\/span><\/p>\n<p><span style=\"font-size: large;\">A la misa de hoy asistieron el arzobispo de M\u00e9rida (Venezuela),\u00a0 Baltazar Enrique Porras, el abad primado de los benedictinos, Notker\u00a0 Wolf, y empleados de Radio Vaticano.<\/span><\/p>\n<\/div>\n<div style=\"padding-bottom:20px; padding-top:10px;\" class=\"hupso-share-buttons\"><!-- Hupso Share Buttons - https:\/\/www.hupso.com\/share\/ --><a class=\"hupso_toolbar\" href=\"https:\/\/www.hupso.com\/share\/\"><img src=\"http:\/\/static.hupso.com\/share\/buttons\/lang\/es\/share-medium.png\" style=\"border:0px; padding-top: 5px; float:left;\" alt=\"Share Button\"\/><\/a><script type=\"text\/javascript\">var hupso_services_t=new Array(\"Twitter\",\"Facebook\",\"Google Plus\",\"Pinterest\",\"Linkedin\",\"Email\",\"Print\");var hupso_background_t=\"#EAF4FF\";var hupso_border_t=\"#66CCFF\";var hupso_toolbar_size_t=\"medium\";var hupso_image_folder_url = \"\";var hupso_twitter_via=\"hectorops\";var hupso_url_t=\"\";var hupso_title_t=\"El%20papa%20Francisco%20dice%20que%20hay%20cristianos%20que%20tienen%20la%20cara%20avinagrada\";<\/script><script type=\"text\/javascript\" src=\"http:\/\/static.hupso.com\/share\/js\/share_toolbar.js\"><\/script><!-- Hupso Share Buttons --><\/div>","protected":false},"excerpt":{"rendered":"<p>EFE 10 de mayo 2013 &#8211; 12:53 pm El papa Francisco dijo hoy que el cristiano tiene que ser un\u00a0hombre gozoso, porque sabe que Jes\u00fas est\u00e1 con \u00e9l, pero que hay muchos\u00a0 cristianos melanc\u00f3licos &#8220;que tienen m\u00e1s cara avinagrada que &hellip; <a href=\"http:\/\/delamanodemaria.com\/?p=996\">Continue reading <span class=\"meta-nav\">&rarr;<\/span><\/a><\/p>\n<div style=\"padding-bottom:20px; padding-top:10px;\" class=\"hupso-share-buttons\"><!-- Hupso Share Buttons - https:\/\/www.hupso.com\/share\/ --><a class=\"hupso_toolbar\" href=\"https:\/\/www.hupso.com\/share\/\"><img src=\"http:\/\/static.hupso.com\/share\/buttons\/lang\/es\/share-medium.png\" style=\"border:0px; padding-top: 5px; float:left;\" alt=\"Share Button\"\/><\/a><script type=\"text\/javascript\">var hupso_services_t=new Array(\"Twitter\",\"Facebook\",\"Google Plus\",\"Pinterest\",\"Linkedin\",\"Email\",\"Print\");var hupso_background_t=\"#EAF4FF\";var hupso_border_t=\"#66CCFF\";var hupso_toolbar_size_t=\"medium\";var hupso_image_folder_url = \"\";var hupso_twitter_via=\"hectorops\";var hupso_url_t=\"\";var hupso_title_t=\"El%20papa%20Francisco%20dice%20que%20hay%20cristianos%20que%20tienen%20la%20cara%20avinagrada\";<\/script><script type=\"text\/javascript\" src=\"http:\/\/static.hupso.com\/share\/js\/share_toolbar.js\"><\/script><!-- Hupso Share Buttons --><\/div>","protected":false},"author":1,"featured_media":0,"comment_status":"open","ping_status":"open","sticky":false,"template":"","format":"standard","meta":{"jetpack_post_was_ever_published":false,"_jetpack_newsletter_access":"","_jetpack_newsletter_tier_id":0,"jetpack_publicize_message":"","jetpack_is_tweetstorm":false,"jetpack_publicize_feature_enabled":true,"jetpack_social_post_already_shared":true,"jetpack_social_options":{"image_generator_settings":{"template":"highway","enabled":false}}},"categories":[1],"tags":[35,6,11,20],"jetpack_publicize_connections":[],"jetpack_featured_media_url":"","jetpack_shortlink":"https:\/\/wp.me\/p3bBgS-g4","jetpack_sharing_enabled":true,"jetpack_likes_enabled":true,"_links":{"self":[{"href":"http:\/\/delamanodemaria.com\/index.php?rest_route=\/wp\/v2\/posts\/996"}],"collection":[{"href":"http:\/\/delamanodemaria.com\/index.php?rest_route=\/wp\/v2\/posts"}],"about":[{"href":"http:\/\/delamanodemaria.com\/index.php?rest_route=\/wp\/v2\/types\/post"}],"author":[{"embeddable":true,"href":"http:\/\/delamanodemaria.com\/index.php?rest_route=\/wp\/v2\/users\/1"}],"replies":[{"embeddable":true,"href":"http:\/\/delamanodemaria.com\/index.php?rest_route=%2Fwp%2Fv2%2Fcomments&post=996"}],"version-history":[{"count":5,"href":"http:\/\/delamanodemaria.com\/index.php?rest_route=\/wp\/v2\/posts\/996\/revisions"}],"predecessor-version":[{"id":1000,"href":"http:\/\/delamanodemaria.com\/index.php?rest_route=\/wp\/v2\/posts\/996\/revisions\/1000"}],"wp:attachment":[{"href":"http:\/\/delamanodemaria.com\/index.php?rest_route=%2Fwp%2Fv2%2Fmedia&parent=996"}],"wp:term":[{"taxonomy":"category","embeddable":true,"href":"http:\/\/delamanodemaria.com\/index.php?rest_route=%2Fwp%2Fv2%2Fcategories&post=996"},{"taxonomy":"post_tag","embeddable":true,"href":"http:\/\/delamanodemaria.com\/index.php?rest_route=%2Fwp%2Fv2%2Ftags&post=996"}],"curies":[{"name":"wp","href":"https:\/\/api.w.org\/{rel}","templated":true}]}}