{"id":9981,"date":"2018-05-21T17:38:14","date_gmt":"2018-05-21T21:38:14","guid":{"rendered":"http:\/\/delamanodemaria.com\/?p=9981"},"modified":"2018-05-21T17:38:14","modified_gmt":"2018-05-21T21:38:14","slug":"reflexion-para-el-martes-de-la-septima-semana-del-t-o-2-22-05-18","status":"publish","type":"post","link":"http:\/\/delamanodemaria.com\/?p=9981","title":{"rendered":"REFLEXI\u00d3N PARA EL MARTES DE LA S\u00c9PTIMA SEMANA DEL T.O. (2) 22-05-18"},"content":{"rendered":"<p><img decoding=\"async\" loading=\"lazy\" class=\"alignnone size-full wp-image-3748\" src=\"http:\/\/delamanodemaria.com\/wp-content\/uploads\/2014\/07\/Jesus-con-nino.jpg\" alt=\"\" width=\"576\" height=\"432\" srcset=\"http:\/\/delamanodemaria.com\/wp-content\/uploads\/2014\/07\/Jesus-con-nino.jpg 576w, http:\/\/delamanodemaria.com\/wp-content\/uploads\/2014\/07\/Jesus-con-nino-300x225.jpg 300w, http:\/\/delamanodemaria.com\/wp-content\/uploads\/2014\/07\/Jesus-con-nino-400x300.jpg 400w\" sizes=\"(max-width: 576px) 100vw, 576px\" \/><\/p>\n<p>La lectura evang\u00e9lica de hoy (Mc 9,30-37), nos presenta el segundo anuncio de la Pasi\u00f3n. Encontramos a Jes\u00fas haciendo un \u201caparte\u201d para instruir a sus ap\u00f3stoles, aquellos a quienes \u00c9l hab\u00eda escogido de entre sus disc\u00edpulos para que continuaran su obra una vez llegara el momento de regresar al Padre. Quer\u00eda que entendieran que \u00c9l no iba a estar con ellos durante mucho tiempo. Ya en una ocasi\u00f3n anterior se los hab\u00eda intimado, pero ellos no entendieron (Mc 2,18-22).<\/p>\n<p>Hoy se los dice m\u00e1s directamente: \u201cEl Hijo del hombre va a ser entregado en manos de los hombres, y lo matar\u00e1n; y, despu\u00e9s de muerto, a los tres d\u00edas resucitar\u00e1\u201d. Pero aun as\u00ed ellos no lo captaron, \u201cy les daba miedo preguntarle\u201d. Es la naturaleza humana. Ellos se sent\u00edan c\u00f3modos, seguros, en compa\u00f1\u00eda de su Maestro a quien Pedro hab\u00eda identificado como el Mes\u00edas esperado (<a href=\"http:\/\/delamanodemaria.com\/?p=8472\">Ver nuestra reflexi\u00f3n para el jueves de la sexta semana del T.O.<\/a>). No quer\u00edan ni tan siquiera contemplar la idea de que \u00c9l les abandonara. Prefer\u00edan hacer como los ni\u00f1os, que comienzan a tararear en voz alta cuando no quieren escuchar lo que se les dice.<\/p>\n<p>En cambio, los ap\u00f3stoles tornaron su atenci\u00f3n hacia ellos mismos y comenzaron a discutir entre s\u00ed sobre qui\u00e9n es el m\u00e1s importante entre ellos. Resulta claro que no comprender\u00e1n el mensaje de Jes\u00fas hasta despu\u00e9s de su Pascua. Al llegar a la casa Jes\u00fas les pregunt\u00f3 que de qu\u00e9 hablaban por el camino (por supuesto, \u00c9l lo sab\u00eda), pero ellos no contestaron. Entonces con su santa calma se sent\u00f3, los llam\u00f3 y les dijo: \u201cQuien quiera ser el primero, que sea el \u00faltimo de todos y el servidor de todos\u201d. Y para enfatizar su punto, acerc\u00f3 un ni\u00f1o, lo puso en medio de ellos, lo abraz\u00f3 y les dijo: \u201cEl que acoge a un ni\u00f1o como \u00e9ste en mi nombre me acoge a m\u00ed; y el que me acoge a m\u00ed no me acoge a m\u00ed, sino al que me ha enviado\u201d (Marcos es quien \u00fanico enfatiza ese gesto de ternura de Jes\u00fas abrazando al ni\u00f1o).<\/p>\n<p>Para entender el alcance de este gesto tenemos que entender lo que significaba un ni\u00f1o en tiempos de Jes\u00fas. En aquella \u00e9poca un ni\u00f1o era un ser insignificante, sin derechos, una posesi\u00f3n de su padre, menos valioso que un animal de carga o de trabajo. Por tanto, acoger a un ni\u00f1o equivale a hacerse menos que un ni\u00f1o, el m\u00e1s insignificante de todos. Aun as\u00ed, los ap\u00f3stoles no comprendieron las palabras de Jes\u00fas. M\u00e1s adelante, en la \u00faltima cena, Jes\u00fas acentuar\u00eda su ense\u00f1anza con el gesto de lavar los pies a los ap\u00f3stoles (Jn 13,1-15), tarea reservada en esa \u00e9poca a los esclavos o sirvientes y, en ausencia de estos, a los ni\u00f1os.<\/p>\n<p>Nadie dijo que el seguimiento de Jes\u00fas es f\u00e1cil. Implica renuncias, privaciones, humillaciones, burla, persecuciones. \u201cEl que quiera seguirme\u2026\u201d (Mt 16,24). El camino es arduo, pero la recompensa es segura: \u201cel Hijo del hombre vendr\u00e1 en la gloria de su Padre, rodeado de sus \u00e1ngeles, y entonces pagar\u00e1 a cada uno de acuerdo con sus obras\u201d (16,27). Y t\u00fa, \u00bfte animas a seguirlo?<\/p>\n<div style=\"padding-bottom:20px; padding-top:10px;\" class=\"hupso-share-buttons\"><!-- Hupso Share Buttons - https:\/\/www.hupso.com\/share\/ --><a class=\"hupso_toolbar\" href=\"https:\/\/www.hupso.com\/share\/\"><img src=\"http:\/\/static.hupso.com\/share\/buttons\/lang\/es\/share-medium.png\" style=\"border:0px; padding-top: 5px; float:left;\" alt=\"Share Button\"\/><\/a><script type=\"text\/javascript\">var hupso_services_t=new Array(\"Twitter\",\"Facebook\",\"Google Plus\",\"Pinterest\",\"Linkedin\",\"Email\",\"Print\");var hupso_background_t=\"#EAF4FF\";var hupso_border_t=\"#66CCFF\";var hupso_toolbar_size_t=\"medium\";var hupso_image_folder_url = \"\";var hupso_twitter_via=\"hectorops\";var hupso_url_t=\"\";var hupso_title_t=\"REFLEXI%C3%93N%20PARA%20EL%20MARTES%20DE%20LA%20S%C3%89PTIMA%20SEMANA%20DEL%20T.O.%20%282%29%2022-05-18\";<\/script><script type=\"text\/javascript\" src=\"http:\/\/static.hupso.com\/share\/js\/share_toolbar.js\"><\/script><!-- Hupso Share Buttons --><\/div>","protected":false},"excerpt":{"rendered":"<p>La lectura evang\u00e9lica de hoy (Mc 9,30-37), nos presenta el segundo anuncio de la Pasi\u00f3n. Encontramos a Jes\u00fas haciendo un \u201caparte\u201d para instruir a sus ap\u00f3stoles, aquellos a quienes \u00c9l hab\u00eda escogido de entre sus disc\u00edpulos para que continuaran su &hellip; <a href=\"http:\/\/delamanodemaria.com\/?p=9981\">Continue reading <span class=\"meta-nav\">&rarr;<\/span><\/a><\/p>\n<div style=\"padding-bottom:20px; padding-top:10px;\" class=\"hupso-share-buttons\"><!-- Hupso Share Buttons - https:\/\/www.hupso.com\/share\/ --><a class=\"hupso_toolbar\" href=\"https:\/\/www.hupso.com\/share\/\"><img src=\"http:\/\/static.hupso.com\/share\/buttons\/lang\/es\/share-medium.png\" style=\"border:0px; padding-top: 5px; float:left;\" alt=\"Share Button\"\/><\/a><script type=\"text\/javascript\">var hupso_services_t=new Array(\"Twitter\",\"Facebook\",\"Google Plus\",\"Pinterest\",\"Linkedin\",\"Email\",\"Print\");var hupso_background_t=\"#EAF4FF\";var hupso_border_t=\"#66CCFF\";var hupso_toolbar_size_t=\"medium\";var hupso_image_folder_url = \"\";var hupso_twitter_via=\"hectorops\";var hupso_url_t=\"\";var hupso_title_t=\"REFLEXI%C3%93N%20PARA%20EL%20MARTES%20DE%20LA%20S%C3%89PTIMA%20SEMANA%20DEL%20T.O.%20%282%29%2022-05-18\";<\/script><script type=\"text\/javascript\" src=\"http:\/\/static.hupso.com\/share\/js\/share_toolbar.js\"><\/script><!-- Hupso Share Buttons --><\/div>","protected":false},"author":1,"featured_media":0,"comment_status":"open","ping_status":"open","sticky":false,"template":"","format":"standard","meta":{"jetpack_post_was_ever_published":false,"_jetpack_newsletter_access":"","_jetpack_newsletter_tier_id":0,"jetpack_publicize_message":"","jetpack_is_tweetstorm":false,"jetpack_publicize_feature_enabled":true,"jetpack_social_post_already_shared":true,"jetpack_social_options":{"image_generator_settings":{"template":"highway","enabled":false}}},"categories":[1],"tags":[586,70,2339,2337,579,2338,115,605,2121,2,144,2336,1361,1376],"jetpack_publicize_connections":[],"jetpack_featured_media_url":"","jetpack_shortlink":"https:\/\/wp.me\/p3bBgS-2AZ","jetpack_sharing_enabled":true,"jetpack_likes_enabled":true,"_links":{"self":[{"href":"http:\/\/delamanodemaria.com\/index.php?rest_route=\/wp\/v2\/posts\/9981"}],"collection":[{"href":"http:\/\/delamanodemaria.com\/index.php?rest_route=\/wp\/v2\/posts"}],"about":[{"href":"http:\/\/delamanodemaria.com\/index.php?rest_route=\/wp\/v2\/types\/post"}],"author":[{"embeddable":true,"href":"http:\/\/delamanodemaria.com\/index.php?rest_route=\/wp\/v2\/users\/1"}],"replies":[{"embeddable":true,"href":"http:\/\/delamanodemaria.com\/index.php?rest_route=%2Fwp%2Fv2%2Fcomments&post=9981"}],"version-history":[{"count":3,"href":"http:\/\/delamanodemaria.com\/index.php?rest_route=\/wp\/v2\/posts\/9981\/revisions"}],"predecessor-version":[{"id":9984,"href":"http:\/\/delamanodemaria.com\/index.php?rest_route=\/wp\/v2\/posts\/9981\/revisions\/9984"}],"wp:attachment":[{"href":"http:\/\/delamanodemaria.com\/index.php?rest_route=%2Fwp%2Fv2%2Fmedia&parent=9981"}],"wp:term":[{"taxonomy":"category","embeddable":true,"href":"http:\/\/delamanodemaria.com\/index.php?rest_route=%2Fwp%2Fv2%2Fcategories&post=9981"},{"taxonomy":"post_tag","embeddable":true,"href":"http:\/\/delamanodemaria.com\/index.php?rest_route=%2Fwp%2Fv2%2Ftags&post=9981"}],"curies":[{"name":"wp","href":"https:\/\/api.w.org\/{rel}","templated":true}]}}